{"id":7193,"date":"2023-01-08T19:49:22","date_gmt":"2023-01-08T18:49:22","guid":{"rendered":"http:\/\/przedszkoletworkow.pl\/?p=7193"},"modified":"2023-04-06T19:55:03","modified_gmt":"2023-04-06T17:55:03","slug":"koncert-laureatow","status":"publish","type":"post","link":"http:\/\/przedszkoletworkow.pl\/?p=7193","title":{"rendered":"Koncert Laureat\u00f3w"},"content":{"rendered":"<p>8 stycznia w Ko\u015bciele pw. \u015aw. Piotra i Paw\u0142a w Tworkowie odby\u0142 si\u0119 Koncert Laureat\u00f3w 18 Gminnego Przegl\u0105du Kol\u0119d i Pastora\u0142ek &#8211; Weihnachten mit Weihnachtslieder<\/p>\n<p>Promyczki z naszego Przedszkola otrzyma\u0142y wyr\u00f3\u017cnienie&nbsp;<\/p>\n<p>Gratulujemy&nbsp;<\/p>\n<!-- default-view.php -->\n<div\n\tclass=\"ngg-galleryoverview default-view \"\n\tid=\"ngg-gallery-ebf21ea72522bdd1e250ca164767687f-1\">\n\n\t\t<!-- Thumbnails -->\n\t\t\t\t<div id=\"ngg-image-0\" class=\"ngg-gallery-thumbnail-box \" >\n\t\t\t\t        <div class=\"ngg-gallery-thumbnail\">\n            <a href=\"http:\/\/przedszkoletworkow.pl\/wp-content\/gallery\/wei\/337242688_231244356092074_5588321687634405173_n.jpg\"\n               title=\"\"\n               data-src=\"http:\/\/przedszkoletworkow.pl\/wp-content\/gallery\/wei\/337242688_231244356092074_5588321687634405173_n.jpg\"\n               data-thumbnail=\"http:\/\/przedszkoletworkow.pl\/wp-content\/gallery\/wei\/thumbs\/thumbs_337242688_231244356092074_5588321687634405173_n.jpg\"\n               data-image-id=\"3921\"\n               data-title=\"337242688_231244356092074_5588321687634405173_n\"\n               data-description=\"\"\n               data-image-slug=\"337242688_231244356092074_5588321687634405173_n\"\n               class=\"ngg-simplelightbox\" rel=\"ebf21ea72522bdd1e250ca164767687f\">\n                <img\n                    title=\"337242688_231244356092074_5588321687634405173_n\"\n                    alt=\"337242688_231244356092074_5588321687634405173_n\"\n                    src=\"http:\/\/przedszkoletworkow.pl\/wp-content\/gallery\/wei\/thumbs\/thumbs_337242688_231244356092074_5588321687634405173_n.jpg\"\n                    width=\"240\"\n                    height=\"160\"\n                    style=\"max-width:100%;\"\n                \/>\n            <\/a>\n        <\/div>\n\t\t\t\t\t\t\t<\/div> \n\t\t\t\n\t\t\t\t<div id=\"ngg-image-1\" class=\"ngg-gallery-thumbnail-box \" >\n\t\t\t\t        <div class=\"ngg-gallery-thumbnail\">\n            <a href=\"http:\/\/przedszkoletworkow.pl\/wp-content\/gallery\/wei\/337299940_8965362876870390_2773024910305075723_n.jpg\"\n               title=\"\"\n               data-src=\"http:\/\/przedszkoletworkow.pl\/wp-content\/gallery\/wei\/337299940_8965362876870390_2773024910305075723_n.jpg\"\n               data-thumbnail=\"http:\/\/przedszkoletworkow.pl\/wp-content\/gallery\/wei\/thumbs\/thumbs_337299940_8965362876870390_2773024910305075723_n.jpg\"\n               data-image-id=\"3922\"\n               data-title=\"337299940_8965362876870390_2773024910305075723_n\"\n               data-description=\"\"\n               data-image-slug=\"337299940_8965362876870390_2773024910305075723_n\"\n               class=\"ngg-simplelightbox\" rel=\"ebf21ea72522bdd1e250ca164767687f\">\n                <img\n                    title=\"337299940_8965362876870390_2773024910305075723_n\"\n                    alt=\"337299940_8965362876870390_2773024910305075723_n\"\n                    src=\"http:\/\/przedszkoletworkow.pl\/wp-content\/gallery\/wei\/thumbs\/thumbs_337299940_8965362876870390_2773024910305075723_n.jpg\"\n                    width=\"240\"\n                    height=\"160\"\n                    style=\"max-width:100%;\"\n                \/>\n            <\/a>\n        <\/div>\n\t\t\t\t\t\t\t<\/div> \n\t\t\t\n\t\t\t\t<div id=\"ngg-image-2\" class=\"ngg-gallery-thumbnail-box \" >\n\t\t\t\t        <div class=\"ngg-gallery-thumbnail\">\n            <a href=\"http:\/\/przedszkoletworkow.pl\/wp-content\/gallery\/wei\/337285209_567635085183451_754071613374402379_n.jpg\"\n               title=\"\"\n               data-src=\"http:\/\/przedszkoletworkow.pl\/wp-content\/gallery\/wei\/337285209_567635085183451_754071613374402379_n.jpg\"\n               data-thumbnail=\"http:\/\/przedszkoletworkow.pl\/wp-content\/gallery\/wei\/thumbs\/thumbs_337285209_567635085183451_754071613374402379_n.jpg\"\n               data-image-id=\"3923\"\n               data-title=\"337285209_567635085183451_754071613374402379_n\"\n               data-description=\"\"\n               data-image-slug=\"337285209_567635085183451_754071613374402379_n\"\n               class=\"ngg-simplelightbox\" rel=\"ebf21ea72522bdd1e250ca164767687f\">\n                <img\n                    title=\"337285209_567635085183451_754071613374402379_n\"\n                    alt=\"337285209_567635085183451_754071613374402379_n\"\n                    src=\"http:\/\/przedszkoletworkow.pl\/wp-content\/gallery\/wei\/thumbs\/thumbs_337285209_567635085183451_754071613374402379_n.jpg\"\n                    width=\"240\"\n                    height=\"160\"\n                    style=\"max-width:100%;\"\n                \/>\n            <\/a>\n        <\/div>\n\t\t\t\t\t\t\t<\/div> \n\t\t\t\n\t\n\t<br style=\"clear: both\" \/>\n\n\t\n\t\t<!-- Pagination -->\n\t<div class='ngg-clear'><\/div>\t<\/div>\n\n","protected":false},"excerpt":{"rendered":"<p>8 stycznia w Ko\u015bciele pw. \u015aw. Piotra i Paw\u0142a w Tworkowie odby\u0142 si\u0119 Koncert Laureat\u00f3w 18 Gminnego Przegl\u0105du Kol\u0119d i Pastora\u0142ek &#8211; Weihnachten mit Weihnachtslieder Promyczki z naszego Przedszkola otrzyma\u0142y wyr\u00f3\u017cnienie&nbsp; Gratulujemy&nbsp;<\/p>\n","protected":false},"author":2,"featured_media":7198,"comment_status":"open","ping_status":"open","sticky":false,"template":"","format":"standard","meta":{"ngg_post_thumbnail":0,"footnotes":""},"categories":[1],"tags":[],"class_list":["post-7193","post","type-post","status-publish","format-standard","has-post-thumbnail","hentry","category-bez-kategorii"],"_links":{"self":[{"href":"http:\/\/przedszkoletworkow.pl\/index.php?rest_route=\/wp\/v2\/posts\/7193","targetHints":{"allow":["GET"]}}],"collection":[{"href":"http:\/\/przedszkoletworkow.pl\/index.php?rest_route=\/wp\/v2\/posts"}],"about":[{"href":"http:\/\/przedszkoletworkow.pl\/index.php?rest_route=\/wp\/v2\/types\/post"}],"author":[{"embeddable":true,"href":"http:\/\/przedszkoletworkow.pl\/index.php?rest_route=\/wp\/v2\/users\/2"}],"replies":[{"embeddable":true,"href":"http:\/\/przedszkoletworkow.pl\/index.php?rest_route=%2Fwp%2Fv2%2Fcomments&post=7193"}],"version-history":[{"count":3,"href":"http:\/\/przedszkoletworkow.pl\/index.php?rest_route=\/wp\/v2\/posts\/7193\/revisions"}],"predecessor-version":[{"id":7201,"href":"http:\/\/przedszkoletworkow.pl\/index.php?rest_route=\/wp\/v2\/posts\/7193\/revisions\/7201"}],"wp:featuredmedia":[{"embeddable":true,"href":"http:\/\/przedszkoletworkow.pl\/index.php?rest_route=\/wp\/v2\/media\/7198"}],"wp:attachment":[{"href":"http:\/\/przedszkoletworkow.pl\/index.php?rest_route=%2Fwp%2Fv2%2Fmedia&parent=7193"}],"wp:term":[{"taxonomy":"category","embeddable":true,"href":"http:\/\/przedszkoletworkow.pl\/index.php?rest_route=%2Fwp%2Fv2%2Fcategories&post=7193"},{"taxonomy":"post_tag","embeddable":true,"href":"http:\/\/przedszkoletworkow.pl\/index.php?rest_route=%2Fwp%2Fv2%2Ftags&post=7193"}],"curies":[{"name":"wp","href":"https:\/\/api.w.org\/{rel}","templated":true}]}}