{"id":7122,"date":"2023-02-07T18:36:45","date_gmt":"2023-02-07T17:36:45","guid":{"rendered":"http:\/\/przedszkoletworkow.pl\/?p=7122"},"modified":"2023-04-06T18:39:07","modified_gmt":"2023-04-06T16:39:07","slug":"plebiscyt-dziennika-zachodniego","status":"publish","type":"post","link":"http:\/\/przedszkoletworkow.pl\/?p=7122","title":{"rendered":"Plebiscyt Dziennika Zachodniego"},"content":{"rendered":"<p>Przedszkole w Tworkowie wzi\u0119\u0142o udzia\u0142 w plebiscycie edukacyjnym Dziennika Zachodniego za rok 2022 odnosz\u0105c podw\u00f3jny sukces. Uroczyste wr\u0119czenie nagr\u00f3d odby\u0142o si\u0119 w pi\u0105tek, 3 lutego w Muzeum &#8222;G\u00f3rno\u015bl\u0105skiego Parku Etnograficznego w Chorzowie\u201d. Plac\u00f3wka przedszkolna w Tworkowie zaj\u0119\u0142a 1 miejsce w powiecie raciborskim w kategorii Przedszkole Roku. Opr\u00f3cz dyplomu przedszkole otrzyma\u0142o voucher na kampani\u0119 reklamow\u0105 plac\u00f3wki na \u0142amach Dziennika Zachodniego o warto\u015bci 3000 z\u0142. Nagroda zosta\u0142a odebrana przez Pani\u0105 dyrektor plac\u00f3wki Barbar\u0119 Adamczyk.<\/p>\n<p>Barbara Mokrosz, wieloletnia nauczycielka z przedszkola w Tworkowie, kt\u00f3ra zosta\u0142a zg\u0142oszona w plebiscycie przez Pani\u0105 dyrektor, zaj\u0119\u0142a 1 miejsce w powiecie raciborskim w kategorii nauczyciel przedszkola. Barbara Mokrosz pracuje w przedszkolu w Tworkowie od 40 lat, gdzie jest nauczycielem dyplomowanym. Od wielu lat pracuje z dzie\u0107mi 6 letnimi i wa\u017cne dla niej jest przygotowanie ich do podj\u0119cia nauki w szkole. Wszelkie zaj\u0119cia i zabawy dostosowuje do potrzeb i mo\u017cliwo\u015bci rozwojowych dzieci. Przygotowuje dzieci do licznych konkurs\u00f3w muzycznych, tanecznych, teatralnych, recytatorskich. Dzieci uczestnicz\u0105 m.in. w Gminnym Przegl\u0105dzie Przedstawie\u0144 Bo\u017conarodzeniowych, Gminnym Przegl\u0105dzie Kol\u0119d i Pastora\u0142ek, Mi\u0119dzynarodowym Przegl\u0105dzie Teatrzyk\u00f3w Teatralnych, Konkursach Gwary \u015al\u0105skiej, Festiwalu M\u0142odych Talent\u00f3w. W wielu z nich dzieci zdoby\u0142y liczne wyr\u00f3\u017cnienia i nagrody na szczeblu gminnym, powiatowym i wojew\u00f3dzkim. Za swoj\u0105 codzienn\u0105 prac\u0119, zaanga\u017cowanie i osi\u0105gni\u0119cia by\u0142a wielokrotnie nagradzana Nagrod\u0105 Dyrektora Przedszkola, a w 2007 r. otrzyma\u0142am Medal Komisji Edukacji Narodowej. Podw\u00f3jnego sukcesu pogratulowa\u0142 w\u00f3jt Grzegorz Utracki, podczas spotkania na kt\u00f3re zaprosi\u0142 obie Panie aby podzi\u0119kowa\u0107 za dzia\u0142alno\u015b\u0107 i prac\u0119 dla naszych najmniejszych mieszka\u0144c\u00f3w.<\/p>\n","protected":false},"excerpt":{"rendered":"<p>Przedszkole w Tworkowie wzi\u0119\u0142o udzia\u0142 w plebiscycie edukacyjnym Dziennika Zachodniego za rok 2022 odnosz\u0105c podw\u00f3jny sukces. Uroczyste wr\u0119czenie nagr\u00f3d odby\u0142o si\u0119 w pi\u0105tek, 3 lutego w Muzeum &#8222;G\u00f3rno\u015bl\u0105skiego Parku Etnograficznego w Chorzowie\u201d. Plac\u00f3wka przedszkolna w Tworkowie zaj\u0119\u0142a 1 miejsce w powiecie raciborskim w kategorii Przedszkole Roku. Opr\u00f3cz dyplomu przedszkole otrzyma\u0142o [&hellip;]<\/p>\n","protected":false},"author":2,"featured_media":7139,"comment_status":"open","ping_status":"open","sticky":false,"template":"","format":"standard","meta":{"ngg_post_thumbnail":0,"footnotes":""},"categories":[1],"tags":[],"class_list":["post-7122","post","type-post","status-publish","format-standard","has-post-thumbnail","hentry","category-bez-kategorii"],"_links":{"self":[{"href":"http:\/\/przedszkoletworkow.pl\/index.php?rest_route=\/wp\/v2\/posts\/7122","targetHints":{"allow":["GET"]}}],"collection":[{"href":"http:\/\/przedszkoletworkow.pl\/index.php?rest_route=\/wp\/v2\/posts"}],"about":[{"href":"http:\/\/przedszkoletworkow.pl\/index.php?rest_route=\/wp\/v2\/types\/post"}],"author":[{"embeddable":true,"href":"http:\/\/przedszkoletworkow.pl\/index.php?rest_route=\/wp\/v2\/users\/2"}],"replies":[{"embeddable":true,"href":"http:\/\/przedszkoletworkow.pl\/index.php?rest_route=%2Fwp%2Fv2%2Fcomments&post=7122"}],"version-history":[{"count":1,"href":"http:\/\/przedszkoletworkow.pl\/index.php?rest_route=\/wp\/v2\/posts\/7122\/revisions"}],"predecessor-version":[{"id":7140,"href":"http:\/\/przedszkoletworkow.pl\/index.php?rest_route=\/wp\/v2\/posts\/7122\/revisions\/7140"}],"wp:featuredmedia":[{"embeddable":true,"href":"http:\/\/przedszkoletworkow.pl\/index.php?rest_route=\/wp\/v2\/media\/7139"}],"wp:attachment":[{"href":"http:\/\/przedszkoletworkow.pl\/index.php?rest_route=%2Fwp%2Fv2%2Fmedia&parent=7122"}],"wp:term":[{"taxonomy":"category","embeddable":true,"href":"http:\/\/przedszkoletworkow.pl\/index.php?rest_route=%2Fwp%2Fv2%2Fcategories&post=7122"},{"taxonomy":"post_tag","embeddable":true,"href":"http:\/\/przedszkoletworkow.pl\/index.php?rest_route=%2Fwp%2Fv2%2Ftags&post=7122"}],"curies":[{"name":"wp","href":"https:\/\/api.w.org\/{rel}","templated":true}]}}