{"id":6160,"date":"2022-12-20T15:31:18","date_gmt":"2022-12-20T14:31:18","guid":{"rendered":"http:\/\/przedszkoletworkow.pl\/?p=6160"},"modified":"2023-12-12T09:47:09","modified_gmt":"2023-12-12T08:47:09","slug":"jaselka","status":"publish","type":"post","link":"http:\/\/przedszkoletworkow.pl\/?p=6160","title":{"rendered":"Jase\u0142ka"},"content":{"rendered":"<p><span style=\"vertical-align: inherit;\"><span style=\"vertical-align: inherit;\">15 i 16 grudnia odby\u0142y si\u0119 Jase\u0142ka poszczeg\u00f3lnych grup.<\/span><\/span><\/p>\n<p><span style=\"vertical-align: inherit;\"><span style=\"vertical-align: inherit;\">W czwartek&nbsp; dzieci z grup Skrzaty i Odkrywcy, a w pi\u0105tek Nutki oraz Promyczki.<\/span><\/span><\/p>\n<p>&nbsp;<\/p>\n<p>&nbsp;<\/p>\n<!-- default-view.php -->\n<div\n\tclass=\"ngg-galleryoverview default-view \"\n\tid=\"ngg-gallery-406f754dba4e3a11e3fdced85101b0fe-1\">\n\n\t\t<!-- Thumbnails -->\n\t\t\t\t<div id=\"ngg-image-0\" class=\"ngg-gallery-thumbnail-box \" >\n\t\t\t\t        <div class=\"ngg-gallery-thumbnail\">\n            <a href=\"http:\/\/przedszkoletworkow.pl\/wp-content\/gallery\/jaselka\/IMG-20221215-WA0008.jpg\"\n               title=\"\"\n               data-src=\"http:\/\/przedszkoletworkow.pl\/wp-content\/gallery\/jaselka\/IMG-20221215-WA0008.jpg\"\n               data-thumbnail=\"http:\/\/przedszkoletworkow.pl\/wp-content\/gallery\/jaselka\/thumbs\/thumbs_IMG-20221215-WA0008.jpg\"\n               data-image-id=\"3256\"\n               data-title=\"IMG-20221215-WA0008\"\n               data-description=\"\"\n               data-image-slug=\"img-20221215-wa0008\"\n               class=\"ngg-simplelightbox\" rel=\"406f754dba4e3a11e3fdced85101b0fe\">\n                <img\n                    title=\"IMG-20221215-WA0008\"\n                    alt=\"IMG-20221215-WA0008\"\n                    src=\"http:\/\/przedszkoletworkow.pl\/wp-content\/gallery\/jaselka\/thumbs\/thumbs_IMG-20221215-WA0008.jpg\"\n                    width=\"240\"\n                    height=\"160\"\n                    style=\"max-width:100%;\"\n                \/>\n            <\/a>\n        <\/div>\n\t\t\t\t\t\t\t<\/div> \n\t\t\t\n\t\t\t\t<div id=\"ngg-image-1\" class=\"ngg-gallery-thumbnail-box \" >\n\t\t\t\t        <div class=\"ngg-gallery-thumbnail\">\n            <a href=\"http:\/\/przedszkoletworkow.pl\/wp-content\/gallery\/jaselka\/IMG-20221215-WA0017.jpg\"\n               title=\"\"\n               data-src=\"http:\/\/przedszkoletworkow.pl\/wp-content\/gallery\/jaselka\/IMG-20221215-WA0017.jpg\"\n               data-thumbnail=\"http:\/\/przedszkoletworkow.pl\/wp-content\/gallery\/jaselka\/thumbs\/thumbs_IMG-20221215-WA0017.jpg\"\n               data-image-id=\"3257\"\n               data-title=\"IMG-20221215-WA0017\"\n               data-description=\"\"\n               data-image-slug=\"img-20221215-wa0017\"\n               class=\"ngg-simplelightbox\" rel=\"406f754dba4e3a11e3fdced85101b0fe\">\n                <img\n                    title=\"IMG-20221215-WA0017\"\n                    alt=\"IMG-20221215-WA0017\"\n                    src=\"http:\/\/przedszkoletworkow.pl\/wp-content\/gallery\/jaselka\/thumbs\/thumbs_IMG-20221215-WA0017.jpg\"\n                    width=\"240\"\n                    height=\"160\"\n                    style=\"max-width:100%;\"\n                \/>\n            <\/a>\n        <\/div>\n\t\t\t\t\t\t\t<\/div> \n\t\t\t\n\t\t\t\t<div id=\"ngg-image-2\" class=\"ngg-gallery-thumbnail-box \" >\n\t\t\t\t        <div class=\"ngg-gallery-thumbnail\">\n            <a href=\"http:\/\/przedszkoletworkow.pl\/wp-content\/gallery\/jaselka\/IMG-20221215-WA0016.jpg\"\n               title=\"\"\n               data-src=\"http:\/\/przedszkoletworkow.pl\/wp-content\/gallery\/jaselka\/IMG-20221215-WA0016.jpg\"\n               data-thumbnail=\"http:\/\/przedszkoletworkow.pl\/wp-content\/gallery\/jaselka\/thumbs\/thumbs_IMG-20221215-WA0016.jpg\"\n               data-image-id=\"3258\"\n               data-title=\"IMG-20221215-WA0016\"\n               data-description=\"\"\n               data-image-slug=\"img-20221215-wa0016\"\n               class=\"ngg-simplelightbox\" rel=\"406f754dba4e3a11e3fdced85101b0fe\">\n                <img\n                    title=\"IMG-20221215-WA0016\"\n                    alt=\"IMG-20221215-WA0016\"\n                    src=\"http:\/\/przedszkoletworkow.pl\/wp-content\/gallery\/jaselka\/thumbs\/thumbs_IMG-20221215-WA0016.jpg\"\n                    width=\"240\"\n                    height=\"160\"\n                    style=\"max-width:100%;\"\n                \/>\n            <\/a>\n        <\/div>\n\t\t\t\t\t\t\t<\/div> \n\t\t\t\n\t\t\t\t<div id=\"ngg-image-3\" class=\"ngg-gallery-thumbnail-box \" >\n\t\t\t\t        <div class=\"ngg-gallery-thumbnail\">\n            <a href=\"http:\/\/przedszkoletworkow.pl\/wp-content\/gallery\/jaselka\/IMG-20221216-WA0031.jpg\"\n               title=\"\"\n               data-src=\"http:\/\/przedszkoletworkow.pl\/wp-content\/gallery\/jaselka\/IMG-20221216-WA0031.jpg\"\n               data-thumbnail=\"http:\/\/przedszkoletworkow.pl\/wp-content\/gallery\/jaselka\/thumbs\/thumbs_IMG-20221216-WA0031.jpg\"\n               data-image-id=\"3259\"\n               data-title=\"IMG-20221216-WA0031\"\n               data-description=\"\"\n               data-image-slug=\"img-20221216-wa0031\"\n               class=\"ngg-simplelightbox\" rel=\"406f754dba4e3a11e3fdced85101b0fe\">\n                <img\n                    title=\"IMG-20221216-WA0031\"\n                    alt=\"IMG-20221216-WA0031\"\n                    src=\"http:\/\/przedszkoletworkow.pl\/wp-content\/gallery\/jaselka\/thumbs\/thumbs_IMG-20221216-WA0031.jpg\"\n                    width=\"240\"\n                    height=\"160\"\n                    style=\"max-width:100%;\"\n                \/>\n            <\/a>\n        <\/div>\n\t\t\t\t\t\t\t<\/div> \n\t\t\t\n\t\t\t\t<div id=\"ngg-image-4\" class=\"ngg-gallery-thumbnail-box \" >\n\t\t\t\t        <div class=\"ngg-gallery-thumbnail\">\n            <a href=\"http:\/\/przedszkoletworkow.pl\/wp-content\/gallery\/jaselka\/IMG-20221216-WA0029.jpg\"\n               title=\"\"\n               data-src=\"http:\/\/przedszkoletworkow.pl\/wp-content\/gallery\/jaselka\/IMG-20221216-WA0029.jpg\"\n               data-thumbnail=\"http:\/\/przedszkoletworkow.pl\/wp-content\/gallery\/jaselka\/thumbs\/thumbs_IMG-20221216-WA0029.jpg\"\n               data-image-id=\"3260\"\n               data-title=\"IMG-20221216-WA0029\"\n               data-description=\"\"\n               data-image-slug=\"img-20221216-wa0029\"\n               class=\"ngg-simplelightbox\" rel=\"406f754dba4e3a11e3fdced85101b0fe\">\n                <img\n                    title=\"IMG-20221216-WA0029\"\n                    alt=\"IMG-20221216-WA0029\"\n                    src=\"http:\/\/przedszkoletworkow.pl\/wp-content\/gallery\/jaselka\/thumbs\/thumbs_IMG-20221216-WA0029.jpg\"\n                    width=\"240\"\n                    height=\"160\"\n                    style=\"max-width:100%;\"\n                \/>\n            <\/a>\n        <\/div>\n\t\t\t\t\t\t\t<\/div> \n\t\t\t\n\t\t\t\t<div id=\"ngg-image-5\" class=\"ngg-gallery-thumbnail-box \" >\n\t\t\t\t        <div class=\"ngg-gallery-thumbnail\">\n            <a href=\"http:\/\/przedszkoletworkow.pl\/wp-content\/gallery\/jaselka\/IMG-20221216-WA0030.jpg\"\n               title=\"\"\n               data-src=\"http:\/\/przedszkoletworkow.pl\/wp-content\/gallery\/jaselka\/IMG-20221216-WA0030.jpg\"\n               data-thumbnail=\"http:\/\/przedszkoletworkow.pl\/wp-content\/gallery\/jaselka\/thumbs\/thumbs_IMG-20221216-WA0030.jpg\"\n               data-image-id=\"3261\"\n               data-title=\"IMG-20221216-WA0030\"\n               data-description=\"\"\n               data-image-slug=\"img-20221216-wa0030\"\n               class=\"ngg-simplelightbox\" rel=\"406f754dba4e3a11e3fdced85101b0fe\">\n                <img\n                    title=\"IMG-20221216-WA0030\"\n                    alt=\"IMG-20221216-WA0030\"\n                    src=\"http:\/\/przedszkoletworkow.pl\/wp-content\/gallery\/jaselka\/thumbs\/thumbs_IMG-20221216-WA0030.jpg\"\n                    width=\"240\"\n                    height=\"160\"\n                    style=\"max-width:100%;\"\n                \/>\n            <\/a>\n        <\/div>\n\t\t\t\t\t\t\t<\/div> \n\t\t\t\n\t\t\t\t<div id=\"ngg-image-6\" class=\"ngg-gallery-thumbnail-box \" >\n\t\t\t\t        <div class=\"ngg-gallery-thumbnail\">\n            <a href=\"http:\/\/przedszkoletworkow.pl\/wp-content\/gallery\/jaselka\/IMG-20221216-WA0034.jpg\"\n               title=\"\"\n               data-src=\"http:\/\/przedszkoletworkow.pl\/wp-content\/gallery\/jaselka\/IMG-20221216-WA0034.jpg\"\n               data-thumbnail=\"http:\/\/przedszkoletworkow.pl\/wp-content\/gallery\/jaselka\/thumbs\/thumbs_IMG-20221216-WA0034.jpg\"\n               data-image-id=\"3262\"\n               data-title=\"IMG-20221216-WA0034\"\n               data-description=\"\"\n               data-image-slug=\"img-20221216-wa0034\"\n               class=\"ngg-simplelightbox\" rel=\"406f754dba4e3a11e3fdced85101b0fe\">\n                <img\n                    title=\"IMG-20221216-WA0034\"\n                    alt=\"IMG-20221216-WA0034\"\n                    src=\"http:\/\/przedszkoletworkow.pl\/wp-content\/gallery\/jaselka\/thumbs\/thumbs_IMG-20221216-WA0034.jpg\"\n                    width=\"240\"\n                    height=\"160\"\n                    style=\"max-width:100%;\"\n                \/>\n            <\/a>\n        <\/div>\n\t\t\t\t\t\t\t<\/div> \n\t\t\t\n\t\t\t\t<div id=\"ngg-image-7\" class=\"ngg-gallery-thumbnail-box \" >\n\t\t\t\t        <div class=\"ngg-gallery-thumbnail\">\n            <a href=\"http:\/\/przedszkoletworkow.pl\/wp-content\/gallery\/jaselka\/IMG-20221216-WA0035.jpg\"\n               title=\"\"\n               data-src=\"http:\/\/przedszkoletworkow.pl\/wp-content\/gallery\/jaselka\/IMG-20221216-WA0035.jpg\"\n               data-thumbnail=\"http:\/\/przedszkoletworkow.pl\/wp-content\/gallery\/jaselka\/thumbs\/thumbs_IMG-20221216-WA0035.jpg\"\n               data-image-id=\"3263\"\n               data-title=\"IMG-20221216-WA0035\"\n               data-description=\"\"\n               data-image-slug=\"img-20221216-wa0035\"\n               class=\"ngg-simplelightbox\" rel=\"406f754dba4e3a11e3fdced85101b0fe\">\n                <img\n                    title=\"IMG-20221216-WA0035\"\n                    alt=\"IMG-20221216-WA0035\"\n                    src=\"http:\/\/przedszkoletworkow.pl\/wp-content\/gallery\/jaselka\/thumbs\/thumbs_IMG-20221216-WA0035.jpg\"\n                    width=\"240\"\n                    height=\"160\"\n                    style=\"max-width:100%;\"\n                \/>\n            <\/a>\n        <\/div>\n\t\t\t\t\t\t\t<\/div> \n\t\t\t\n\t\t\t\t<div id=\"ngg-image-8\" class=\"ngg-gallery-thumbnail-box \" >\n\t\t\t\t        <div class=\"ngg-gallery-thumbnail\">\n            <a href=\"http:\/\/przedszkoletworkow.pl\/wp-content\/gallery\/jaselka\/20221215_171110.jpg\"\n               title=\"\"\n               data-src=\"http:\/\/przedszkoletworkow.pl\/wp-content\/gallery\/jaselka\/20221215_171110.jpg\"\n               data-thumbnail=\"http:\/\/przedszkoletworkow.pl\/wp-content\/gallery\/jaselka\/thumbs\/thumbs_20221215_171110.jpg\"\n               data-image-id=\"3264\"\n               data-title=\"20221215_171110\"\n               data-description=\"\"\n               data-image-slug=\"20221215_171110\"\n               class=\"ngg-simplelightbox\" rel=\"406f754dba4e3a11e3fdced85101b0fe\">\n                <img\n                    title=\"20221215_171110\"\n                    alt=\"20221215_171110\"\n                    src=\"http:\/\/przedszkoletworkow.pl\/wp-content\/gallery\/jaselka\/thumbs\/thumbs_20221215_171110.jpg\"\n                    width=\"240\"\n                    height=\"160\"\n                    style=\"max-width:100%;\"\n                \/>\n            <\/a>\n        <\/div>\n\t\t\t\t\t\t\t<\/div> \n\t\t\t\n\t\t\t\t<div id=\"ngg-image-9\" class=\"ngg-gallery-thumbnail-box \" >\n\t\t\t\t        <div class=\"ngg-gallery-thumbnail\">\n            <a href=\"http:\/\/przedszkoletworkow.pl\/wp-content\/gallery\/jaselka\/20221215_171119.jpg\"\n               title=\"\"\n               data-src=\"http:\/\/przedszkoletworkow.pl\/wp-content\/gallery\/jaselka\/20221215_171119.jpg\"\n               data-thumbnail=\"http:\/\/przedszkoletworkow.pl\/wp-content\/gallery\/jaselka\/thumbs\/thumbs_20221215_171119.jpg\"\n               data-image-id=\"3265\"\n               data-title=\"20221215_171119\"\n               data-description=\"\"\n               data-image-slug=\"20221215_171119\"\n               class=\"ngg-simplelightbox\" rel=\"406f754dba4e3a11e3fdced85101b0fe\">\n                <img\n                    title=\"20221215_171119\"\n                    alt=\"20221215_171119\"\n                    src=\"http:\/\/przedszkoletworkow.pl\/wp-content\/gallery\/jaselka\/thumbs\/thumbs_20221215_171119.jpg\"\n                    width=\"240\"\n                    height=\"160\"\n                    style=\"max-width:100%;\"\n                \/>\n            <\/a>\n        <\/div>\n\t\t\t\t\t\t\t<\/div> \n\t\t\t\n\t\t\t\t<div id=\"ngg-image-10\" class=\"ngg-gallery-thumbnail-box \" >\n\t\t\t\t        <div class=\"ngg-gallery-thumbnail\">\n            <a href=\"http:\/\/przedszkoletworkow.pl\/wp-content\/gallery\/jaselka\/20221215_171156.jpg\"\n               title=\"\"\n               data-src=\"http:\/\/przedszkoletworkow.pl\/wp-content\/gallery\/jaselka\/20221215_171156.jpg\"\n               data-thumbnail=\"http:\/\/przedszkoletworkow.pl\/wp-content\/gallery\/jaselka\/thumbs\/thumbs_20221215_171156.jpg\"\n               data-image-id=\"3266\"\n               data-title=\"20221215_171156\"\n               data-description=\"\"\n               data-image-slug=\"20221215_171156\"\n               class=\"ngg-simplelightbox\" rel=\"406f754dba4e3a11e3fdced85101b0fe\">\n                <img\n                    title=\"20221215_171156\"\n                    alt=\"20221215_171156\"\n                    src=\"http:\/\/przedszkoletworkow.pl\/wp-content\/gallery\/jaselka\/thumbs\/thumbs_20221215_171156.jpg\"\n                    width=\"240\"\n                    height=\"160\"\n                    style=\"max-width:100%;\"\n                \/>\n            <\/a>\n        <\/div>\n\t\t\t\t\t\t\t<\/div> \n\t\t\t\n\t\n\t<br style=\"clear: both\" \/>\n\n\t\n\t\t<!-- Pagination -->\n\t<div class='ngg-clear'><\/div>\t<\/div>\n\n","protected":false},"excerpt":{"rendered":"<p>15 i 16 grudnia odby\u0142y si\u0119 Jase\u0142ka poszczeg\u00f3lnych grup. W czwartek&nbsp; dzieci z grup Skrzaty i Odkrywcy, a w pi\u0105tek Nutki oraz Promyczki. &nbsp; &nbsp;<\/p>\n","protected":false},"author":2,"featured_media":6820,"comment_status":"open","ping_status":"open","sticky":false,"template":"","format":"standard","meta":{"ngg_post_thumbnail":0,"footnotes":""},"categories":[1],"tags":[],"class_list":["post-6160","post","type-post","status-publish","format-standard","has-post-thumbnail","hentry","category-bez-kategorii"],"_links":{"self":[{"href":"http:\/\/przedszkoletworkow.pl\/index.php?rest_route=\/wp\/v2\/posts\/6160","targetHints":{"allow":["GET"]}}],"collection":[{"href":"http:\/\/przedszkoletworkow.pl\/index.php?rest_route=\/wp\/v2\/posts"}],"about":[{"href":"http:\/\/przedszkoletworkow.pl\/index.php?rest_route=\/wp\/v2\/types\/post"}],"author":[{"embeddable":true,"href":"http:\/\/przedszkoletworkow.pl\/index.php?rest_route=\/wp\/v2\/users\/2"}],"replies":[{"embeddable":true,"href":"http:\/\/przedszkoletworkow.pl\/index.php?rest_route=%2Fwp%2Fv2%2Fcomments&post=6160"}],"version-history":[{"count":3,"href":"http:\/\/przedszkoletworkow.pl\/index.php?rest_route=\/wp\/v2\/posts\/6160\/revisions"}],"predecessor-version":[{"id":8907,"href":"http:\/\/przedszkoletworkow.pl\/index.php?rest_route=\/wp\/v2\/posts\/6160\/revisions\/8907"}],"wp:featuredmedia":[{"embeddable":true,"href":"http:\/\/przedszkoletworkow.pl\/index.php?rest_route=\/wp\/v2\/media\/6820"}],"wp:attachment":[{"href":"http:\/\/przedszkoletworkow.pl\/index.php?rest_route=%2Fwp%2Fv2%2Fmedia&parent=6160"}],"wp:term":[{"taxonomy":"category","embeddable":true,"href":"http:\/\/przedszkoletworkow.pl\/index.php?rest_route=%2Fwp%2Fv2%2Fcategories&post=6160"},{"taxonomy":"post_tag","embeddable":true,"href":"http:\/\/przedszkoletworkow.pl\/index.php?rest_route=%2Fwp%2Fv2%2Ftags&post=6160"}],"curies":[{"name":"wp","href":"https:\/\/api.w.org\/{rel}","templated":true}]}}