{"id":6121,"date":"2022-12-08T14:44:28","date_gmt":"2022-12-08T13:44:28","guid":{"rendered":"http:\/\/przedszkoletworkow.pl\/?p=6121"},"modified":"2023-04-06T17:10:00","modified_gmt":"2023-04-06T15:10:00","slug":"szlachetna-paczka-2","status":"publish","type":"post","link":"http:\/\/przedszkoletworkow.pl\/?p=6121","title":{"rendered":"Szlachetna Paczka"},"content":{"rendered":"<p>Ka\u017cdy dobry uczynek powraca do nas z czasem&#8230;<\/p>\n<p>Nasze przedszkole po raz kolejny wzi\u0119\u0142o udzia\u0142 w Akcji Szlachetna Paczka .<\/p>\n<p>Serdecznie dzi\u0119kujemy za udzia\u0142 w akcji oraz za z\u0142o\u017cone dary wszystkim rodzicom i pracownikom przedszkola .<\/p>\n<p>Dzi\u0119kujemy:)<\/p>\n<!-- default-view.php -->\n<div\n\tclass=\"ngg-galleryoverview default-view \"\n\tid=\"ngg-gallery-3f10feee819124bcc794fa4705d67f85-1\">\n\n\t\t<!-- Thumbnails -->\n\t\t\t\t<div id=\"ngg-image-0\" class=\"ngg-gallery-thumbnail-box \" >\n\t\t\t\t        <div class=\"ngg-gallery-thumbnail\">\n            <a href=\"http:\/\/przedszkoletworkow.pl\/wp-content\/gallery\/paczka\/IMG-20221208-WA0001.jpg\"\n               title=\"\"\n               data-src=\"http:\/\/przedszkoletworkow.pl\/wp-content\/gallery\/paczka\/IMG-20221208-WA0001.jpg\"\n               data-thumbnail=\"http:\/\/przedszkoletworkow.pl\/wp-content\/gallery\/paczka\/thumbs\/thumbs_IMG-20221208-WA0001.jpg\"\n               data-image-id=\"3241\"\n               data-title=\"IMG-20221208-WA0001\"\n               data-description=\"\"\n               data-image-slug=\"img-20221208-wa0001\"\n               class=\"ngg-simplelightbox\" rel=\"3f10feee819124bcc794fa4705d67f85\">\n                <img\n                    title=\"IMG-20221208-WA0001\"\n                    alt=\"IMG-20221208-WA0001\"\n                    src=\"http:\/\/przedszkoletworkow.pl\/wp-content\/gallery\/paczka\/thumbs\/thumbs_IMG-20221208-WA0001.jpg\"\n                    width=\"240\"\n                    height=\"160\"\n                    style=\"max-width:100%;\"\n                \/>\n            <\/a>\n        <\/div>\n\t\t\t\t\t\t\t<\/div> \n\t\t\t\n\t\n\t<br style=\"clear: both\" \/>\n\n\t\n\t\t<!-- Pagination -->\n\t<div class='ngg-clear'><\/div>\t<\/div>\n\n","protected":false},"excerpt":{"rendered":"<p>Ka\u017cdy dobry uczynek powraca do nas z czasem&#8230; Nasze przedszkole po raz kolejny wzi\u0119\u0142o udzia\u0142 w Akcji Szlachetna Paczka . Serdecznie dzi\u0119kujemy za udzia\u0142 w akcji oraz za z\u0142o\u017cone dary wszystkim rodzicom i pracownikom przedszkola . Dzi\u0119kujemy:)<\/p>\n","protected":false},"author":2,"featured_media":6956,"comment_status":"open","ping_status":"open","sticky":false,"template":"","format":"standard","meta":{"ngg_post_thumbnail":0,"footnotes":""},"categories":[1],"tags":[],"class_list":["post-6121","post","type-post","status-publish","format-standard","has-post-thumbnail","hentry","category-bez-kategorii"],"_links":{"self":[{"href":"http:\/\/przedszkoletworkow.pl\/index.php?rest_route=\/wp\/v2\/posts\/6121","targetHints":{"allow":["GET"]}}],"collection":[{"href":"http:\/\/przedszkoletworkow.pl\/index.php?rest_route=\/wp\/v2\/posts"}],"about":[{"href":"http:\/\/przedszkoletworkow.pl\/index.php?rest_route=\/wp\/v2\/types\/post"}],"author":[{"embeddable":true,"href":"http:\/\/przedszkoletworkow.pl\/index.php?rest_route=\/wp\/v2\/users\/2"}],"replies":[{"embeddable":true,"href":"http:\/\/przedszkoletworkow.pl\/index.php?rest_route=%2Fwp%2Fv2%2Fcomments&post=6121"}],"version-history":[{"count":1,"href":"http:\/\/przedszkoletworkow.pl\/index.php?rest_route=\/wp\/v2\/posts\/6121\/revisions"}],"predecessor-version":[{"id":6122,"href":"http:\/\/przedszkoletworkow.pl\/index.php?rest_route=\/wp\/v2\/posts\/6121\/revisions\/6122"}],"wp:featuredmedia":[{"embeddable":true,"href":"http:\/\/przedszkoletworkow.pl\/index.php?rest_route=\/wp\/v2\/media\/6956"}],"wp:attachment":[{"href":"http:\/\/przedszkoletworkow.pl\/index.php?rest_route=%2Fwp%2Fv2%2Fmedia&parent=6121"}],"wp:term":[{"taxonomy":"category","embeddable":true,"href":"http:\/\/przedszkoletworkow.pl\/index.php?rest_route=%2Fwp%2Fv2%2Fcategories&post=6121"},{"taxonomy":"post_tag","embeddable":true,"href":"http:\/\/przedszkoletworkow.pl\/index.php?rest_route=%2Fwp%2Fv2%2Ftags&post=6121"}],"curies":[{"name":"wp","href":"https:\/\/api.w.org\/{rel}","templated":true}]}}