{"id":6082,"date":"2022-11-25T16:13:39","date_gmt":"2022-11-25T15:13:39","guid":{"rendered":"http:\/\/przedszkoletworkow.pl\/?p=6082"},"modified":"2023-04-06T18:54:08","modified_gmt":"2023-04-06T16:54:08","slug":"ogolnopolski-dzien-praw-dziecka","status":"publish","type":"post","link":"http:\/\/przedszkoletworkow.pl\/?p=6082","title":{"rendered":"Og\u00f3lnopolski Dzie\u0144 Praw Dziecka"},"content":{"rendered":"<p>21 listopada w naszym Przedszkolu obchodzili\u015bmy Og\u00f3lnopolski Dzie\u0144 Praw Dziecka. Dzie\u0144 ten upami\u0119tnia przyj\u0119cie przez Zgromadzenie Og\u00f3lne Organizacji Narod\u00f3w Zjednoczonych Konwencji o Prawach Dziecka.<\/p>\n<p>Tego dnia przedszkolaki ubra\u0142y si\u0119 na niebiesko. Ten kolor jest symbolem solidarno\u015bci ze wszystkimi dzie\u0107mi na \u015bwiecie, r\u00f3wnie\u017c tymi, kt\u00f3rych prawa nie s\u0105 przestrzegane.<\/p>\n<p>Panie wychowawczynie przybli\u017cy\u0142y swoim przedszkolakom tematyk\u0119 tego wa\u017cnego \u015bwi\u0119ta. Podkre\u015bli\u0142y tak\u017ce wa\u017cn\u0105 rol\u0119 rodzic\u00f3w w wychowaniu swoich dzieci i ochrony ich praw, bowiem powinni sta\u0107 na czele ich stra\u017cy i podejmowa\u0107 dzia\u0142ania wzmacniaj\u0105ce ich ochron\u0119.<\/p>\n<!-- default-view.php -->\n<div\n\tclass=\"ngg-galleryoverview default-view \"\n\tid=\"ngg-gallery-db94575ded62498b86a658108105def8-1\">\n\n\t\t<!-- Thumbnails -->\n\t\t\t\t<div id=\"ngg-image-0\" class=\"ngg-gallery-thumbnail-box \" >\n\t\t\t\t        <div class=\"ngg-gallery-thumbnail\">\n            <a href=\"http:\/\/przedszkoletworkow.pl\/wp-content\/gallery\/prawa\/IMG-20221125-WA01801.jpg\"\n               title=\"\"\n               data-src=\"http:\/\/przedszkoletworkow.pl\/wp-content\/gallery\/prawa\/IMG-20221125-WA01801.jpg\"\n               data-thumbnail=\"http:\/\/przedszkoletworkow.pl\/wp-content\/gallery\/prawa\/thumbs\/thumbs_IMG-20221125-WA01801.jpg\"\n               data-image-id=\"3208\"\n               data-title=\"IMG-20221125-WA01801\"\n               data-description=\"\"\n               data-image-slug=\"img-20221125-wa01801\"\n               class=\"ngg-simplelightbox\" rel=\"db94575ded62498b86a658108105def8\">\n                <img\n                    title=\"IMG-20221125-WA01801\"\n                    alt=\"IMG-20221125-WA01801\"\n                    src=\"http:\/\/przedszkoletworkow.pl\/wp-content\/gallery\/prawa\/thumbs\/thumbs_IMG-20221125-WA01801.jpg\"\n                    width=\"240\"\n                    height=\"160\"\n                    style=\"max-width:100%;\"\n                \/>\n            <\/a>\n        <\/div>\n\t\t\t\t\t\t\t<\/div> \n\t\t\t\n\t\t\t\t<div id=\"ngg-image-1\" class=\"ngg-gallery-thumbnail-box \" >\n\t\t\t\t        <div class=\"ngg-gallery-thumbnail\">\n            <a href=\"http:\/\/przedszkoletworkow.pl\/wp-content\/gallery\/prawa\/IMG-20221125-WA01871.jpg\"\n               title=\"\"\n               data-src=\"http:\/\/przedszkoletworkow.pl\/wp-content\/gallery\/prawa\/IMG-20221125-WA01871.jpg\"\n               data-thumbnail=\"http:\/\/przedszkoletworkow.pl\/wp-content\/gallery\/prawa\/thumbs\/thumbs_IMG-20221125-WA01871.jpg\"\n               data-image-id=\"3209\"\n               data-title=\"IMG-20221125-WA01871\"\n               data-description=\"\"\n               data-image-slug=\"img-20221125-wa01871\"\n               class=\"ngg-simplelightbox\" rel=\"db94575ded62498b86a658108105def8\">\n                <img\n                    title=\"IMG-20221125-WA01871\"\n                    alt=\"IMG-20221125-WA01871\"\n                    src=\"http:\/\/przedszkoletworkow.pl\/wp-content\/gallery\/prawa\/thumbs\/thumbs_IMG-20221125-WA01871.jpg\"\n                    width=\"240\"\n                    height=\"160\"\n                    style=\"max-width:100%;\"\n                \/>\n            <\/a>\n        <\/div>\n\t\t\t\t\t\t\t<\/div> \n\t\t\t\n\t\n\t<br style=\"clear: both\" \/>\n\n\t\n\t\t<!-- Pagination -->\n\t<div class='ngg-clear'><\/div>\t<\/div>\n\n","protected":false},"excerpt":{"rendered":"<p>21 listopada w naszym Przedszkolu obchodzili\u015bmy Og\u00f3lnopolski Dzie\u0144 Praw Dziecka. Dzie\u0144 ten upami\u0119tnia przyj\u0119cie przez Zgromadzenie Og\u00f3lne Organizacji Narod\u00f3w Zjednoczonych Konwencji o Prawach Dziecka. Tego dnia przedszkolaki ubra\u0142y si\u0119 na niebiesko. Ten kolor jest symbolem solidarno\u015bci ze wszystkimi dzie\u0107mi na \u015bwiecie, r\u00f3wnie\u017c tymi, kt\u00f3rych prawa nie s\u0105 przestrzegane. Panie wychowawczynie [&hellip;]<\/p>\n","protected":false},"author":2,"featured_media":7141,"comment_status":"open","ping_status":"open","sticky":false,"template":"","format":"standard","meta":{"ngg_post_thumbnail":0,"footnotes":""},"categories":[1],"tags":[],"class_list":["post-6082","post","type-post","status-publish","format-standard","has-post-thumbnail","hentry","category-bez-kategorii"],"_links":{"self":[{"href":"http:\/\/przedszkoletworkow.pl\/index.php?rest_route=\/wp\/v2\/posts\/6082","targetHints":{"allow":["GET"]}}],"collection":[{"href":"http:\/\/przedszkoletworkow.pl\/index.php?rest_route=\/wp\/v2\/posts"}],"about":[{"href":"http:\/\/przedszkoletworkow.pl\/index.php?rest_route=\/wp\/v2\/types\/post"}],"author":[{"embeddable":true,"href":"http:\/\/przedszkoletworkow.pl\/index.php?rest_route=\/wp\/v2\/users\/2"}],"replies":[{"embeddable":true,"href":"http:\/\/przedszkoletworkow.pl\/index.php?rest_route=%2Fwp%2Fv2%2Fcomments&post=6082"}],"version-history":[{"count":1,"href":"http:\/\/przedszkoletworkow.pl\/index.php?rest_route=\/wp\/v2\/posts\/6082\/revisions"}],"predecessor-version":[{"id":6083,"href":"http:\/\/przedszkoletworkow.pl\/index.php?rest_route=\/wp\/v2\/posts\/6082\/revisions\/6083"}],"wp:featuredmedia":[{"embeddable":true,"href":"http:\/\/przedszkoletworkow.pl\/index.php?rest_route=\/wp\/v2\/media\/7141"}],"wp:attachment":[{"href":"http:\/\/przedszkoletworkow.pl\/index.php?rest_route=%2Fwp%2Fv2%2Fmedia&parent=6082"}],"wp:term":[{"taxonomy":"category","embeddable":true,"href":"http:\/\/przedszkoletworkow.pl\/index.php?rest_route=%2Fwp%2Fv2%2Fcategories&post=6082"},{"taxonomy":"post_tag","embeddable":true,"href":"http:\/\/przedszkoletworkow.pl\/index.php?rest_route=%2Fwp%2Fv2%2Ftags&post=6082"}],"curies":[{"name":"wp","href":"https:\/\/api.w.org\/{rel}","templated":true}]}}