{"id":2328,"date":"2021-10-03T19:32:53","date_gmt":"2021-10-03T17:32:53","guid":{"rendered":"https:\/\/server462349.nazwa.pl\/wordpress\/wpn_tworkow\/?p=2328"},"modified":"2021-10-05T15:16:07","modified_gmt":"2021-10-05T13:16:07","slug":"spotkanie-ze-strazakiem","status":"publish","type":"post","link":"http:\/\/przedszkoletworkow.pl\/?p=2328","title":{"rendered":"Spotkanie ze stra\u017cakiem"},"content":{"rendered":"<p>W \u015brod\u0119 29.09 dzieci z tworkowskiego przedszkola spotka\u0142y si\u0119 ze stra\u017cakiem &#8211; panem Norbertem Kolonko. By\u0142o to niezwyk\u0142e do\u015bwiadczenie, gdy\u017c dzieci mog\u0142y zapozna\u0107 ze specjalistycznym ubiorem stra\u017caka, kombinezonami do zada\u0144 specjalnych i podstawowym sprz\u0119tem wykorzystywanym w akcjach. Przedszkolaki by\u0142y bardzo zaanga\u017cowane, s\u0142ucha\u0142y i zadawa\u0142y wiele pyta\u0144.&nbsp; Panu Norbertowi serdecznie dzi\u0119kujemy za ciekawe i profesjonalne poprowadzenie spotkania!&nbsp;<\/p>\n<!-- default-view.php -->\n<div\n\tclass=\"ngg-galleryoverview default-view \"\n\tid=\"ngg-gallery-8ef0c1835b802ec808b6f97719459501-1\">\n\n\t\t<!-- Thumbnails -->\n\t\t\t\t<div id=\"ngg-image-0\" class=\"ngg-gallery-thumbnail-box \" >\n\t\t\t\t        <div class=\"ngg-gallery-thumbnail\">\n            <a href=\"http:\/\/przedszkoletworkow.pl\/wp-content\/gallery\/strazak-norbert-kolonko-2021\/20210929_105857.jpg\"\n               title=\"\"\n               data-src=\"http:\/\/przedszkoletworkow.pl\/wp-content\/gallery\/strazak-norbert-kolonko-2021\/20210929_105857.jpg\"\n               data-thumbnail=\"http:\/\/przedszkoletworkow.pl\/wp-content\/gallery\/strazak-norbert-kolonko-2021\/thumbs\/thumbs_20210929_105857.jpg\"\n               data-image-id=\"86\"\n               data-title=\"20210929_105857\"\n               data-description=\"\"\n               data-image-slug=\"20210929_105857\"\n               class=\"ngg-simplelightbox\" rel=\"8ef0c1835b802ec808b6f97719459501\">\n                <img\n                    title=\"20210929_105857\"\n                    alt=\"20210929_105857\"\n                    src=\"http:\/\/przedszkoletworkow.pl\/wp-content\/gallery\/strazak-norbert-kolonko-2021\/thumbs\/thumbs_20210929_105857.jpg\"\n                    width=\"240\"\n                    height=\"160\"\n                    style=\"max-width:100%;\"\n                \/>\n            <\/a>\n        <\/div>\n\t\t\t\t\t\t\t<\/div> \n\t\t\t\n\t\t\t\t<div id=\"ngg-image-1\" class=\"ngg-gallery-thumbnail-box \" >\n\t\t\t\t        <div class=\"ngg-gallery-thumbnail\">\n            <a href=\"http:\/\/przedszkoletworkow.pl\/wp-content\/gallery\/strazak-norbert-kolonko-2021\/20210929_110139.jpg\"\n               title=\"\"\n               data-src=\"http:\/\/przedszkoletworkow.pl\/wp-content\/gallery\/strazak-norbert-kolonko-2021\/20210929_110139.jpg\"\n               data-thumbnail=\"http:\/\/przedszkoletworkow.pl\/wp-content\/gallery\/strazak-norbert-kolonko-2021\/thumbs\/thumbs_20210929_110139.jpg\"\n               data-image-id=\"87\"\n               data-title=\"20210929_110139\"\n               data-description=\"\"\n               data-image-slug=\"20210929_110139\"\n               class=\"ngg-simplelightbox\" rel=\"8ef0c1835b802ec808b6f97719459501\">\n                <img\n                    title=\"20210929_110139\"\n                    alt=\"20210929_110139\"\n                    src=\"http:\/\/przedszkoletworkow.pl\/wp-content\/gallery\/strazak-norbert-kolonko-2021\/thumbs\/thumbs_20210929_110139.jpg\"\n                    width=\"240\"\n                    height=\"160\"\n                    style=\"max-width:100%;\"\n                \/>\n            <\/a>\n        <\/div>\n\t\t\t\t\t\t\t<\/div> \n\t\t\t\n\t\t\t\t<div id=\"ngg-image-2\" class=\"ngg-gallery-thumbnail-box \" >\n\t\t\t\t        <div class=\"ngg-gallery-thumbnail\">\n            <a href=\"http:\/\/przedszkoletworkow.pl\/wp-content\/gallery\/strazak-norbert-kolonko-2021\/20210929_105846.jpg\"\n               title=\"\"\n               data-src=\"http:\/\/przedszkoletworkow.pl\/wp-content\/gallery\/strazak-norbert-kolonko-2021\/20210929_105846.jpg\"\n               data-thumbnail=\"http:\/\/przedszkoletworkow.pl\/wp-content\/gallery\/strazak-norbert-kolonko-2021\/thumbs\/thumbs_20210929_105846.jpg\"\n               data-image-id=\"88\"\n               data-title=\"20210929_105846\"\n               data-description=\"\"\n               data-image-slug=\"20210929_105846\"\n               class=\"ngg-simplelightbox\" rel=\"8ef0c1835b802ec808b6f97719459501\">\n                <img\n                    title=\"20210929_105846\"\n                    alt=\"20210929_105846\"\n                    src=\"http:\/\/przedszkoletworkow.pl\/wp-content\/gallery\/strazak-norbert-kolonko-2021\/thumbs\/thumbs_20210929_105846.jpg\"\n                    width=\"240\"\n                    height=\"160\"\n                    style=\"max-width:100%;\"\n                \/>\n            <\/a>\n        <\/div>\n\t\t\t\t\t\t\t<\/div> \n\t\t\t\n\t\t\t\t<div id=\"ngg-image-3\" class=\"ngg-gallery-thumbnail-box \" >\n\t\t\t\t        <div class=\"ngg-gallery-thumbnail\">\n            <a href=\"http:\/\/przedszkoletworkow.pl\/wp-content\/gallery\/strazak-norbert-kolonko-2021\/20210929_110502.jpg\"\n               title=\"\"\n               data-src=\"http:\/\/przedszkoletworkow.pl\/wp-content\/gallery\/strazak-norbert-kolonko-2021\/20210929_110502.jpg\"\n               data-thumbnail=\"http:\/\/przedszkoletworkow.pl\/wp-content\/gallery\/strazak-norbert-kolonko-2021\/thumbs\/thumbs_20210929_110502.jpg\"\n               data-image-id=\"89\"\n               data-title=\"20210929_110502\"\n               data-description=\"\"\n               data-image-slug=\"20210929_110502\"\n               class=\"ngg-simplelightbox\" rel=\"8ef0c1835b802ec808b6f97719459501\">\n                <img\n                    title=\"20210929_110502\"\n                    alt=\"20210929_110502\"\n                    src=\"http:\/\/przedszkoletworkow.pl\/wp-content\/gallery\/strazak-norbert-kolonko-2021\/thumbs\/thumbs_20210929_110502.jpg\"\n                    width=\"240\"\n                    height=\"160\"\n                    style=\"max-width:100%;\"\n                \/>\n            <\/a>\n        <\/div>\n\t\t\t\t\t\t\t<\/div> \n\t\t\t\n\t\t\t\t<div id=\"ngg-image-4\" class=\"ngg-gallery-thumbnail-box \" >\n\t\t\t\t        <div class=\"ngg-gallery-thumbnail\">\n            <a href=\"http:\/\/przedszkoletworkow.pl\/wp-content\/gallery\/strazak-norbert-kolonko-2021\/20210929_110509.jpg\"\n               title=\"\"\n               data-src=\"http:\/\/przedszkoletworkow.pl\/wp-content\/gallery\/strazak-norbert-kolonko-2021\/20210929_110509.jpg\"\n               data-thumbnail=\"http:\/\/przedszkoletworkow.pl\/wp-content\/gallery\/strazak-norbert-kolonko-2021\/thumbs\/thumbs_20210929_110509.jpg\"\n               data-image-id=\"90\"\n               data-title=\"20210929_110509\"\n               data-description=\"\"\n               data-image-slug=\"20210929_110509\"\n               class=\"ngg-simplelightbox\" rel=\"8ef0c1835b802ec808b6f97719459501\">\n                <img\n                    title=\"20210929_110509\"\n                    alt=\"20210929_110509\"\n                    src=\"http:\/\/przedszkoletworkow.pl\/wp-content\/gallery\/strazak-norbert-kolonko-2021\/thumbs\/thumbs_20210929_110509.jpg\"\n                    width=\"240\"\n                    height=\"160\"\n                    style=\"max-width:100%;\"\n                \/>\n            <\/a>\n        <\/div>\n\t\t\t\t\t\t\t<\/div> \n\t\t\t\n\t\t\t\t<div id=\"ngg-image-5\" class=\"ngg-gallery-thumbnail-box \" >\n\t\t\t\t        <div class=\"ngg-gallery-thumbnail\">\n            <a href=\"http:\/\/przedszkoletworkow.pl\/wp-content\/gallery\/strazak-norbert-kolonko-2021\/20210929_110530.jpg\"\n               title=\"\"\n               data-src=\"http:\/\/przedszkoletworkow.pl\/wp-content\/gallery\/strazak-norbert-kolonko-2021\/20210929_110530.jpg\"\n               data-thumbnail=\"http:\/\/przedszkoletworkow.pl\/wp-content\/gallery\/strazak-norbert-kolonko-2021\/thumbs\/thumbs_20210929_110530.jpg\"\n               data-image-id=\"91\"\n               data-title=\"20210929_110530\"\n               data-description=\"\"\n               data-image-slug=\"20210929_110530\"\n               class=\"ngg-simplelightbox\" rel=\"8ef0c1835b802ec808b6f97719459501\">\n                <img\n                    title=\"20210929_110530\"\n                    alt=\"20210929_110530\"\n                    src=\"http:\/\/przedszkoletworkow.pl\/wp-content\/gallery\/strazak-norbert-kolonko-2021\/thumbs\/thumbs_20210929_110530.jpg\"\n                    width=\"240\"\n                    height=\"160\"\n                    style=\"max-width:100%;\"\n                \/>\n            <\/a>\n        <\/div>\n\t\t\t\t\t\t\t<\/div> \n\t\t\t\n\t\t\t\t<div id=\"ngg-image-6\" class=\"ngg-gallery-thumbnail-box \" >\n\t\t\t\t        <div class=\"ngg-gallery-thumbnail\">\n            <a href=\"http:\/\/przedszkoletworkow.pl\/wp-content\/gallery\/strazak-norbert-kolonko-2021\/20210929_110553.jpg\"\n               title=\"\"\n               data-src=\"http:\/\/przedszkoletworkow.pl\/wp-content\/gallery\/strazak-norbert-kolonko-2021\/20210929_110553.jpg\"\n               data-thumbnail=\"http:\/\/przedszkoletworkow.pl\/wp-content\/gallery\/strazak-norbert-kolonko-2021\/thumbs\/thumbs_20210929_110553.jpg\"\n               data-image-id=\"92\"\n               data-title=\"20210929_110553\"\n               data-description=\"\"\n               data-image-slug=\"20210929_110553\"\n               class=\"ngg-simplelightbox\" rel=\"8ef0c1835b802ec808b6f97719459501\">\n                <img\n                    title=\"20210929_110553\"\n                    alt=\"20210929_110553\"\n                    src=\"http:\/\/przedszkoletworkow.pl\/wp-content\/gallery\/strazak-norbert-kolonko-2021\/thumbs\/thumbs_20210929_110553.jpg\"\n                    width=\"240\"\n                    height=\"160\"\n                    style=\"max-width:100%;\"\n                \/>\n            <\/a>\n        <\/div>\n\t\t\t\t\t\t\t<\/div> \n\t\t\t\n\t\t\t\t<div id=\"ngg-image-7\" class=\"ngg-gallery-thumbnail-box \" >\n\t\t\t\t        <div class=\"ngg-gallery-thumbnail\">\n            <a href=\"http:\/\/przedszkoletworkow.pl\/wp-content\/gallery\/strazak-norbert-kolonko-2021\/20210929_110612.jpg\"\n               title=\"\"\n               data-src=\"http:\/\/przedszkoletworkow.pl\/wp-content\/gallery\/strazak-norbert-kolonko-2021\/20210929_110612.jpg\"\n               data-thumbnail=\"http:\/\/przedszkoletworkow.pl\/wp-content\/gallery\/strazak-norbert-kolonko-2021\/thumbs\/thumbs_20210929_110612.jpg\"\n               data-image-id=\"93\"\n               data-title=\"20210929_110612\"\n               data-description=\"\"\n               data-image-slug=\"20210929_110612\"\n               class=\"ngg-simplelightbox\" rel=\"8ef0c1835b802ec808b6f97719459501\">\n                <img\n                    title=\"20210929_110612\"\n                    alt=\"20210929_110612\"\n                    src=\"http:\/\/przedszkoletworkow.pl\/wp-content\/gallery\/strazak-norbert-kolonko-2021\/thumbs\/thumbs_20210929_110612.jpg\"\n                    width=\"240\"\n                    height=\"160\"\n                    style=\"max-width:100%;\"\n                \/>\n            <\/a>\n        <\/div>\n\t\t\t\t\t\t\t<\/div> \n\t\t\t\n\t\t\t\t<div id=\"ngg-image-8\" class=\"ngg-gallery-thumbnail-box \" >\n\t\t\t\t        <div class=\"ngg-gallery-thumbnail\">\n            <a href=\"http:\/\/przedszkoletworkow.pl\/wp-content\/gallery\/strazak-norbert-kolonko-2021\/20210929_110934_01.jpg\"\n               title=\"\"\n               data-src=\"http:\/\/przedszkoletworkow.pl\/wp-content\/gallery\/strazak-norbert-kolonko-2021\/20210929_110934_01.jpg\"\n               data-thumbnail=\"http:\/\/przedszkoletworkow.pl\/wp-content\/gallery\/strazak-norbert-kolonko-2021\/thumbs\/thumbs_20210929_110934_01.jpg\"\n               data-image-id=\"94\"\n               data-title=\"20210929_110934_01\"\n               data-description=\"\"\n               data-image-slug=\"20210929_110934_01\"\n               class=\"ngg-simplelightbox\" rel=\"8ef0c1835b802ec808b6f97719459501\">\n                <img\n                    title=\"20210929_110934_01\"\n                    alt=\"20210929_110934_01\"\n                    src=\"http:\/\/przedszkoletworkow.pl\/wp-content\/gallery\/strazak-norbert-kolonko-2021\/thumbs\/thumbs_20210929_110934_01.jpg\"\n                    width=\"240\"\n                    height=\"160\"\n                    style=\"max-width:100%;\"\n                \/>\n            <\/a>\n        <\/div>\n\t\t\t\t\t\t\t<\/div> \n\t\t\t\n\t\t\t\t<div id=\"ngg-image-9\" class=\"ngg-gallery-thumbnail-box \" >\n\t\t\t\t        <div class=\"ngg-gallery-thumbnail\">\n            <a href=\"http:\/\/przedszkoletworkow.pl\/wp-content\/gallery\/strazak-norbert-kolonko-2021\/20210929_110957.jpg\"\n               title=\"\"\n               data-src=\"http:\/\/przedszkoletworkow.pl\/wp-content\/gallery\/strazak-norbert-kolonko-2021\/20210929_110957.jpg\"\n               data-thumbnail=\"http:\/\/przedszkoletworkow.pl\/wp-content\/gallery\/strazak-norbert-kolonko-2021\/thumbs\/thumbs_20210929_110957.jpg\"\n               data-image-id=\"95\"\n               data-title=\"20210929_110957\"\n               data-description=\"\"\n               data-image-slug=\"20210929_110957\"\n               class=\"ngg-simplelightbox\" rel=\"8ef0c1835b802ec808b6f97719459501\">\n                <img\n                    title=\"20210929_110957\"\n                    alt=\"20210929_110957\"\n                    src=\"http:\/\/przedszkoletworkow.pl\/wp-content\/gallery\/strazak-norbert-kolonko-2021\/thumbs\/thumbs_20210929_110957.jpg\"\n                    width=\"240\"\n                    height=\"160\"\n                    style=\"max-width:100%;\"\n                \/>\n            <\/a>\n        <\/div>\n\t\t\t\t\t\t\t<\/div> \n\t\t\t\n\t\t\t\t<div id=\"ngg-image-10\" class=\"ngg-gallery-thumbnail-box \" >\n\t\t\t\t        <div class=\"ngg-gallery-thumbnail\">\n            <a href=\"http:\/\/przedszkoletworkow.pl\/wp-content\/gallery\/strazak-norbert-kolonko-2021\/20210929_111107.jpg\"\n               title=\"\"\n               data-src=\"http:\/\/przedszkoletworkow.pl\/wp-content\/gallery\/strazak-norbert-kolonko-2021\/20210929_111107.jpg\"\n               data-thumbnail=\"http:\/\/przedszkoletworkow.pl\/wp-content\/gallery\/strazak-norbert-kolonko-2021\/thumbs\/thumbs_20210929_111107.jpg\"\n               data-image-id=\"96\"\n               data-title=\"20210929_111107\"\n               data-description=\"\"\n               data-image-slug=\"20210929_111107\"\n               class=\"ngg-simplelightbox\" rel=\"8ef0c1835b802ec808b6f97719459501\">\n                <img\n                    title=\"20210929_111107\"\n                    alt=\"20210929_111107\"\n                    src=\"http:\/\/przedszkoletworkow.pl\/wp-content\/gallery\/strazak-norbert-kolonko-2021\/thumbs\/thumbs_20210929_111107.jpg\"\n                    width=\"240\"\n                    height=\"160\"\n                    style=\"max-width:100%;\"\n                \/>\n            <\/a>\n        <\/div>\n\t\t\t\t\t\t\t<\/div> \n\t\t\t\n\t\t\t\t<div id=\"ngg-image-11\" class=\"ngg-gallery-thumbnail-box \" >\n\t\t\t\t        <div class=\"ngg-gallery-thumbnail\">\n            <a href=\"http:\/\/przedszkoletworkow.pl\/wp-content\/gallery\/strazak-norbert-kolonko-2021\/20210929_111034.jpg\"\n               title=\"\"\n               data-src=\"http:\/\/przedszkoletworkow.pl\/wp-content\/gallery\/strazak-norbert-kolonko-2021\/20210929_111034.jpg\"\n               data-thumbnail=\"http:\/\/przedszkoletworkow.pl\/wp-content\/gallery\/strazak-norbert-kolonko-2021\/thumbs\/thumbs_20210929_111034.jpg\"\n               data-image-id=\"97\"\n               data-title=\"20210929_111034\"\n               data-description=\"\"\n               data-image-slug=\"20210929_111034\"\n               class=\"ngg-simplelightbox\" rel=\"8ef0c1835b802ec808b6f97719459501\">\n                <img\n                    title=\"20210929_111034\"\n                    alt=\"20210929_111034\"\n                    src=\"http:\/\/przedszkoletworkow.pl\/wp-content\/gallery\/strazak-norbert-kolonko-2021\/thumbs\/thumbs_20210929_111034.jpg\"\n                    width=\"240\"\n                    height=\"160\"\n                    style=\"max-width:100%;\"\n                \/>\n            <\/a>\n        <\/div>\n\t\t\t\t\t\t\t<\/div> \n\t\t\t\n\t\t\t\t<div id=\"ngg-image-12\" class=\"ngg-gallery-thumbnail-box \" >\n\t\t\t\t        <div class=\"ngg-gallery-thumbnail\">\n            <a href=\"http:\/\/przedszkoletworkow.pl\/wp-content\/gallery\/strazak-norbert-kolonko-2021\/20210929_111054.jpg\"\n               title=\"\"\n               data-src=\"http:\/\/przedszkoletworkow.pl\/wp-content\/gallery\/strazak-norbert-kolonko-2021\/20210929_111054.jpg\"\n               data-thumbnail=\"http:\/\/przedszkoletworkow.pl\/wp-content\/gallery\/strazak-norbert-kolonko-2021\/thumbs\/thumbs_20210929_111054.jpg\"\n               data-image-id=\"98\"\n               data-title=\"20210929_111054\"\n               data-description=\"\"\n               data-image-slug=\"20210929_111054\"\n               class=\"ngg-simplelightbox\" rel=\"8ef0c1835b802ec808b6f97719459501\">\n                <img\n                    title=\"20210929_111054\"\n                    alt=\"20210929_111054\"\n                    src=\"http:\/\/przedszkoletworkow.pl\/wp-content\/gallery\/strazak-norbert-kolonko-2021\/thumbs\/thumbs_20210929_111054.jpg\"\n                    width=\"240\"\n                    height=\"160\"\n                    style=\"max-width:100%;\"\n                \/>\n            <\/a>\n        <\/div>\n\t\t\t\t\t\t\t<\/div> \n\t\t\t\n\t\t\t\t<div id=\"ngg-image-13\" class=\"ngg-gallery-thumbnail-box \" >\n\t\t\t\t        <div class=\"ngg-gallery-thumbnail\">\n            <a href=\"http:\/\/przedszkoletworkow.pl\/wp-content\/gallery\/strazak-norbert-kolonko-2021\/20210929_111151.jpg\"\n               title=\"\"\n               data-src=\"http:\/\/przedszkoletworkow.pl\/wp-content\/gallery\/strazak-norbert-kolonko-2021\/20210929_111151.jpg\"\n               data-thumbnail=\"http:\/\/przedszkoletworkow.pl\/wp-content\/gallery\/strazak-norbert-kolonko-2021\/thumbs\/thumbs_20210929_111151.jpg\"\n               data-image-id=\"99\"\n               data-title=\"20210929_111151\"\n               data-description=\"\"\n               data-image-slug=\"20210929_111151\"\n               class=\"ngg-simplelightbox\" rel=\"8ef0c1835b802ec808b6f97719459501\">\n                <img\n                    title=\"20210929_111151\"\n                    alt=\"20210929_111151\"\n                    src=\"http:\/\/przedszkoletworkow.pl\/wp-content\/gallery\/strazak-norbert-kolonko-2021\/thumbs\/thumbs_20210929_111151.jpg\"\n                    width=\"240\"\n                    height=\"160\"\n                    style=\"max-width:100%;\"\n                \/>\n            <\/a>\n        <\/div>\n\t\t\t\t\t\t\t<\/div> \n\t\t\t\n\t\t\t\t<div id=\"ngg-image-14\" class=\"ngg-gallery-thumbnail-box \" >\n\t\t\t\t        <div class=\"ngg-gallery-thumbnail\">\n            <a href=\"http:\/\/przedszkoletworkow.pl\/wp-content\/gallery\/strazak-norbert-kolonko-2021\/20210929_111630.jpg\"\n               title=\"\"\n               data-src=\"http:\/\/przedszkoletworkow.pl\/wp-content\/gallery\/strazak-norbert-kolonko-2021\/20210929_111630.jpg\"\n               data-thumbnail=\"http:\/\/przedszkoletworkow.pl\/wp-content\/gallery\/strazak-norbert-kolonko-2021\/thumbs\/thumbs_20210929_111630.jpg\"\n               data-image-id=\"100\"\n               data-title=\"20210929_111630\"\n               data-description=\"\"\n               data-image-slug=\"20210929_111630\"\n               class=\"ngg-simplelightbox\" rel=\"8ef0c1835b802ec808b6f97719459501\">\n                <img\n                    title=\"20210929_111630\"\n                    alt=\"20210929_111630\"\n                    src=\"http:\/\/przedszkoletworkow.pl\/wp-content\/gallery\/strazak-norbert-kolonko-2021\/thumbs\/thumbs_20210929_111630.jpg\"\n                    width=\"240\"\n                    height=\"160\"\n                    style=\"max-width:100%;\"\n                \/>\n            <\/a>\n        <\/div>\n\t\t\t\t\t\t\t<\/div> \n\t\t\t\n\t\t\t\t<div id=\"ngg-image-15\" class=\"ngg-gallery-thumbnail-box \" >\n\t\t\t\t        <div class=\"ngg-gallery-thumbnail\">\n            <a href=\"http:\/\/przedszkoletworkow.pl\/wp-content\/gallery\/strazak-norbert-kolonko-2021\/20210929_111638.jpg\"\n               title=\"\"\n               data-src=\"http:\/\/przedszkoletworkow.pl\/wp-content\/gallery\/strazak-norbert-kolonko-2021\/20210929_111638.jpg\"\n               data-thumbnail=\"http:\/\/przedszkoletworkow.pl\/wp-content\/gallery\/strazak-norbert-kolonko-2021\/thumbs\/thumbs_20210929_111638.jpg\"\n               data-image-id=\"101\"\n               data-title=\"20210929_111638\"\n               data-description=\"\"\n               data-image-slug=\"20210929_111638\"\n               class=\"ngg-simplelightbox\" rel=\"8ef0c1835b802ec808b6f97719459501\">\n                <img\n                    title=\"20210929_111638\"\n                    alt=\"20210929_111638\"\n                    src=\"http:\/\/przedszkoletworkow.pl\/wp-content\/gallery\/strazak-norbert-kolonko-2021\/thumbs\/thumbs_20210929_111638.jpg\"\n                    width=\"240\"\n                    height=\"160\"\n                    style=\"max-width:100%;\"\n                \/>\n            <\/a>\n        <\/div>\n\t\t\t\t\t\t\t<\/div> \n\t\t\t\n\t\t\t\t<div id=\"ngg-image-16\" class=\"ngg-gallery-thumbnail-box \" >\n\t\t\t\t        <div class=\"ngg-gallery-thumbnail\">\n            <a href=\"http:\/\/przedszkoletworkow.pl\/wp-content\/gallery\/strazak-norbert-kolonko-2021\/20210929_112802.jpg\"\n               title=\"\"\n               data-src=\"http:\/\/przedszkoletworkow.pl\/wp-content\/gallery\/strazak-norbert-kolonko-2021\/20210929_112802.jpg\"\n               data-thumbnail=\"http:\/\/przedszkoletworkow.pl\/wp-content\/gallery\/strazak-norbert-kolonko-2021\/thumbs\/thumbs_20210929_112802.jpg\"\n               data-image-id=\"102\"\n               data-title=\"20210929_112802\"\n               data-description=\"\"\n               data-image-slug=\"20210929_112802\"\n               class=\"ngg-simplelightbox\" rel=\"8ef0c1835b802ec808b6f97719459501\">\n                <img\n                    title=\"20210929_112802\"\n                    alt=\"20210929_112802\"\n                    src=\"http:\/\/przedszkoletworkow.pl\/wp-content\/gallery\/strazak-norbert-kolonko-2021\/thumbs\/thumbs_20210929_112802.jpg\"\n                    width=\"240\"\n                    height=\"160\"\n                    style=\"max-width:100%;\"\n                \/>\n            <\/a>\n        <\/div>\n\t\t\t\t\t\t\t<\/div> \n\t\t\t\n\t\n\t<br style=\"clear: both\" \/>\n\n\t\n\t\t<!-- Pagination -->\n\t<div class='ngg-clear'><\/div>\t<\/div>\n\n","protected":false},"excerpt":{"rendered":"<p>W \u015brod\u0119 29.09 dzieci z tworkowskiego przedszkola spotka\u0142y si\u0119 ze stra\u017cakiem &#8211; panem Norbertem Kolonko. By\u0142o to niezwyk\u0142e do\u015bwiadczenie, gdy\u017c dzieci mog\u0142y zapozna\u0107 ze specjalistycznym ubiorem stra\u017caka, kombinezonami do zada\u0144 specjalnych i podstawowym sprz\u0119tem wykorzystywanym w akcjach. Przedszkolaki by\u0142y bardzo zaanga\u017cowane, s\u0142ucha\u0142y i zadawa\u0142y wiele pyta\u0144.&nbsp; Panu Norbertowi serdecznie dzi\u0119kujemy [&hellip;]<\/p>\n","protected":false},"author":1,"featured_media":0,"comment_status":"open","ping_status":"open","sticky":false,"template":"","format":"standard","meta":{"ngg_post_thumbnail":0,"footnotes":""},"categories":[1],"tags":[],"class_list":["post-2328","post","type-post","status-publish","format-standard","hentry","category-bez-kategorii"],"_links":{"self":[{"href":"http:\/\/przedszkoletworkow.pl\/index.php?rest_route=\/wp\/v2\/posts\/2328","targetHints":{"allow":["GET"]}}],"collection":[{"href":"http:\/\/przedszkoletworkow.pl\/index.php?rest_route=\/wp\/v2\/posts"}],"about":[{"href":"http:\/\/przedszkoletworkow.pl\/index.php?rest_route=\/wp\/v2\/types\/post"}],"author":[{"embeddable":true,"href":"http:\/\/przedszkoletworkow.pl\/index.php?rest_route=\/wp\/v2\/users\/1"}],"replies":[{"embeddable":true,"href":"http:\/\/przedszkoletworkow.pl\/index.php?rest_route=%2Fwp%2Fv2%2Fcomments&post=2328"}],"version-history":[{"count":2,"href":"http:\/\/przedszkoletworkow.pl\/index.php?rest_route=\/wp\/v2\/posts\/2328\/revisions"}],"predecessor-version":[{"id":2528,"href":"http:\/\/przedszkoletworkow.pl\/index.php?rest_route=\/wp\/v2\/posts\/2328\/revisions\/2528"}],"wp:attachment":[{"href":"http:\/\/przedszkoletworkow.pl\/index.php?rest_route=%2Fwp%2Fv2%2Fmedia&parent=2328"}],"wp:term":[{"taxonomy":"category","embeddable":true,"href":"http:\/\/przedszkoletworkow.pl\/index.php?rest_route=%2Fwp%2Fv2%2Fcategories&post=2328"},{"taxonomy":"post_tag","embeddable":true,"href":"http:\/\/przedszkoletworkow.pl\/index.php?rest_route=%2Fwp%2Fv2%2Ftags&post=2328"}],"curies":[{"name":"wp","href":"https:\/\/api.w.org\/{rel}","templated":true}]}}