{"id":2308,"date":"2021-10-03T19:03:16","date_gmt":"2021-10-03T17:03:16","guid":{"rendered":"https:\/\/server462349.nazwa.pl\/wordpress\/wpn_tworkow\/?p=2308"},"modified":"2021-10-05T14:59:49","modified_gmt":"2021-10-05T12:59:49","slug":"wrzesien-w-grupie-nutki","status":"publish","type":"post","link":"http:\/\/przedszkoletworkow.pl\/?p=2308","title":{"rendered":"Wrzesie\u0144 w grupie Nutki"},"content":{"rendered":"<p>Pocz\u0105tek roku szkolnego to wyj\u0105tkowy czas dla nowych przedszkolak\u00f3w i ich rodzin. We wrze\u015bniu grupa Nutki spotka\u0142a si\u0119 po raz pierwszy. A tak wygl\u0105da\u0142y pocz\u0105tki adaptacji i wsp\u00f3\u0142pracy \ud83d\ude42<\/p>\n<!-- default-view.php -->\n<div\n\tclass=\"ngg-galleryoverview default-view \"\n\tid=\"ngg-gallery-3099f01471cf5a89e988d3cd393ae76c-1\">\n\n\t\t<!-- Thumbnails -->\n\t\t\t\t<div id=\"ngg-image-0\" class=\"ngg-gallery-thumbnail-box \" >\n\t\t\t\t        <div class=\"ngg-gallery-thumbnail\">\n            <a href=\"http:\/\/przedszkoletworkow.pl\/wp-content\/gallery\/wrzesien-w-nutkach\/20210903_113750.jpg\"\n               title=\"\"\n               data-src=\"http:\/\/przedszkoletworkow.pl\/wp-content\/gallery\/wrzesien-w-nutkach\/20210903_113750.jpg\"\n               data-thumbnail=\"http:\/\/przedszkoletworkow.pl\/wp-content\/gallery\/wrzesien-w-nutkach\/thumbs\/thumbs_20210903_113750.jpg\"\n               data-image-id=\"103\"\n               data-title=\"20210903_113750\"\n               data-description=\"\"\n               data-image-slug=\"20210903_113750\"\n               class=\"ngg-simplelightbox\" rel=\"3099f01471cf5a89e988d3cd393ae76c\">\n                <img\n                    title=\"20210903_113750\"\n                    alt=\"20210903_113750\"\n                    src=\"http:\/\/przedszkoletworkow.pl\/wp-content\/gallery\/wrzesien-w-nutkach\/thumbs\/thumbs_20210903_113750.jpg\"\n                    width=\"240\"\n                    height=\"160\"\n                    style=\"max-width:100%;\"\n                \/>\n            <\/a>\n        <\/div>\n\t\t\t\t\t\t\t<\/div> \n\t\t\t\n\t\t\t\t<div id=\"ngg-image-1\" class=\"ngg-gallery-thumbnail-box \" >\n\t\t\t\t        <div class=\"ngg-gallery-thumbnail\">\n            <a href=\"http:\/\/przedszkoletworkow.pl\/wp-content\/gallery\/wrzesien-w-nutkach\/20210903_094026.jpg\"\n               title=\"\"\n               data-src=\"http:\/\/przedszkoletworkow.pl\/wp-content\/gallery\/wrzesien-w-nutkach\/20210903_094026.jpg\"\n               data-thumbnail=\"http:\/\/przedszkoletworkow.pl\/wp-content\/gallery\/wrzesien-w-nutkach\/thumbs\/thumbs_20210903_094026.jpg\"\n               data-image-id=\"104\"\n               data-title=\"20210903_094026\"\n               data-description=\"\"\n               data-image-slug=\"20210903_094026\"\n               class=\"ngg-simplelightbox\" rel=\"3099f01471cf5a89e988d3cd393ae76c\">\n                <img\n                    title=\"20210903_094026\"\n                    alt=\"20210903_094026\"\n                    src=\"http:\/\/przedszkoletworkow.pl\/wp-content\/gallery\/wrzesien-w-nutkach\/thumbs\/thumbs_20210903_094026.jpg\"\n                    width=\"240\"\n                    height=\"160\"\n                    style=\"max-width:100%;\"\n                \/>\n            <\/a>\n        <\/div>\n\t\t\t\t\t\t\t<\/div> \n\t\t\t\n\t\t\t\t<div id=\"ngg-image-2\" class=\"ngg-gallery-thumbnail-box \" >\n\t\t\t\t        <div class=\"ngg-gallery-thumbnail\">\n            <a href=\"http:\/\/przedszkoletworkow.pl\/wp-content\/gallery\/wrzesien-w-nutkach\/20210903_094029.jpg\"\n               title=\"\"\n               data-src=\"http:\/\/przedszkoletworkow.pl\/wp-content\/gallery\/wrzesien-w-nutkach\/20210903_094029.jpg\"\n               data-thumbnail=\"http:\/\/przedszkoletworkow.pl\/wp-content\/gallery\/wrzesien-w-nutkach\/thumbs\/thumbs_20210903_094029.jpg\"\n               data-image-id=\"105\"\n               data-title=\"20210903_094029\"\n               data-description=\"\"\n               data-image-slug=\"20210903_094029\"\n               class=\"ngg-simplelightbox\" rel=\"3099f01471cf5a89e988d3cd393ae76c\">\n                <img\n                    title=\"20210903_094029\"\n                    alt=\"20210903_094029\"\n                    src=\"http:\/\/przedszkoletworkow.pl\/wp-content\/gallery\/wrzesien-w-nutkach\/thumbs\/thumbs_20210903_094029.jpg\"\n                    width=\"240\"\n                    height=\"160\"\n                    style=\"max-width:100%;\"\n                \/>\n            <\/a>\n        <\/div>\n\t\t\t\t\t\t\t<\/div> \n\t\t\t\n\t\t\t\t<div id=\"ngg-image-3\" class=\"ngg-gallery-thumbnail-box \" >\n\t\t\t\t        <div class=\"ngg-gallery-thumbnail\">\n            <a href=\"http:\/\/przedszkoletworkow.pl\/wp-content\/gallery\/wrzesien-w-nutkach\/20210906_124810.jpg\"\n               title=\"\"\n               data-src=\"http:\/\/przedszkoletworkow.pl\/wp-content\/gallery\/wrzesien-w-nutkach\/20210906_124810.jpg\"\n               data-thumbnail=\"http:\/\/przedszkoletworkow.pl\/wp-content\/gallery\/wrzesien-w-nutkach\/thumbs\/thumbs_20210906_124810.jpg\"\n               data-image-id=\"106\"\n               data-title=\"20210906_124810\"\n               data-description=\"\"\n               data-image-slug=\"20210906_124810\"\n               class=\"ngg-simplelightbox\" rel=\"3099f01471cf5a89e988d3cd393ae76c\">\n                <img\n                    title=\"20210906_124810\"\n                    alt=\"20210906_124810\"\n                    src=\"http:\/\/przedszkoletworkow.pl\/wp-content\/gallery\/wrzesien-w-nutkach\/thumbs\/thumbs_20210906_124810.jpg\"\n                    width=\"240\"\n                    height=\"160\"\n                    style=\"max-width:100%;\"\n                \/>\n            <\/a>\n        <\/div>\n\t\t\t\t\t\t\t<\/div> \n\t\t\t\n\t\t\t\t<div id=\"ngg-image-4\" class=\"ngg-gallery-thumbnail-box \" >\n\t\t\t\t        <div class=\"ngg-gallery-thumbnail\">\n            <a href=\"http:\/\/przedszkoletworkow.pl\/wp-content\/gallery\/wrzesien-w-nutkach\/20210906_124737.jpg\"\n               title=\"\"\n               data-src=\"http:\/\/przedszkoletworkow.pl\/wp-content\/gallery\/wrzesien-w-nutkach\/20210906_124737.jpg\"\n               data-thumbnail=\"http:\/\/przedszkoletworkow.pl\/wp-content\/gallery\/wrzesien-w-nutkach\/thumbs\/thumbs_20210906_124737.jpg\"\n               data-image-id=\"107\"\n               data-title=\"20210906_124737\"\n               data-description=\"\"\n               data-image-slug=\"20210906_124737\"\n               class=\"ngg-simplelightbox\" rel=\"3099f01471cf5a89e988d3cd393ae76c\">\n                <img\n                    title=\"20210906_124737\"\n                    alt=\"20210906_124737\"\n                    src=\"http:\/\/przedszkoletworkow.pl\/wp-content\/gallery\/wrzesien-w-nutkach\/thumbs\/thumbs_20210906_124737.jpg\"\n                    width=\"240\"\n                    height=\"160\"\n                    style=\"max-width:100%;\"\n                \/>\n            <\/a>\n        <\/div>\n\t\t\t\t\t\t\t<\/div> \n\t\t\t\n\t\t\t\t<div id=\"ngg-image-5\" class=\"ngg-gallery-thumbnail-box \" >\n\t\t\t\t        <div class=\"ngg-gallery-thumbnail\">\n            <a href=\"http:\/\/przedszkoletworkow.pl\/wp-content\/gallery\/wrzesien-w-nutkach\/20210906_124735.jpg\"\n               title=\"\"\n               data-src=\"http:\/\/przedszkoletworkow.pl\/wp-content\/gallery\/wrzesien-w-nutkach\/20210906_124735.jpg\"\n               data-thumbnail=\"http:\/\/przedszkoletworkow.pl\/wp-content\/gallery\/wrzesien-w-nutkach\/thumbs\/thumbs_20210906_124735.jpg\"\n               data-image-id=\"108\"\n               data-title=\"20210906_124735\"\n               data-description=\"\"\n               data-image-slug=\"20210906_124735\"\n               class=\"ngg-simplelightbox\" rel=\"3099f01471cf5a89e988d3cd393ae76c\">\n                <img\n                    title=\"20210906_124735\"\n                    alt=\"20210906_124735\"\n                    src=\"http:\/\/przedszkoletworkow.pl\/wp-content\/gallery\/wrzesien-w-nutkach\/thumbs\/thumbs_20210906_124735.jpg\"\n                    width=\"240\"\n                    height=\"160\"\n                    style=\"max-width:100%;\"\n                \/>\n            <\/a>\n        <\/div>\n\t\t\t\t\t\t\t<\/div> \n\t\t\t\n\t\t\t\t<div id=\"ngg-image-6\" class=\"ngg-gallery-thumbnail-box \" >\n\t\t\t\t        <div class=\"ngg-gallery-thumbnail\">\n            <a href=\"http:\/\/przedszkoletworkow.pl\/wp-content\/gallery\/wrzesien-w-nutkach\/20210906_124817.jpg\"\n               title=\"\"\n               data-src=\"http:\/\/przedszkoletworkow.pl\/wp-content\/gallery\/wrzesien-w-nutkach\/20210906_124817.jpg\"\n               data-thumbnail=\"http:\/\/przedszkoletworkow.pl\/wp-content\/gallery\/wrzesien-w-nutkach\/thumbs\/thumbs_20210906_124817.jpg\"\n               data-image-id=\"109\"\n               data-title=\"20210906_124817\"\n               data-description=\"\"\n               data-image-slug=\"20210906_124817\"\n               class=\"ngg-simplelightbox\" rel=\"3099f01471cf5a89e988d3cd393ae76c\">\n                <img\n                    title=\"20210906_124817\"\n                    alt=\"20210906_124817\"\n                    src=\"http:\/\/przedszkoletworkow.pl\/wp-content\/gallery\/wrzesien-w-nutkach\/thumbs\/thumbs_20210906_124817.jpg\"\n                    width=\"240\"\n                    height=\"160\"\n                    style=\"max-width:100%;\"\n                \/>\n            <\/a>\n        <\/div>\n\t\t\t\t\t\t\t<\/div> \n\t\t\t\n\t\t\t\t<div id=\"ngg-image-7\" class=\"ngg-gallery-thumbnail-box \" >\n\t\t\t\t        <div class=\"ngg-gallery-thumbnail\">\n            <a href=\"http:\/\/przedszkoletworkow.pl\/wp-content\/gallery\/wrzesien-w-nutkach\/20210917_102447.jpg\"\n               title=\"\"\n               data-src=\"http:\/\/przedszkoletworkow.pl\/wp-content\/gallery\/wrzesien-w-nutkach\/20210917_102447.jpg\"\n               data-thumbnail=\"http:\/\/przedszkoletworkow.pl\/wp-content\/gallery\/wrzesien-w-nutkach\/thumbs\/thumbs_20210917_102447.jpg\"\n               data-image-id=\"110\"\n               data-title=\"20210917_102447\"\n               data-description=\"\"\n               data-image-slug=\"20210917_102447\"\n               class=\"ngg-simplelightbox\" rel=\"3099f01471cf5a89e988d3cd393ae76c\">\n                <img\n                    title=\"20210917_102447\"\n                    alt=\"20210917_102447\"\n                    src=\"http:\/\/przedszkoletworkow.pl\/wp-content\/gallery\/wrzesien-w-nutkach\/thumbs\/thumbs_20210917_102447.jpg\"\n                    width=\"240\"\n                    height=\"160\"\n                    style=\"max-width:100%;\"\n                \/>\n            <\/a>\n        <\/div>\n\t\t\t\t\t\t\t<\/div> \n\t\t\t\n\t\t\t\t<div id=\"ngg-image-8\" class=\"ngg-gallery-thumbnail-box \" >\n\t\t\t\t        <div class=\"ngg-gallery-thumbnail\">\n            <a href=\"http:\/\/przedszkoletworkow.pl\/wp-content\/gallery\/wrzesien-w-nutkach\/20210906_124820.jpg\"\n               title=\"\"\n               data-src=\"http:\/\/przedszkoletworkow.pl\/wp-content\/gallery\/wrzesien-w-nutkach\/20210906_124820.jpg\"\n               data-thumbnail=\"http:\/\/przedszkoletworkow.pl\/wp-content\/gallery\/wrzesien-w-nutkach\/thumbs\/thumbs_20210906_124820.jpg\"\n               data-image-id=\"111\"\n               data-title=\"20210906_124820\"\n               data-description=\"\"\n               data-image-slug=\"20210906_124820\"\n               class=\"ngg-simplelightbox\" rel=\"3099f01471cf5a89e988d3cd393ae76c\">\n                <img\n                    title=\"20210906_124820\"\n                    alt=\"20210906_124820\"\n                    src=\"http:\/\/przedszkoletworkow.pl\/wp-content\/gallery\/wrzesien-w-nutkach\/thumbs\/thumbs_20210906_124820.jpg\"\n                    width=\"240\"\n                    height=\"160\"\n                    style=\"max-width:100%;\"\n                \/>\n            <\/a>\n        <\/div>\n\t\t\t\t\t\t\t<\/div> \n\t\t\t\n\t\t\t\t<div id=\"ngg-image-9\" class=\"ngg-gallery-thumbnail-box \" >\n\t\t\t\t        <div class=\"ngg-gallery-thumbnail\">\n            <a href=\"http:\/\/przedszkoletworkow.pl\/wp-content\/gallery\/wrzesien-w-nutkach\/20210917_091145.jpg\"\n               title=\"\"\n               data-src=\"http:\/\/przedszkoletworkow.pl\/wp-content\/gallery\/wrzesien-w-nutkach\/20210917_091145.jpg\"\n               data-thumbnail=\"http:\/\/przedszkoletworkow.pl\/wp-content\/gallery\/wrzesien-w-nutkach\/thumbs\/thumbs_20210917_091145.jpg\"\n               data-image-id=\"112\"\n               data-title=\"20210917_091145\"\n               data-description=\"\"\n               data-image-slug=\"20210917_091145\"\n               class=\"ngg-simplelightbox\" rel=\"3099f01471cf5a89e988d3cd393ae76c\">\n                <img\n                    title=\"20210917_091145\"\n                    alt=\"20210917_091145\"\n                    src=\"http:\/\/przedszkoletworkow.pl\/wp-content\/gallery\/wrzesien-w-nutkach\/thumbs\/thumbs_20210917_091145.jpg\"\n                    width=\"240\"\n                    height=\"160\"\n                    style=\"max-width:100%;\"\n                \/>\n            <\/a>\n        <\/div>\n\t\t\t\t\t\t\t<\/div> \n\t\t\t\n\t\t\t\t<div id=\"ngg-image-10\" class=\"ngg-gallery-thumbnail-box \" >\n\t\t\t\t        <div class=\"ngg-gallery-thumbnail\">\n            <a href=\"http:\/\/przedszkoletworkow.pl\/wp-content\/gallery\/wrzesien-w-nutkach\/20210917_102451.jpg\"\n               title=\"\"\n               data-src=\"http:\/\/przedszkoletworkow.pl\/wp-content\/gallery\/wrzesien-w-nutkach\/20210917_102451.jpg\"\n               data-thumbnail=\"http:\/\/przedszkoletworkow.pl\/wp-content\/gallery\/wrzesien-w-nutkach\/thumbs\/thumbs_20210917_102451.jpg\"\n               data-image-id=\"113\"\n               data-title=\"20210917_102451\"\n               data-description=\"\"\n               data-image-slug=\"20210917_102451\"\n               class=\"ngg-simplelightbox\" rel=\"3099f01471cf5a89e988d3cd393ae76c\">\n                <img\n                    title=\"20210917_102451\"\n                    alt=\"20210917_102451\"\n                    src=\"http:\/\/przedszkoletworkow.pl\/wp-content\/gallery\/wrzesien-w-nutkach\/thumbs\/thumbs_20210917_102451.jpg\"\n                    width=\"240\"\n                    height=\"160\"\n                    style=\"max-width:100%;\"\n                \/>\n            <\/a>\n        <\/div>\n\t\t\t\t\t\t\t<\/div> \n\t\t\t\n\t\t\t\t<div id=\"ngg-image-11\" class=\"ngg-gallery-thumbnail-box \" >\n\t\t\t\t        <div class=\"ngg-gallery-thumbnail\">\n            <a href=\"http:\/\/przedszkoletworkow.pl\/wp-content\/gallery\/wrzesien-w-nutkach\/20210917_102529.jpg\"\n               title=\"\"\n               data-src=\"http:\/\/przedszkoletworkow.pl\/wp-content\/gallery\/wrzesien-w-nutkach\/20210917_102529.jpg\"\n               data-thumbnail=\"http:\/\/przedszkoletworkow.pl\/wp-content\/gallery\/wrzesien-w-nutkach\/thumbs\/thumbs_20210917_102529.jpg\"\n               data-image-id=\"114\"\n               data-title=\"20210917_102529\"\n               data-description=\"\"\n               data-image-slug=\"20210917_102529\"\n               class=\"ngg-simplelightbox\" rel=\"3099f01471cf5a89e988d3cd393ae76c\">\n                <img\n                    title=\"20210917_102529\"\n                    alt=\"20210917_102529\"\n                    src=\"http:\/\/przedszkoletworkow.pl\/wp-content\/gallery\/wrzesien-w-nutkach\/thumbs\/thumbs_20210917_102529.jpg\"\n                    width=\"240\"\n                    height=\"160\"\n                    style=\"max-width:100%;\"\n                \/>\n            <\/a>\n        <\/div>\n\t\t\t\t\t\t\t<\/div> \n\t\t\t\n\t\t\t\t<div id=\"ngg-image-12\" class=\"ngg-gallery-thumbnail-box \" >\n\t\t\t\t        <div class=\"ngg-gallery-thumbnail\">\n            <a href=\"http:\/\/przedszkoletworkow.pl\/wp-content\/gallery\/wrzesien-w-nutkach\/20210917_102556.jpg\"\n               title=\"\"\n               data-src=\"http:\/\/przedszkoletworkow.pl\/wp-content\/gallery\/wrzesien-w-nutkach\/20210917_102556.jpg\"\n               data-thumbnail=\"http:\/\/przedszkoletworkow.pl\/wp-content\/gallery\/wrzesien-w-nutkach\/thumbs\/thumbs_20210917_102556.jpg\"\n               data-image-id=\"115\"\n               data-title=\"20210917_102556\"\n               data-description=\"\"\n               data-image-slug=\"20210917_102556\"\n               class=\"ngg-simplelightbox\" rel=\"3099f01471cf5a89e988d3cd393ae76c\">\n                <img\n                    title=\"20210917_102556\"\n                    alt=\"20210917_102556\"\n                    src=\"http:\/\/przedszkoletworkow.pl\/wp-content\/gallery\/wrzesien-w-nutkach\/thumbs\/thumbs_20210917_102556.jpg\"\n                    width=\"240\"\n                    height=\"160\"\n                    style=\"max-width:100%;\"\n                \/>\n            <\/a>\n        <\/div>\n\t\t\t\t\t\t\t<\/div> \n\t\t\t\n\t\t\t\t<div id=\"ngg-image-13\" class=\"ngg-gallery-thumbnail-box \" >\n\t\t\t\t        <div class=\"ngg-gallery-thumbnail\">\n            <a href=\"http:\/\/przedszkoletworkow.pl\/wp-content\/gallery\/wrzesien-w-nutkach\/20210917_102600.jpg\"\n               title=\"\"\n               data-src=\"http:\/\/przedszkoletworkow.pl\/wp-content\/gallery\/wrzesien-w-nutkach\/20210917_102600.jpg\"\n               data-thumbnail=\"http:\/\/przedszkoletworkow.pl\/wp-content\/gallery\/wrzesien-w-nutkach\/thumbs\/thumbs_20210917_102600.jpg\"\n               data-image-id=\"116\"\n               data-title=\"20210917_102600\"\n               data-description=\"\"\n               data-image-slug=\"20210917_102600\"\n               class=\"ngg-simplelightbox\" rel=\"3099f01471cf5a89e988d3cd393ae76c\">\n                <img\n                    title=\"20210917_102600\"\n                    alt=\"20210917_102600\"\n                    src=\"http:\/\/przedszkoletworkow.pl\/wp-content\/gallery\/wrzesien-w-nutkach\/thumbs\/thumbs_20210917_102600.jpg\"\n                    width=\"240\"\n                    height=\"160\"\n                    style=\"max-width:100%;\"\n                \/>\n            <\/a>\n        <\/div>\n\t\t\t\t\t\t\t<\/div> \n\t\t\t\n\t\t\t\t<div id=\"ngg-image-14\" class=\"ngg-gallery-thumbnail-box \" >\n\t\t\t\t        <div class=\"ngg-gallery-thumbnail\">\n            <a href=\"http:\/\/przedszkoletworkow.pl\/wp-content\/gallery\/wrzesien-w-nutkach\/20210917_102655.jpg\"\n               title=\"\"\n               data-src=\"http:\/\/przedszkoletworkow.pl\/wp-content\/gallery\/wrzesien-w-nutkach\/20210917_102655.jpg\"\n               data-thumbnail=\"http:\/\/przedszkoletworkow.pl\/wp-content\/gallery\/wrzesien-w-nutkach\/thumbs\/thumbs_20210917_102655.jpg\"\n               data-image-id=\"117\"\n               data-title=\"20210917_102655\"\n               data-description=\"\"\n               data-image-slug=\"20210917_102655\"\n               class=\"ngg-simplelightbox\" rel=\"3099f01471cf5a89e988d3cd393ae76c\">\n                <img\n                    title=\"20210917_102655\"\n                    alt=\"20210917_102655\"\n                    src=\"http:\/\/przedszkoletworkow.pl\/wp-content\/gallery\/wrzesien-w-nutkach\/thumbs\/thumbs_20210917_102655.jpg\"\n                    width=\"240\"\n                    height=\"160\"\n                    style=\"max-width:100%;\"\n                \/>\n            <\/a>\n        <\/div>\n\t\t\t\t\t\t\t<\/div> \n\t\t\t\n\t\t\t\t<div id=\"ngg-image-15\" class=\"ngg-gallery-thumbnail-box \" >\n\t\t\t\t        <div class=\"ngg-gallery-thumbnail\">\n            <a href=\"http:\/\/przedszkoletworkow.pl\/wp-content\/gallery\/wrzesien-w-nutkach\/20210917_102700.jpg\"\n               title=\"\"\n               data-src=\"http:\/\/przedszkoletworkow.pl\/wp-content\/gallery\/wrzesien-w-nutkach\/20210917_102700.jpg\"\n               data-thumbnail=\"http:\/\/przedszkoletworkow.pl\/wp-content\/gallery\/wrzesien-w-nutkach\/thumbs\/thumbs_20210917_102700.jpg\"\n               data-image-id=\"118\"\n               data-title=\"20210917_102700\"\n               data-description=\"\"\n               data-image-slug=\"20210917_102700\"\n               class=\"ngg-simplelightbox\" rel=\"3099f01471cf5a89e988d3cd393ae76c\">\n                <img\n                    title=\"20210917_102700\"\n                    alt=\"20210917_102700\"\n                    src=\"http:\/\/przedszkoletworkow.pl\/wp-content\/gallery\/wrzesien-w-nutkach\/thumbs\/thumbs_20210917_102700.jpg\"\n                    width=\"240\"\n                    height=\"160\"\n                    style=\"max-width:100%;\"\n                \/>\n            <\/a>\n        <\/div>\n\t\t\t\t\t\t\t<\/div> \n\t\t\t\n\t\t\t\t<div id=\"ngg-image-16\" class=\"ngg-gallery-thumbnail-box \" >\n\t\t\t\t        <div class=\"ngg-gallery-thumbnail\">\n            <a href=\"http:\/\/przedszkoletworkow.pl\/wp-content\/gallery\/wrzesien-w-nutkach\/20210909_082344.jpg\"\n               title=\"\"\n               data-src=\"http:\/\/przedszkoletworkow.pl\/wp-content\/gallery\/wrzesien-w-nutkach\/20210909_082344.jpg\"\n               data-thumbnail=\"http:\/\/przedszkoletworkow.pl\/wp-content\/gallery\/wrzesien-w-nutkach\/thumbs\/thumbs_20210909_082344.jpg\"\n               data-image-id=\"356\"\n               data-title=\"20210909_082344\"\n               data-description=\"\"\n               data-image-slug=\"20210909_082344\"\n               class=\"ngg-simplelightbox\" rel=\"3099f01471cf5a89e988d3cd393ae76c\">\n                <img\n                    title=\"20210909_082344\"\n                    alt=\"20210909_082344\"\n                    src=\"http:\/\/przedszkoletworkow.pl\/wp-content\/gallery\/wrzesien-w-nutkach\/thumbs\/thumbs_20210909_082344.jpg\"\n                    width=\"240\"\n                    height=\"160\"\n                    style=\"max-width:100%;\"\n                \/>\n            <\/a>\n        <\/div>\n\t\t\t\t\t\t\t<\/div> \n\t\t\t\n\t\t\t\t<div id=\"ngg-image-17\" class=\"ngg-gallery-thumbnail-box \" >\n\t\t\t\t        <div class=\"ngg-gallery-thumbnail\">\n            <a href=\"http:\/\/przedszkoletworkow.pl\/wp-content\/gallery\/wrzesien-w-nutkach\/20210909_082320.jpg\"\n               title=\"\"\n               data-src=\"http:\/\/przedszkoletworkow.pl\/wp-content\/gallery\/wrzesien-w-nutkach\/20210909_082320.jpg\"\n               data-thumbnail=\"http:\/\/przedszkoletworkow.pl\/wp-content\/gallery\/wrzesien-w-nutkach\/thumbs\/thumbs_20210909_082320.jpg\"\n               data-image-id=\"357\"\n               data-title=\"20210909_082320\"\n               data-description=\"\"\n               data-image-slug=\"20210909_082320\"\n               class=\"ngg-simplelightbox\" rel=\"3099f01471cf5a89e988d3cd393ae76c\">\n                <img\n                    title=\"20210909_082320\"\n                    alt=\"20210909_082320\"\n                    src=\"http:\/\/przedszkoletworkow.pl\/wp-content\/gallery\/wrzesien-w-nutkach\/thumbs\/thumbs_20210909_082320.jpg\"\n                    width=\"240\"\n                    height=\"160\"\n                    style=\"max-width:100%;\"\n                \/>\n            <\/a>\n        <\/div>\n\t\t\t\t\t\t\t<\/div> \n\t\t\t\n\t\t\t\t<div id=\"ngg-image-18\" class=\"ngg-gallery-thumbnail-box \" >\n\t\t\t\t        <div class=\"ngg-gallery-thumbnail\">\n            <a href=\"http:\/\/przedszkoletworkow.pl\/wp-content\/gallery\/wrzesien-w-nutkach\/20210907_104732.jpg\"\n               title=\"\"\n               data-src=\"http:\/\/przedszkoletworkow.pl\/wp-content\/gallery\/wrzesien-w-nutkach\/20210907_104732.jpg\"\n               data-thumbnail=\"http:\/\/przedszkoletworkow.pl\/wp-content\/gallery\/wrzesien-w-nutkach\/thumbs\/thumbs_20210907_104732.jpg\"\n               data-image-id=\"358\"\n               data-title=\"20210907_104732\"\n               data-description=\"\"\n               data-image-slug=\"20210907_104732\"\n               class=\"ngg-simplelightbox\" rel=\"3099f01471cf5a89e988d3cd393ae76c\">\n                <img\n                    title=\"20210907_104732\"\n                    alt=\"20210907_104732\"\n                    src=\"http:\/\/przedszkoletworkow.pl\/wp-content\/gallery\/wrzesien-w-nutkach\/thumbs\/thumbs_20210907_104732.jpg\"\n                    width=\"240\"\n                    height=\"160\"\n                    style=\"max-width:100%;\"\n                \/>\n            <\/a>\n        <\/div>\n\t\t\t\t\t\t\t<\/div> \n\t\t\t\n\t\t\t\t<div id=\"ngg-image-19\" class=\"ngg-gallery-thumbnail-box \" >\n\t\t\t\t        <div class=\"ngg-gallery-thumbnail\">\n            <a href=\"http:\/\/przedszkoletworkow.pl\/wp-content\/gallery\/wrzesien-w-nutkach\/20210907_104421.jpg\"\n               title=\"\"\n               data-src=\"http:\/\/przedszkoletworkow.pl\/wp-content\/gallery\/wrzesien-w-nutkach\/20210907_104421.jpg\"\n               data-thumbnail=\"http:\/\/przedszkoletworkow.pl\/wp-content\/gallery\/wrzesien-w-nutkach\/thumbs\/thumbs_20210907_104421.jpg\"\n               data-image-id=\"359\"\n               data-title=\"20210907_104421\"\n               data-description=\"\"\n               data-image-slug=\"20210907_104421\"\n               class=\"ngg-simplelightbox\" rel=\"3099f01471cf5a89e988d3cd393ae76c\">\n                <img\n                    title=\"20210907_104421\"\n                    alt=\"20210907_104421\"\n                    src=\"http:\/\/przedszkoletworkow.pl\/wp-content\/gallery\/wrzesien-w-nutkach\/thumbs\/thumbs_20210907_104421.jpg\"\n                    width=\"240\"\n                    height=\"160\"\n                    style=\"max-width:100%;\"\n                \/>\n            <\/a>\n        <\/div>\n\t\t\t\t\t\t\t<\/div> \n\t\t\t\n\t\t\t\t<div id=\"ngg-image-20\" class=\"ngg-gallery-thumbnail-box \" >\n\t\t\t\t        <div class=\"ngg-gallery-thumbnail\">\n            <a href=\"http:\/\/przedszkoletworkow.pl\/wp-content\/gallery\/wrzesien-w-nutkach\/20210909_082329.jpg\"\n               title=\"\"\n               data-src=\"http:\/\/przedszkoletworkow.pl\/wp-content\/gallery\/wrzesien-w-nutkach\/20210909_082329.jpg\"\n               data-thumbnail=\"http:\/\/przedszkoletworkow.pl\/wp-content\/gallery\/wrzesien-w-nutkach\/thumbs\/thumbs_20210909_082329.jpg\"\n               data-image-id=\"360\"\n               data-title=\"20210909_082329\"\n               data-description=\"\"\n               data-image-slug=\"20210909_082329\"\n               class=\"ngg-simplelightbox\" rel=\"3099f01471cf5a89e988d3cd393ae76c\">\n                <img\n                    title=\"20210909_082329\"\n                    alt=\"20210909_082329\"\n                    src=\"http:\/\/przedszkoletworkow.pl\/wp-content\/gallery\/wrzesien-w-nutkach\/thumbs\/thumbs_20210909_082329.jpg\"\n                    width=\"240\"\n                    height=\"160\"\n                    style=\"max-width:100%;\"\n                \/>\n            <\/a>\n        <\/div>\n\t\t\t\t\t\t\t<\/div> \n\t\t\t\n\t\t\t\t<div id=\"ngg-image-21\" class=\"ngg-gallery-thumbnail-box \" >\n\t\t\t\t        <div class=\"ngg-gallery-thumbnail\">\n            <a href=\"http:\/\/przedszkoletworkow.pl\/wp-content\/gallery\/wrzesien-w-nutkach\/20210910_102556.jpg\"\n               title=\"\"\n               data-src=\"http:\/\/przedszkoletworkow.pl\/wp-content\/gallery\/wrzesien-w-nutkach\/20210910_102556.jpg\"\n               data-thumbnail=\"http:\/\/przedszkoletworkow.pl\/wp-content\/gallery\/wrzesien-w-nutkach\/thumbs\/thumbs_20210910_102556.jpg\"\n               data-image-id=\"361\"\n               data-title=\"20210910_102556\"\n               data-description=\"\"\n               data-image-slug=\"20210910_102556\"\n               class=\"ngg-simplelightbox\" rel=\"3099f01471cf5a89e988d3cd393ae76c\">\n                <img\n                    title=\"20210910_102556\"\n                    alt=\"20210910_102556\"\n                    src=\"http:\/\/przedszkoletworkow.pl\/wp-content\/gallery\/wrzesien-w-nutkach\/thumbs\/thumbs_20210910_102556.jpg\"\n                    width=\"240\"\n                    height=\"160\"\n                    style=\"max-width:100%;\"\n                \/>\n            <\/a>\n        <\/div>\n\t\t\t\t\t\t\t<\/div> \n\t\t\t\n\t\t\t\t<div id=\"ngg-image-22\" class=\"ngg-gallery-thumbnail-box \" >\n\t\t\t\t        <div class=\"ngg-gallery-thumbnail\">\n            <a href=\"http:\/\/przedszkoletworkow.pl\/wp-content\/gallery\/wrzesien-w-nutkach\/20210910_103314.jpg\"\n               title=\"\"\n               data-src=\"http:\/\/przedszkoletworkow.pl\/wp-content\/gallery\/wrzesien-w-nutkach\/20210910_103314.jpg\"\n               data-thumbnail=\"http:\/\/przedszkoletworkow.pl\/wp-content\/gallery\/wrzesien-w-nutkach\/thumbs\/thumbs_20210910_103314.jpg\"\n               data-image-id=\"362\"\n               data-title=\"20210910_103314\"\n               data-description=\"\"\n               data-image-slug=\"20210910_103314\"\n               class=\"ngg-simplelightbox\" rel=\"3099f01471cf5a89e988d3cd393ae76c\">\n                <img\n                    title=\"20210910_103314\"\n                    alt=\"20210910_103314\"\n                    src=\"http:\/\/przedszkoletworkow.pl\/wp-content\/gallery\/wrzesien-w-nutkach\/thumbs\/thumbs_20210910_103314.jpg\"\n                    width=\"240\"\n                    height=\"160\"\n                    style=\"max-width:100%;\"\n                \/>\n            <\/a>\n        <\/div>\n\t\t\t\t\t\t\t<\/div> \n\t\t\t\n\t\t\t\t<div id=\"ngg-image-23\" class=\"ngg-gallery-thumbnail-box \" >\n\t\t\t\t        <div class=\"ngg-gallery-thumbnail\">\n            <a href=\"http:\/\/przedszkoletworkow.pl\/wp-content\/gallery\/wrzesien-w-nutkach\/20210910_103434.jpg\"\n               title=\"\"\n               data-src=\"http:\/\/przedszkoletworkow.pl\/wp-content\/gallery\/wrzesien-w-nutkach\/20210910_103434.jpg\"\n               data-thumbnail=\"http:\/\/przedszkoletworkow.pl\/wp-content\/gallery\/wrzesien-w-nutkach\/thumbs\/thumbs_20210910_103434.jpg\"\n               data-image-id=\"363\"\n               data-title=\"20210910_103434\"\n               data-description=\"\"\n               data-image-slug=\"20210910_103434\"\n               class=\"ngg-simplelightbox\" rel=\"3099f01471cf5a89e988d3cd393ae76c\">\n                <img\n                    title=\"20210910_103434\"\n                    alt=\"20210910_103434\"\n                    src=\"http:\/\/przedszkoletworkow.pl\/wp-content\/gallery\/wrzesien-w-nutkach\/thumbs\/thumbs_20210910_103434.jpg\"\n                    width=\"240\"\n                    height=\"160\"\n                    style=\"max-width:100%;\"\n                \/>\n            <\/a>\n        <\/div>\n\t\t\t\t\t\t\t<\/div> \n\t\t\t\n\t\n\t<br style=\"clear: both\" \/>\n\n\t\n\t\t<!-- Pagination -->\n\t<div class='ngg-navigation'><span class='current'>1<\/span>\n<a class='page-numbers' data-pageid='2' href='http:\/\/przedszkoletworkow.pl\/index.php\/nggallery\/page\/2?p=2308'>2<\/a>\n<a class='prev' href='http:\/\/przedszkoletworkow.pl\/index.php\/nggallery\/page\/2?p=2308' data-pageid=2>&#9658;<\/a><\/div>\t<\/div>\n\n","protected":false},"excerpt":{"rendered":"<p>Pocz\u0105tek roku szkolnego to wyj\u0105tkowy czas dla nowych przedszkolak\u00f3w i ich rodzin. We wrze\u015bniu grupa Nutki spotka\u0142a si\u0119 po raz pierwszy. A tak wygl\u0105da\u0142y pocz\u0105tki adaptacji i wsp\u00f3\u0142pracy \ud83d\ude42<\/p>\n","protected":false},"author":1,"featured_media":0,"comment_status":"open","ping_status":"open","sticky":false,"template":"","format":"standard","meta":{"ngg_post_thumbnail":0,"footnotes":""},"categories":[1],"tags":[],"class_list":["post-2308","post","type-post","status-publish","format-standard","hentry","category-bez-kategorii"],"_links":{"self":[{"href":"http:\/\/przedszkoletworkow.pl\/index.php?rest_route=\/wp\/v2\/posts\/2308","targetHints":{"allow":["GET"]}}],"collection":[{"href":"http:\/\/przedszkoletworkow.pl\/index.php?rest_route=\/wp\/v2\/posts"}],"about":[{"href":"http:\/\/przedszkoletworkow.pl\/index.php?rest_route=\/wp\/v2\/types\/post"}],"author":[{"embeddable":true,"href":"http:\/\/przedszkoletworkow.pl\/index.php?rest_route=\/wp\/v2\/users\/1"}],"replies":[{"embeddable":true,"href":"http:\/\/przedszkoletworkow.pl\/index.php?rest_route=%2Fwp%2Fv2%2Fcomments&post=2308"}],"version-history":[{"count":2,"href":"http:\/\/przedszkoletworkow.pl\/index.php?rest_route=\/wp\/v2\/posts\/2308\/revisions"}],"predecessor-version":[{"id":2477,"href":"http:\/\/przedszkoletworkow.pl\/index.php?rest_route=\/wp\/v2\/posts\/2308\/revisions\/2477"}],"wp:attachment":[{"href":"http:\/\/przedszkoletworkow.pl\/index.php?rest_route=%2Fwp%2Fv2%2Fmedia&parent=2308"}],"wp:term":[{"taxonomy":"category","embeddable":true,"href":"http:\/\/przedszkoletworkow.pl\/index.php?rest_route=%2Fwp%2Fv2%2Fcategories&post=2308"},{"taxonomy":"post_tag","embeddable":true,"href":"http:\/\/przedszkoletworkow.pl\/index.php?rest_route=%2Fwp%2Fv2%2Ftags&post=2308"}],"curies":[{"name":"wp","href":"https:\/\/api.w.org\/{rel}","templated":true}]}}