{"id":2258,"date":"2021-10-03T18:44:09","date_gmt":"2021-10-03T16:44:09","guid":{"rendered":"https:\/\/server462349.nazwa.pl\/wordpress\/wpn_tworkow\/?p=2258"},"modified":"2021-10-05T15:14:55","modified_gmt":"2021-10-05T13:14:55","slug":"dzien-przedszkolaka","status":"publish","type":"post","link":"http:\/\/przedszkoletworkow.pl\/?p=2258","title":{"rendered":"Dzie\u0144 Przedszkolaka"},"content":{"rendered":"<p>&nbsp;<\/p>\n<p>Co roku 20 wrze\u015bnia przedszkolaki obchodz\u0105 swoje \u015bwi\u0119to. W tym roku \u015bwi\u0119towali\u015bmy kolorowo i tanecznie!<\/p>\n<!-- default-view.php -->\n<div\n\tclass=\"ngg-galleryoverview default-view \"\n\tid=\"ngg-gallery-2b21b111ff732b2df9a366b6eea90c10-1\">\n\n\t\t<!-- Thumbnails -->\n\t\t\t\t<div id=\"ngg-image-0\" class=\"ngg-gallery-thumbnail-box \" >\n\t\t\t\t        <div class=\"ngg-gallery-thumbnail\">\n            <a href=\"http:\/\/przedszkoletworkow.pl\/wp-content\/gallery\/dzien-przedszkolaka-2021\/20210921_095441.jpg\"\n               title=\"\"\n               data-src=\"http:\/\/przedszkoletworkow.pl\/wp-content\/gallery\/dzien-przedszkolaka-2021\/20210921_095441.jpg\"\n               data-thumbnail=\"http:\/\/przedszkoletworkow.pl\/wp-content\/gallery\/dzien-przedszkolaka-2021\/thumbs\/thumbs_20210921_095441.jpg\"\n               data-image-id=\"119\"\n               data-title=\"20210921_095441\"\n               data-description=\"\"\n               data-image-slug=\"20210921_095441\"\n               class=\"ngg-simplelightbox\" rel=\"2b21b111ff732b2df9a366b6eea90c10\">\n                <img\n                    title=\"20210921_095441\"\n                    alt=\"20210921_095441\"\n                    src=\"http:\/\/przedszkoletworkow.pl\/wp-content\/gallery\/dzien-przedszkolaka-2021\/thumbs\/thumbs_20210921_095441.jpg\"\n                    width=\"240\"\n                    height=\"160\"\n                    style=\"max-width:100%;\"\n                \/>\n            <\/a>\n        <\/div>\n\t\t\t\t\t\t\t<\/div> \n\t\t\t\n\t\t\t\t<div id=\"ngg-image-1\" class=\"ngg-gallery-thumbnail-box \" >\n\t\t\t\t        <div class=\"ngg-gallery-thumbnail\">\n            <a href=\"http:\/\/przedszkoletworkow.pl\/wp-content\/gallery\/dzien-przedszkolaka-2021\/20210921_100206.jpg\"\n               title=\"\"\n               data-src=\"http:\/\/przedszkoletworkow.pl\/wp-content\/gallery\/dzien-przedszkolaka-2021\/20210921_100206.jpg\"\n               data-thumbnail=\"http:\/\/przedszkoletworkow.pl\/wp-content\/gallery\/dzien-przedszkolaka-2021\/thumbs\/thumbs_20210921_100206.jpg\"\n               data-image-id=\"120\"\n               data-title=\"20210921_100206\"\n               data-description=\"\"\n               data-image-slug=\"20210921_100206\"\n               class=\"ngg-simplelightbox\" rel=\"2b21b111ff732b2df9a366b6eea90c10\">\n                <img\n                    title=\"20210921_100206\"\n                    alt=\"20210921_100206\"\n                    src=\"http:\/\/przedszkoletworkow.pl\/wp-content\/gallery\/dzien-przedszkolaka-2021\/thumbs\/thumbs_20210921_100206.jpg\"\n                    width=\"240\"\n                    height=\"160\"\n                    style=\"max-width:100%;\"\n                \/>\n            <\/a>\n        <\/div>\n\t\t\t\t\t\t\t<\/div> \n\t\t\t\n\t\t\t\t<div id=\"ngg-image-2\" class=\"ngg-gallery-thumbnail-box \" >\n\t\t\t\t        <div class=\"ngg-gallery-thumbnail\">\n            <a href=\"http:\/\/przedszkoletworkow.pl\/wp-content\/gallery\/dzien-przedszkolaka-2021\/20210921_101709.jpg\"\n               title=\"\"\n               data-src=\"http:\/\/przedszkoletworkow.pl\/wp-content\/gallery\/dzien-przedszkolaka-2021\/20210921_101709.jpg\"\n               data-thumbnail=\"http:\/\/przedszkoletworkow.pl\/wp-content\/gallery\/dzien-przedszkolaka-2021\/thumbs\/thumbs_20210921_101709.jpg\"\n               data-image-id=\"121\"\n               data-title=\"20210921_101709\"\n               data-description=\"\"\n               data-image-slug=\"20210921_101709\"\n               class=\"ngg-simplelightbox\" rel=\"2b21b111ff732b2df9a366b6eea90c10\">\n                <img\n                    title=\"20210921_101709\"\n                    alt=\"20210921_101709\"\n                    src=\"http:\/\/przedszkoletworkow.pl\/wp-content\/gallery\/dzien-przedszkolaka-2021\/thumbs\/thumbs_20210921_101709.jpg\"\n                    width=\"240\"\n                    height=\"160\"\n                    style=\"max-width:100%;\"\n                \/>\n            <\/a>\n        <\/div>\n\t\t\t\t\t\t\t<\/div> \n\t\t\t\n\t\t\t\t<div id=\"ngg-image-3\" class=\"ngg-gallery-thumbnail-box \" >\n\t\t\t\t        <div class=\"ngg-gallery-thumbnail\">\n            <a href=\"http:\/\/przedszkoletworkow.pl\/wp-content\/gallery\/dzien-przedszkolaka-2021\/20210921_102247.jpg\"\n               title=\"\"\n               data-src=\"http:\/\/przedszkoletworkow.pl\/wp-content\/gallery\/dzien-przedszkolaka-2021\/20210921_102247.jpg\"\n               data-thumbnail=\"http:\/\/przedszkoletworkow.pl\/wp-content\/gallery\/dzien-przedszkolaka-2021\/thumbs\/thumbs_20210921_102247.jpg\"\n               data-image-id=\"122\"\n               data-title=\"20210921_102247\"\n               data-description=\"\"\n               data-image-slug=\"20210921_102247\"\n               class=\"ngg-simplelightbox\" rel=\"2b21b111ff732b2df9a366b6eea90c10\">\n                <img\n                    title=\"20210921_102247\"\n                    alt=\"20210921_102247\"\n                    src=\"http:\/\/przedszkoletworkow.pl\/wp-content\/gallery\/dzien-przedszkolaka-2021\/thumbs\/thumbs_20210921_102247.jpg\"\n                    width=\"240\"\n                    height=\"160\"\n                    style=\"max-width:100%;\"\n                \/>\n            <\/a>\n        <\/div>\n\t\t\t\t\t\t\t<\/div> \n\t\t\t\n\t\t\t\t<div id=\"ngg-image-4\" class=\"ngg-gallery-thumbnail-box \" >\n\t\t\t\t        <div class=\"ngg-gallery-thumbnail\">\n            <a href=\"http:\/\/przedszkoletworkow.pl\/wp-content\/gallery\/dzien-przedszkolaka-2021\/20210921_102536.jpg\"\n               title=\"\"\n               data-src=\"http:\/\/przedszkoletworkow.pl\/wp-content\/gallery\/dzien-przedszkolaka-2021\/20210921_102536.jpg\"\n               data-thumbnail=\"http:\/\/przedszkoletworkow.pl\/wp-content\/gallery\/dzien-przedszkolaka-2021\/thumbs\/thumbs_20210921_102536.jpg\"\n               data-image-id=\"123\"\n               data-title=\"20210921_102536\"\n               data-description=\"\"\n               data-image-slug=\"20210921_102536\"\n               class=\"ngg-simplelightbox\" rel=\"2b21b111ff732b2df9a366b6eea90c10\">\n                <img\n                    title=\"20210921_102536\"\n                    alt=\"20210921_102536\"\n                    src=\"http:\/\/przedszkoletworkow.pl\/wp-content\/gallery\/dzien-przedszkolaka-2021\/thumbs\/thumbs_20210921_102536.jpg\"\n                    width=\"240\"\n                    height=\"160\"\n                    style=\"max-width:100%;\"\n                \/>\n            <\/a>\n        <\/div>\n\t\t\t\t\t\t\t<\/div> \n\t\t\t\n\t\t\t\t<div id=\"ngg-image-5\" class=\"ngg-gallery-thumbnail-box \" >\n\t\t\t\t        <div class=\"ngg-gallery-thumbnail\">\n            <a href=\"http:\/\/przedszkoletworkow.pl\/wp-content\/gallery\/dzien-przedszkolaka-2021\/20210921_102554.jpg\"\n               title=\"\"\n               data-src=\"http:\/\/przedszkoletworkow.pl\/wp-content\/gallery\/dzien-przedszkolaka-2021\/20210921_102554.jpg\"\n               data-thumbnail=\"http:\/\/przedszkoletworkow.pl\/wp-content\/gallery\/dzien-przedszkolaka-2021\/thumbs\/thumbs_20210921_102554.jpg\"\n               data-image-id=\"124\"\n               data-title=\"20210921_102554\"\n               data-description=\"\"\n               data-image-slug=\"20210921_102554\"\n               class=\"ngg-simplelightbox\" rel=\"2b21b111ff732b2df9a366b6eea90c10\">\n                <img\n                    title=\"20210921_102554\"\n                    alt=\"20210921_102554\"\n                    src=\"http:\/\/przedszkoletworkow.pl\/wp-content\/gallery\/dzien-przedszkolaka-2021\/thumbs\/thumbs_20210921_102554.jpg\"\n                    width=\"240\"\n                    height=\"160\"\n                    style=\"max-width:100%;\"\n                \/>\n            <\/a>\n        <\/div>\n\t\t\t\t\t\t\t<\/div> \n\t\t\t\n\t\t\t\t<div id=\"ngg-image-6\" class=\"ngg-gallery-thumbnail-box \" >\n\t\t\t\t        <div class=\"ngg-gallery-thumbnail\">\n            <a href=\"http:\/\/przedszkoletworkow.pl\/wp-content\/gallery\/dzien-przedszkolaka-2021\/20210921_104015.jpg\"\n               title=\"\"\n               data-src=\"http:\/\/przedszkoletworkow.pl\/wp-content\/gallery\/dzien-przedszkolaka-2021\/20210921_104015.jpg\"\n               data-thumbnail=\"http:\/\/przedszkoletworkow.pl\/wp-content\/gallery\/dzien-przedszkolaka-2021\/thumbs\/thumbs_20210921_104015.jpg\"\n               data-image-id=\"125\"\n               data-title=\"20210921_104015\"\n               data-description=\"\"\n               data-image-slug=\"20210921_104015\"\n               class=\"ngg-simplelightbox\" rel=\"2b21b111ff732b2df9a366b6eea90c10\">\n                <img\n                    title=\"20210921_104015\"\n                    alt=\"20210921_104015\"\n                    src=\"http:\/\/przedszkoletworkow.pl\/wp-content\/gallery\/dzien-przedszkolaka-2021\/thumbs\/thumbs_20210921_104015.jpg\"\n                    width=\"240\"\n                    height=\"160\"\n                    style=\"max-width:100%;\"\n                \/>\n            <\/a>\n        <\/div>\n\t\t\t\t\t\t\t<\/div> \n\t\t\t\n\t\t\t\t<div id=\"ngg-image-7\" class=\"ngg-gallery-thumbnail-box \" >\n\t\t\t\t        <div class=\"ngg-gallery-thumbnail\">\n            <a href=\"http:\/\/przedszkoletworkow.pl\/wp-content\/gallery\/dzien-przedszkolaka-2021\/20210921_102608.jpg\"\n               title=\"\"\n               data-src=\"http:\/\/przedszkoletworkow.pl\/wp-content\/gallery\/dzien-przedszkolaka-2021\/20210921_102608.jpg\"\n               data-thumbnail=\"http:\/\/przedszkoletworkow.pl\/wp-content\/gallery\/dzien-przedszkolaka-2021\/thumbs\/thumbs_20210921_102608.jpg\"\n               data-image-id=\"126\"\n               data-title=\"20210921_102608\"\n               data-description=\"\"\n               data-image-slug=\"20210921_102608\"\n               class=\"ngg-simplelightbox\" rel=\"2b21b111ff732b2df9a366b6eea90c10\">\n                <img\n                    title=\"20210921_102608\"\n                    alt=\"20210921_102608\"\n                    src=\"http:\/\/przedszkoletworkow.pl\/wp-content\/gallery\/dzien-przedszkolaka-2021\/thumbs\/thumbs_20210921_102608.jpg\"\n                    width=\"240\"\n                    height=\"160\"\n                    style=\"max-width:100%;\"\n                \/>\n            <\/a>\n        <\/div>\n\t\t\t\t\t\t\t<\/div> \n\t\t\t\n\t\t\t\t<div id=\"ngg-image-8\" class=\"ngg-gallery-thumbnail-box \" >\n\t\t\t\t        <div class=\"ngg-gallery-thumbnail\">\n            <a href=\"http:\/\/przedszkoletworkow.pl\/wp-content\/gallery\/dzien-przedszkolaka-2021\/20210921_104048.jpg\"\n               title=\"\"\n               data-src=\"http:\/\/przedszkoletworkow.pl\/wp-content\/gallery\/dzien-przedszkolaka-2021\/20210921_104048.jpg\"\n               data-thumbnail=\"http:\/\/przedszkoletworkow.pl\/wp-content\/gallery\/dzien-przedszkolaka-2021\/thumbs\/thumbs_20210921_104048.jpg\"\n               data-image-id=\"127\"\n               data-title=\"20210921_104048\"\n               data-description=\"\"\n               data-image-slug=\"20210921_104048\"\n               class=\"ngg-simplelightbox\" rel=\"2b21b111ff732b2df9a366b6eea90c10\">\n                <img\n                    title=\"20210921_104048\"\n                    alt=\"20210921_104048\"\n                    src=\"http:\/\/przedszkoletworkow.pl\/wp-content\/gallery\/dzien-przedszkolaka-2021\/thumbs\/thumbs_20210921_104048.jpg\"\n                    width=\"240\"\n                    height=\"160\"\n                    style=\"max-width:100%;\"\n                \/>\n            <\/a>\n        <\/div>\n\t\t\t\t\t\t\t<\/div> \n\t\t\t\n\t\t\t\t<div id=\"ngg-image-9\" class=\"ngg-gallery-thumbnail-box \" >\n\t\t\t\t        <div class=\"ngg-gallery-thumbnail\">\n            <a href=\"http:\/\/przedszkoletworkow.pl\/wp-content\/gallery\/dzien-przedszkolaka-2021\/20210921_104121.jpg\"\n               title=\"\"\n               data-src=\"http:\/\/przedszkoletworkow.pl\/wp-content\/gallery\/dzien-przedszkolaka-2021\/20210921_104121.jpg\"\n               data-thumbnail=\"http:\/\/przedszkoletworkow.pl\/wp-content\/gallery\/dzien-przedszkolaka-2021\/thumbs\/thumbs_20210921_104121.jpg\"\n               data-image-id=\"128\"\n               data-title=\"20210921_104121\"\n               data-description=\"\"\n               data-image-slug=\"20210921_104121\"\n               class=\"ngg-simplelightbox\" rel=\"2b21b111ff732b2df9a366b6eea90c10\">\n                <img\n                    title=\"20210921_104121\"\n                    alt=\"20210921_104121\"\n                    src=\"http:\/\/przedszkoletworkow.pl\/wp-content\/gallery\/dzien-przedszkolaka-2021\/thumbs\/thumbs_20210921_104121.jpg\"\n                    width=\"240\"\n                    height=\"160\"\n                    style=\"max-width:100%;\"\n                \/>\n            <\/a>\n        <\/div>\n\t\t\t\t\t\t\t<\/div> \n\t\t\t\n\t\t\t\t<div id=\"ngg-image-10\" class=\"ngg-gallery-thumbnail-box \" >\n\t\t\t\t        <div class=\"ngg-gallery-thumbnail\">\n            <a href=\"http:\/\/przedszkoletworkow.pl\/wp-content\/gallery\/dzien-przedszkolaka-2021\/20210921_105318.jpg\"\n               title=\"\"\n               data-src=\"http:\/\/przedszkoletworkow.pl\/wp-content\/gallery\/dzien-przedszkolaka-2021\/20210921_105318.jpg\"\n               data-thumbnail=\"http:\/\/przedszkoletworkow.pl\/wp-content\/gallery\/dzien-przedszkolaka-2021\/thumbs\/thumbs_20210921_105318.jpg\"\n               data-image-id=\"129\"\n               data-title=\"20210921_105318\"\n               data-description=\"\"\n               data-image-slug=\"20210921_105318\"\n               class=\"ngg-simplelightbox\" rel=\"2b21b111ff732b2df9a366b6eea90c10\">\n                <img\n                    title=\"20210921_105318\"\n                    alt=\"20210921_105318\"\n                    src=\"http:\/\/przedszkoletworkow.pl\/wp-content\/gallery\/dzien-przedszkolaka-2021\/thumbs\/thumbs_20210921_105318.jpg\"\n                    width=\"240\"\n                    height=\"160\"\n                    style=\"max-width:100%;\"\n                \/>\n            <\/a>\n        <\/div>\n\t\t\t\t\t\t\t<\/div> \n\t\t\t\n\t\t\t\t<div id=\"ngg-image-11\" class=\"ngg-gallery-thumbnail-box \" >\n\t\t\t\t        <div class=\"ngg-gallery-thumbnail\">\n            <a href=\"http:\/\/przedszkoletworkow.pl\/wp-content\/gallery\/dzien-przedszkolaka-2021\/20210921_105331.jpg\"\n               title=\"\"\n               data-src=\"http:\/\/przedszkoletworkow.pl\/wp-content\/gallery\/dzien-przedszkolaka-2021\/20210921_105331.jpg\"\n               data-thumbnail=\"http:\/\/przedszkoletworkow.pl\/wp-content\/gallery\/dzien-przedszkolaka-2021\/thumbs\/thumbs_20210921_105331.jpg\"\n               data-image-id=\"130\"\n               data-title=\"20210921_105331\"\n               data-description=\"\"\n               data-image-slug=\"20210921_105331\"\n               class=\"ngg-simplelightbox\" rel=\"2b21b111ff732b2df9a366b6eea90c10\">\n                <img\n                    title=\"20210921_105331\"\n                    alt=\"20210921_105331\"\n                    src=\"http:\/\/przedszkoletworkow.pl\/wp-content\/gallery\/dzien-przedszkolaka-2021\/thumbs\/thumbs_20210921_105331.jpg\"\n                    width=\"240\"\n                    height=\"160\"\n                    style=\"max-width:100%;\"\n                \/>\n            <\/a>\n        <\/div>\n\t\t\t\t\t\t\t<\/div> \n\t\t\t\n\t\t\t\t<div id=\"ngg-image-12\" class=\"ngg-gallery-thumbnail-box \" >\n\t\t\t\t        <div class=\"ngg-gallery-thumbnail\">\n            <a href=\"http:\/\/przedszkoletworkow.pl\/wp-content\/gallery\/dzien-przedszkolaka-2021\/20210921_105339.jpg\"\n               title=\"\"\n               data-src=\"http:\/\/przedszkoletworkow.pl\/wp-content\/gallery\/dzien-przedszkolaka-2021\/20210921_105339.jpg\"\n               data-thumbnail=\"http:\/\/przedszkoletworkow.pl\/wp-content\/gallery\/dzien-przedszkolaka-2021\/thumbs\/thumbs_20210921_105339.jpg\"\n               data-image-id=\"131\"\n               data-title=\"20210921_105339\"\n               data-description=\"\"\n               data-image-slug=\"20210921_105339\"\n               class=\"ngg-simplelightbox\" rel=\"2b21b111ff732b2df9a366b6eea90c10\">\n                <img\n                    title=\"20210921_105339\"\n                    alt=\"20210921_105339\"\n                    src=\"http:\/\/przedszkoletworkow.pl\/wp-content\/gallery\/dzien-przedszkolaka-2021\/thumbs\/thumbs_20210921_105339.jpg\"\n                    width=\"240\"\n                    height=\"160\"\n                    style=\"max-width:100%;\"\n                \/>\n            <\/a>\n        <\/div>\n\t\t\t\t\t\t\t<\/div> \n\t\t\t\n\t\t\t\t<div id=\"ngg-image-13\" class=\"ngg-gallery-thumbnail-box \" >\n\t\t\t\t        <div class=\"ngg-gallery-thumbnail\">\n            <a href=\"http:\/\/przedszkoletworkow.pl\/wp-content\/gallery\/dzien-przedszkolaka-2021\/20210921_105344.jpg\"\n               title=\"\"\n               data-src=\"http:\/\/przedszkoletworkow.pl\/wp-content\/gallery\/dzien-przedszkolaka-2021\/20210921_105344.jpg\"\n               data-thumbnail=\"http:\/\/przedszkoletworkow.pl\/wp-content\/gallery\/dzien-przedszkolaka-2021\/thumbs\/thumbs_20210921_105344.jpg\"\n               data-image-id=\"132\"\n               data-title=\"20210921_105344\"\n               data-description=\"\"\n               data-image-slug=\"20210921_105344\"\n               class=\"ngg-simplelightbox\" rel=\"2b21b111ff732b2df9a366b6eea90c10\">\n                <img\n                    title=\"20210921_105344\"\n                    alt=\"20210921_105344\"\n                    src=\"http:\/\/przedszkoletworkow.pl\/wp-content\/gallery\/dzien-przedszkolaka-2021\/thumbs\/thumbs_20210921_105344.jpg\"\n                    width=\"240\"\n                    height=\"160\"\n                    style=\"max-width:100%;\"\n                \/>\n            <\/a>\n        <\/div>\n\t\t\t\t\t\t\t<\/div> \n\t\t\t\n\t\t\t\t<div id=\"ngg-image-14\" class=\"ngg-gallery-thumbnail-box \" >\n\t\t\t\t        <div class=\"ngg-gallery-thumbnail\">\n            <a href=\"http:\/\/przedszkoletworkow.pl\/wp-content\/gallery\/dzien-przedszkolaka-2021\/20210921_105437.jpg\"\n               title=\"\"\n               data-src=\"http:\/\/przedszkoletworkow.pl\/wp-content\/gallery\/dzien-przedszkolaka-2021\/20210921_105437.jpg\"\n               data-thumbnail=\"http:\/\/przedszkoletworkow.pl\/wp-content\/gallery\/dzien-przedszkolaka-2021\/thumbs\/thumbs_20210921_105437.jpg\"\n               data-image-id=\"133\"\n               data-title=\"20210921_105437\"\n               data-description=\"\"\n               data-image-slug=\"20210921_105437\"\n               class=\"ngg-simplelightbox\" rel=\"2b21b111ff732b2df9a366b6eea90c10\">\n                <img\n                    title=\"20210921_105437\"\n                    alt=\"20210921_105437\"\n                    src=\"http:\/\/przedszkoletworkow.pl\/wp-content\/gallery\/dzien-przedszkolaka-2021\/thumbs\/thumbs_20210921_105437.jpg\"\n                    width=\"240\"\n                    height=\"160\"\n                    style=\"max-width:100%;\"\n                \/>\n            <\/a>\n        <\/div>\n\t\t\t\t\t\t\t<\/div> \n\t\t\t\n\t\t\t\t<div id=\"ngg-image-15\" class=\"ngg-gallery-thumbnail-box \" >\n\t\t\t\t        <div class=\"ngg-gallery-thumbnail\">\n            <a href=\"http:\/\/przedszkoletworkow.pl\/wp-content\/gallery\/dzien-przedszkolaka-2021\/20210921_110145.jpg\"\n               title=\"\"\n               data-src=\"http:\/\/przedszkoletworkow.pl\/wp-content\/gallery\/dzien-przedszkolaka-2021\/20210921_110145.jpg\"\n               data-thumbnail=\"http:\/\/przedszkoletworkow.pl\/wp-content\/gallery\/dzien-przedszkolaka-2021\/thumbs\/thumbs_20210921_110145.jpg\"\n               data-image-id=\"134\"\n               data-title=\"20210921_110145\"\n               data-description=\"\"\n               data-image-slug=\"20210921_110145\"\n               class=\"ngg-simplelightbox\" rel=\"2b21b111ff732b2df9a366b6eea90c10\">\n                <img\n                    title=\"20210921_110145\"\n                    alt=\"20210921_110145\"\n                    src=\"http:\/\/przedszkoletworkow.pl\/wp-content\/gallery\/dzien-przedszkolaka-2021\/thumbs\/thumbs_20210921_110145.jpg\"\n                    width=\"240\"\n                    height=\"160\"\n                    style=\"max-width:100%;\"\n                \/>\n            <\/a>\n        <\/div>\n\t\t\t\t\t\t\t<\/div> \n\t\t\t\n\t\t\t\t<div id=\"ngg-image-16\" class=\"ngg-gallery-thumbnail-box \" >\n\t\t\t\t        <div class=\"ngg-gallery-thumbnail\">\n            <a href=\"http:\/\/przedszkoletworkow.pl\/wp-content\/gallery\/dzien-przedszkolaka-2021\/242673406_592788605085417_3442483947808862343_n.jpg\"\n               title=\"\"\n               data-src=\"http:\/\/przedszkoletworkow.pl\/wp-content\/gallery\/dzien-przedszkolaka-2021\/242673406_592788605085417_3442483947808862343_n.jpg\"\n               data-thumbnail=\"http:\/\/przedszkoletworkow.pl\/wp-content\/gallery\/dzien-przedszkolaka-2021\/thumbs\/thumbs_242673406_592788605085417_3442483947808862343_n.jpg\"\n               data-image-id=\"135\"\n               data-title=\"242673406_592788605085417_3442483947808862343_n\"\n               data-description=\"\"\n               data-image-slug=\"242673406_592788605085417_3442483947808862343_n\"\n               class=\"ngg-simplelightbox\" rel=\"2b21b111ff732b2df9a366b6eea90c10\">\n                <img\n                    title=\"242673406_592788605085417_3442483947808862343_n\"\n                    alt=\"242673406_592788605085417_3442483947808862343_n\"\n                    src=\"http:\/\/przedszkoletworkow.pl\/wp-content\/gallery\/dzien-przedszkolaka-2021\/thumbs\/thumbs_242673406_592788605085417_3442483947808862343_n.jpg\"\n                    width=\"240\"\n                    height=\"160\"\n                    style=\"max-width:100%;\"\n                \/>\n            <\/a>\n        <\/div>\n\t\t\t\t\t\t\t<\/div> \n\t\t\t\n\t\t\t\t<div id=\"ngg-image-17\" class=\"ngg-gallery-thumbnail-box \" >\n\t\t\t\t        <div class=\"ngg-gallery-thumbnail\">\n            <a href=\"http:\/\/przedszkoletworkow.pl\/wp-content\/gallery\/dzien-przedszkolaka-2021\/242662298_773896806744315_8103781777813391214_n.jpg\"\n               title=\"\"\n               data-src=\"http:\/\/przedszkoletworkow.pl\/wp-content\/gallery\/dzien-przedszkolaka-2021\/242662298_773896806744315_8103781777813391214_n.jpg\"\n               data-thumbnail=\"http:\/\/przedszkoletworkow.pl\/wp-content\/gallery\/dzien-przedszkolaka-2021\/thumbs\/thumbs_242662298_773896806744315_8103781777813391214_n.jpg\"\n               data-image-id=\"136\"\n               data-title=\"242662298_773896806744315_8103781777813391214_n\"\n               data-description=\"\"\n               data-image-slug=\"242662298_773896806744315_8103781777813391214_n\"\n               class=\"ngg-simplelightbox\" rel=\"2b21b111ff732b2df9a366b6eea90c10\">\n                <img\n                    title=\"242662298_773896806744315_8103781777813391214_n\"\n                    alt=\"242662298_773896806744315_8103781777813391214_n\"\n                    src=\"http:\/\/przedszkoletworkow.pl\/wp-content\/gallery\/dzien-przedszkolaka-2021\/thumbs\/thumbs_242662298_773896806744315_8103781777813391214_n.jpg\"\n                    width=\"240\"\n                    height=\"160\"\n                    style=\"max-width:100%;\"\n                \/>\n            <\/a>\n        <\/div>\n\t\t\t\t\t\t\t<\/div> \n\t\t\t\n\t\t\t\t<div id=\"ngg-image-18\" class=\"ngg-gallery-thumbnail-box \" >\n\t\t\t\t        <div class=\"ngg-gallery-thumbnail\">\n            <a href=\"http:\/\/przedszkoletworkow.pl\/wp-content\/gallery\/dzien-przedszkolaka-2021\/242695780_447941267006314_217673117381164432_n.jpg\"\n               title=\"\"\n               data-src=\"http:\/\/przedszkoletworkow.pl\/wp-content\/gallery\/dzien-przedszkolaka-2021\/242695780_447941267006314_217673117381164432_n.jpg\"\n               data-thumbnail=\"http:\/\/przedszkoletworkow.pl\/wp-content\/gallery\/dzien-przedszkolaka-2021\/thumbs\/thumbs_242695780_447941267006314_217673117381164432_n.jpg\"\n               data-image-id=\"137\"\n               data-title=\"242695780_447941267006314_217673117381164432_n\"\n               data-description=\"\"\n               data-image-slug=\"242695780_447941267006314_217673117381164432_n\"\n               class=\"ngg-simplelightbox\" rel=\"2b21b111ff732b2df9a366b6eea90c10\">\n                <img\n                    title=\"242695780_447941267006314_217673117381164432_n\"\n                    alt=\"242695780_447941267006314_217673117381164432_n\"\n                    src=\"http:\/\/przedszkoletworkow.pl\/wp-content\/gallery\/dzien-przedszkolaka-2021\/thumbs\/thumbs_242695780_447941267006314_217673117381164432_n.jpg\"\n                    width=\"240\"\n                    height=\"160\"\n                    style=\"max-width:100%;\"\n                \/>\n            <\/a>\n        <\/div>\n\t\t\t\t\t\t\t<\/div> \n\t\t\t\n\t\t\t\t<div id=\"ngg-image-19\" class=\"ngg-gallery-thumbnail-box \" >\n\t\t\t\t        <div class=\"ngg-gallery-thumbnail\">\n            <a href=\"http:\/\/przedszkoletworkow.pl\/wp-content\/gallery\/dzien-przedszkolaka-2021\/242673607_842303319767195_3521597405428931463_n.jpg\"\n               title=\"\"\n               data-src=\"http:\/\/przedszkoletworkow.pl\/wp-content\/gallery\/dzien-przedszkolaka-2021\/242673607_842303319767195_3521597405428931463_n.jpg\"\n               data-thumbnail=\"http:\/\/przedszkoletworkow.pl\/wp-content\/gallery\/dzien-przedszkolaka-2021\/thumbs\/thumbs_242673607_842303319767195_3521597405428931463_n.jpg\"\n               data-image-id=\"142\"\n               data-title=\"242673607_842303319767195_3521597405428931463_n\"\n               data-description=\"\"\n               data-image-slug=\"242673607_842303319767195_3521597405428931463_n\"\n               class=\"ngg-simplelightbox\" rel=\"2b21b111ff732b2df9a366b6eea90c10\">\n                <img\n                    title=\"242673607_842303319767195_3521597405428931463_n\"\n                    alt=\"242673607_842303319767195_3521597405428931463_n\"\n                    src=\"http:\/\/przedszkoletworkow.pl\/wp-content\/gallery\/dzien-przedszkolaka-2021\/thumbs\/thumbs_242673607_842303319767195_3521597405428931463_n.jpg\"\n                    width=\"240\"\n                    height=\"160\"\n                    style=\"max-width:100%;\"\n                \/>\n            <\/a>\n        <\/div>\n\t\t\t\t\t\t\t<\/div> \n\t\t\t\n\t\t\t\t<div id=\"ngg-image-20\" class=\"ngg-gallery-thumbnail-box \" >\n\t\t\t\t        <div class=\"ngg-gallery-thumbnail\">\n            <a href=\"http:\/\/przedszkoletworkow.pl\/wp-content\/gallery\/dzien-przedszkolaka-2021\/242675486_1294309044322139_8346084842325155488_n.jpg\"\n               title=\"\"\n               data-src=\"http:\/\/przedszkoletworkow.pl\/wp-content\/gallery\/dzien-przedszkolaka-2021\/242675486_1294309044322139_8346084842325155488_n.jpg\"\n               data-thumbnail=\"http:\/\/przedszkoletworkow.pl\/wp-content\/gallery\/dzien-przedszkolaka-2021\/thumbs\/thumbs_242675486_1294309044322139_8346084842325155488_n.jpg\"\n               data-image-id=\"143\"\n               data-title=\"242675486_1294309044322139_8346084842325155488_n\"\n               data-description=\"\"\n               data-image-slug=\"242675486_1294309044322139_8346084842325155488_n\"\n               class=\"ngg-simplelightbox\" rel=\"2b21b111ff732b2df9a366b6eea90c10\">\n                <img\n                    title=\"242675486_1294309044322139_8346084842325155488_n\"\n                    alt=\"242675486_1294309044322139_8346084842325155488_n\"\n                    src=\"http:\/\/przedszkoletworkow.pl\/wp-content\/gallery\/dzien-przedszkolaka-2021\/thumbs\/thumbs_242675486_1294309044322139_8346084842325155488_n.jpg\"\n                    width=\"240\"\n                    height=\"160\"\n                    style=\"max-width:100%;\"\n                \/>\n            <\/a>\n        <\/div>\n\t\t\t\t\t\t\t<\/div> \n\t\t\t\n\t\t\t\t<div id=\"ngg-image-21\" class=\"ngg-gallery-thumbnail-box \" >\n\t\t\t\t        <div class=\"ngg-gallery-thumbnail\">\n            <a href=\"http:\/\/przedszkoletworkow.pl\/wp-content\/gallery\/dzien-przedszkolaka-2021\/242816469_975054090006858_5016576107575252843_n.jpg\"\n               title=\"\"\n               data-src=\"http:\/\/przedszkoletworkow.pl\/wp-content\/gallery\/dzien-przedszkolaka-2021\/242816469_975054090006858_5016576107575252843_n.jpg\"\n               data-thumbnail=\"http:\/\/przedszkoletworkow.pl\/wp-content\/gallery\/dzien-przedszkolaka-2021\/thumbs\/thumbs_242816469_975054090006858_5016576107575252843_n.jpg\"\n               data-image-id=\"144\"\n               data-title=\"242816469_975054090006858_5016576107575252843_n\"\n               data-description=\"\"\n               data-image-slug=\"242816469_975054090006858_5016576107575252843_n\"\n               class=\"ngg-simplelightbox\" rel=\"2b21b111ff732b2df9a366b6eea90c10\">\n                <img\n                    title=\"242816469_975054090006858_5016576107575252843_n\"\n                    alt=\"242816469_975054090006858_5016576107575252843_n\"\n                    src=\"http:\/\/przedszkoletworkow.pl\/wp-content\/gallery\/dzien-przedszkolaka-2021\/thumbs\/thumbs_242816469_975054090006858_5016576107575252843_n.jpg\"\n                    width=\"240\"\n                    height=\"160\"\n                    style=\"max-width:100%;\"\n                \/>\n            <\/a>\n        <\/div>\n\t\t\t\t\t\t\t<\/div> \n\t\t\t\n\t\t\t\t<div id=\"ngg-image-22\" class=\"ngg-gallery-thumbnail-box \" >\n\t\t\t\t        <div class=\"ngg-gallery-thumbnail\">\n            <a href=\"http:\/\/przedszkoletworkow.pl\/wp-content\/gallery\/dzien-przedszkolaka-2021\/242673405_866978487356288_8853808223427195172_n.jpg\"\n               title=\"\"\n               data-src=\"http:\/\/przedszkoletworkow.pl\/wp-content\/gallery\/dzien-przedszkolaka-2021\/242673405_866978487356288_8853808223427195172_n.jpg\"\n               data-thumbnail=\"http:\/\/przedszkoletworkow.pl\/wp-content\/gallery\/dzien-przedszkolaka-2021\/thumbs\/thumbs_242673405_866978487356288_8853808223427195172_n.jpg\"\n               data-image-id=\"145\"\n               data-title=\"242673405_866978487356288_8853808223427195172_n\"\n               data-description=\"\"\n               data-image-slug=\"242673405_866978487356288_8853808223427195172_n\"\n               class=\"ngg-simplelightbox\" rel=\"2b21b111ff732b2df9a366b6eea90c10\">\n                <img\n                    title=\"242673405_866978487356288_8853808223427195172_n\"\n                    alt=\"242673405_866978487356288_8853808223427195172_n\"\n                    src=\"http:\/\/przedszkoletworkow.pl\/wp-content\/gallery\/dzien-przedszkolaka-2021\/thumbs\/thumbs_242673405_866978487356288_8853808223427195172_n.jpg\"\n                    width=\"240\"\n                    height=\"160\"\n                    style=\"max-width:100%;\"\n                \/>\n            <\/a>\n        <\/div>\n\t\t\t\t\t\t\t<\/div> \n\t\t\t\n\t\t\t\t<div id=\"ngg-image-23\" class=\"ngg-gallery-thumbnail-box \" >\n\t\t\t\t        <div class=\"ngg-gallery-thumbnail\">\n            <a href=\"http:\/\/przedszkoletworkow.pl\/wp-content\/gallery\/dzien-przedszkolaka-2021\/242832964_252128746829163_2495179277085939767_n.jpg\"\n               title=\"\"\n               data-src=\"http:\/\/przedszkoletworkow.pl\/wp-content\/gallery\/dzien-przedszkolaka-2021\/242832964_252128746829163_2495179277085939767_n.jpg\"\n               data-thumbnail=\"http:\/\/przedszkoletworkow.pl\/wp-content\/gallery\/dzien-przedszkolaka-2021\/thumbs\/thumbs_242832964_252128746829163_2495179277085939767_n.jpg\"\n               data-image-id=\"146\"\n               data-title=\"242832964_252128746829163_2495179277085939767_n\"\n               data-description=\"\"\n               data-image-slug=\"242832964_252128746829163_2495179277085939767_n\"\n               class=\"ngg-simplelightbox\" rel=\"2b21b111ff732b2df9a366b6eea90c10\">\n                <img\n                    title=\"242832964_252128746829163_2495179277085939767_n\"\n                    alt=\"242832964_252128746829163_2495179277085939767_n\"\n                    src=\"http:\/\/przedszkoletworkow.pl\/wp-content\/gallery\/dzien-przedszkolaka-2021\/thumbs\/thumbs_242832964_252128746829163_2495179277085939767_n.jpg\"\n                    width=\"240\"\n                    height=\"160\"\n                    style=\"max-width:100%;\"\n                \/>\n            <\/a>\n        <\/div>\n\t\t\t\t\t\t\t<\/div> \n\t\t\t\n\t\n\t<br style=\"clear: both\" \/>\n\n\t\n\t\t<!-- Pagination -->\n\t<div class='ngg-navigation'><span class='current'>1<\/span>\n<a class='page-numbers' data-pageid='2' href='http:\/\/przedszkoletworkow.pl\/index.php\/nggallery\/page\/2?p=2258'>2<\/a>\n<a class='prev' href='http:\/\/przedszkoletworkow.pl\/index.php\/nggallery\/page\/2?p=2258' data-pageid=2>&#9658;<\/a><\/div>\t<\/div>\n\n","protected":false},"excerpt":{"rendered":"<p>&nbsp; Co roku 20 wrze\u015bnia przedszkolaki obchodz\u0105 swoje \u015bwi\u0119to. W tym roku \u015bwi\u0119towali\u015bmy kolorowo i tanecznie!<\/p>\n","protected":false},"author":1,"featured_media":0,"comment_status":"open","ping_status":"open","sticky":false,"template":"","format":"standard","meta":{"ngg_post_thumbnail":0,"footnotes":""},"categories":[1],"tags":[],"class_list":["post-2258","post","type-post","status-publish","format-standard","hentry","category-bez-kategorii"],"_links":{"self":[{"href":"http:\/\/przedszkoletworkow.pl\/index.php?rest_route=\/wp\/v2\/posts\/2258","targetHints":{"allow":["GET"]}}],"collection":[{"href":"http:\/\/przedszkoletworkow.pl\/index.php?rest_route=\/wp\/v2\/posts"}],"about":[{"href":"http:\/\/przedszkoletworkow.pl\/index.php?rest_route=\/wp\/v2\/types\/post"}],"author":[{"embeddable":true,"href":"http:\/\/przedszkoletworkow.pl\/index.php?rest_route=\/wp\/v2\/users\/1"}],"replies":[{"embeddable":true,"href":"http:\/\/przedszkoletworkow.pl\/index.php?rest_route=%2Fwp%2Fv2%2Fcomments&post=2258"}],"version-history":[{"count":2,"href":"http:\/\/przedszkoletworkow.pl\/index.php?rest_route=\/wp\/v2\/posts\/2258\/revisions"}],"predecessor-version":[{"id":2527,"href":"http:\/\/przedszkoletworkow.pl\/index.php?rest_route=\/wp\/v2\/posts\/2258\/revisions\/2527"}],"wp:attachment":[{"href":"http:\/\/przedszkoletworkow.pl\/index.php?rest_route=%2Fwp%2Fv2%2Fmedia&parent=2258"}],"wp:term":[{"taxonomy":"category","embeddable":true,"href":"http:\/\/przedszkoletworkow.pl\/index.php?rest_route=%2Fwp%2Fv2%2Fcategories&post=2258"},{"taxonomy":"post_tag","embeddable":true,"href":"http:\/\/przedszkoletworkow.pl\/index.php?rest_route=%2Fwp%2Fv2%2Ftags&post=2258"}],"curies":[{"name":"wp","href":"https:\/\/api.w.org\/{rel}","templated":true}]}}