{"id":13613,"date":"2025-11-19T13:17:55","date_gmt":"2025-11-19T12:17:55","guid":{"rendered":"http:\/\/przedszkoletworkow.pl\/?p=13613"},"modified":"2026-03-15T13:26:50","modified_gmt":"2026-03-15T12:26:50","slug":"maly-czlowiek-to-wielkie-mozliwosci-jesienne-spotkania-z-zawodami-w-naszym-przedszkolu","status":"publish","type":"post","link":"http:\/\/przedszkoletworkow.pl\/?p=13613","title":{"rendered":"Ma\u0142y cz\u0142owiek to wielkie mo\u017cliwo\u015bci\u201d \u2013 jesienne spotkania z zawodami w naszym przedszkolu"},"content":{"rendered":"<div class=\"default-style\">&nbsp;<\/div>\n<div class=\"default-style\">&nbsp;<\/div>\n<div class=\"default-style\">W ramach projektu \u201eMa\u0142y cz\u0142owiek to wielkie mo\u017cliwo\u015bci\u201d, wsp\u00f3\u0142finansowanego ze \u015brodk\u00f3w Unii Europejskiej, dzieci z naszego przedszkola mia\u0142y okazj\u0119 uczestniczy\u0107 w wyj\u0105tkowych zaj\u0119ciach z preorientacji zawodowej. Na przelomie pa\u017adziernika i listopada&nbsp; zorganizowali\u015bmy cykl spotka\u0144 i warsztat\u00f3w, kt\u00f3rych celem by\u0142o przybli\u017cenie najm\u0142odszym r\u00f3\u017cnorodnych profesji \u2013 zar\u00f3wno tych wykonywanych przez kobiety, jak i m\u0119\u017cczyzn.<\/div>\n<div class=\"default-style\">&nbsp;<\/div>\n<div class=\"default-style\">Podczas zaj\u0119\u0107 przedszkolaki mog\u0142y pozna\u0107 specyfik\u0119 pracy ratownika medycznego, policjanta, stra\u017caka, florysty, urz\u0119dnika oraz malarza. Ka\u017cde spotkanie mia\u0142o form\u0119 interaktywnych warsztat\u00f3w, dzi\u0119ki czemu dzieci nie tylko s\u0142ucha\u0142y, lecz tak\u017ce aktywnie uczestniczy\u0142y w przygotowanych dla nich zadaniach.<\/div>\n<div class=\"default-style\">&nbsp;<\/div>\n<div class=\"default-style\">Go\u015bcie opowiadali o swojej codziennej pracy, potrzebnych umiej\u0119tno\u015bciach oraz narz\u0119dziach i sprz\u0119cie, kt\u00f3rych u\u017cywaj\u0105 na co dzie\u0144. Dzieci z zainteresowaniem ogl\u0105da\u0142y wyposa\u017cenie ratownika, dowiedzia\u0142y si\u0119, jak dba\u0107 o bezpiecze\u0144stwo razem z policjantem, pozna\u0142y tajniki tworzenia kompozycji kwiatowych, zajrza\u0142y \u201eod kuchni\u201d do pracy urz\u0119dnika oraz mia\u0142y okazj\u0119 zobaczy\u0107, jak powstaj\u0105 malarskie dzie\u0142a.<\/div>\n<div class=\"default-style\">&nbsp;<\/div>\n<div class=\"default-style\">Takie spotkania nie tylko poszerzaj\u0105 wiedz\u0119, ale przede wszystkim inspiruj\u0105 i rozbudzaj\u0105 ciekawo\u015b\u0107 \u015bwiata. Dzi\u0119ki nim przedszkolaki mog\u0105 rozwija\u0107 swoje zainteresowania i odkrywa\u0107 w\u0142asne talenty, a w przysz\u0142o\u015bci \u2013 \u015bwiadomie wybiera\u0107 \u015bcie\u017cki edukacyjne i zawodowe.<\/div>\n<div class=\"default-style\">&nbsp;<\/div>\n<div class=\"default-style\">Projekt \u201eMa\u0142y cz\u0142owiek to wielkie mo\u017cliwo\u015bci\u201d to wa\u017cny element dzia\u0142a\u0144 edukacyjnych prowadzonych w naszej gminie. Cieszymy si\u0119, \u017ce dzi\u0119ki wsparciu Funduszy Europejskich mo\u017cemy tworzy\u0107 przestrze\u0144 do wszechstronnego rozwoju najm\u0142odszych mieszka\u0144c\u00f3w.<\/div>\n<div class=\"default-style\">&nbsp;<\/div>\n<div class=\"default-style\">#FunduszeUE #GminaKrzy\u017canowice #Edukacja #FunduszeEuropejskie<\/div>\n<div><img loading=\"lazy\" decoding=\"async\" class=\"alignnone size-medium wp-image-13614\" src=\"http:\/\/przedszkoletworkow.pl\/wp-content\/uploads\/2026\/03\/IMG_20251119_100718-225x300.jpg\" alt=\"\" width=\"225\" height=\"300\" srcset=\"http:\/\/przedszkoletworkow.pl\/wp-content\/uploads\/2026\/03\/IMG_20251119_100718-225x300.jpg 225w, http:\/\/przedszkoletworkow.pl\/wp-content\/uploads\/2026\/03\/IMG_20251119_100718-768x1024.jpg 768w, http:\/\/przedszkoletworkow.pl\/wp-content\/uploads\/2026\/03\/IMG_20251119_100718-1152x1536.jpg 1152w, http:\/\/przedszkoletworkow.pl\/wp-content\/uploads\/2026\/03\/IMG_20251119_100718-1536x2048.jpg 1536w, http:\/\/przedszkoletworkow.pl\/wp-content\/uploads\/2026\/03\/IMG_20251119_100718-scaled.jpg 1920w\" sizes=\"auto, (max-width: 225px) 100vw, 225px\" \/> <img loading=\"lazy\" decoding=\"async\" class=\"alignnone size-medium wp-image-13615\" src=\"http:\/\/przedszkoletworkow.pl\/wp-content\/uploads\/2026\/03\/IMG_20251020_094942-300x225.jpg\" alt=\"\" width=\"300\" height=\"225\" srcset=\"http:\/\/przedszkoletworkow.pl\/wp-content\/uploads\/2026\/03\/IMG_20251020_094942-300x225.jpg 300w, http:\/\/przedszkoletworkow.pl\/wp-content\/uploads\/2026\/03\/IMG_20251020_094942-1024x768.jpg 1024w, http:\/\/przedszkoletworkow.pl\/wp-content\/uploads\/2026\/03\/IMG_20251020_094942-768x576.jpg 768w, http:\/\/przedszkoletworkow.pl\/wp-content\/uploads\/2026\/03\/IMG_20251020_094942-1536x1152.jpg 1536w, http:\/\/przedszkoletworkow.pl\/wp-content\/uploads\/2026\/03\/IMG_20251020_094942-2048x1536.jpg 2048w\" sizes=\"auto, (max-width: 300px) 100vw, 300px\" \/> <img loading=\"lazy\" decoding=\"async\" class=\"alignnone size-medium wp-image-13616\" src=\"http:\/\/przedszkoletworkow.pl\/wp-content\/uploads\/2026\/03\/IMG_20251119_102425-300x186.jpg\" alt=\"\" width=\"300\" height=\"186\" srcset=\"http:\/\/przedszkoletworkow.pl\/wp-content\/uploads\/2026\/03\/IMG_20251119_102425-300x186.jpg 300w, http:\/\/przedszkoletworkow.pl\/wp-content\/uploads\/2026\/03\/IMG_20251119_102425-1024x633.jpg 1024w, http:\/\/przedszkoletworkow.pl\/wp-content\/uploads\/2026\/03\/IMG_20251119_102425-768x475.jpg 768w, http:\/\/przedszkoletworkow.pl\/wp-content\/uploads\/2026\/03\/IMG_20251119_102425-1536x950.jpg 1536w, http:\/\/przedszkoletworkow.pl\/wp-content\/uploads\/2026\/03\/IMG_20251119_102425-2048x1267.jpg 2048w\" sizes=\"auto, (max-width: 300px) 100vw, 300px\" \/> <img loading=\"lazy\" decoding=\"async\" class=\"alignnone size-medium wp-image-13617\" src=\"http:\/\/przedszkoletworkow.pl\/wp-content\/uploads\/2026\/03\/IMG_20251020_095804-300x225.jpg\" alt=\"\" width=\"300\" height=\"225\" srcset=\"http:\/\/przedszkoletworkow.pl\/wp-content\/uploads\/2026\/03\/IMG_20251020_095804-300x225.jpg 300w, http:\/\/przedszkoletworkow.pl\/wp-content\/uploads\/2026\/03\/IMG_20251020_095804-1024x768.jpg 1024w, http:\/\/przedszkoletworkow.pl\/wp-content\/uploads\/2026\/03\/IMG_20251020_095804-768x576.jpg 768w, http:\/\/przedszkoletworkow.pl\/wp-content\/uploads\/2026\/03\/IMG_20251020_095804-1536x1152.jpg 1536w, http:\/\/przedszkoletworkow.pl\/wp-content\/uploads\/2026\/03\/IMG_20251020_095804-2048x1536.jpg 2048w\" sizes=\"auto, (max-width: 300px) 100vw, 300px\" \/> <img loading=\"lazy\" decoding=\"async\" class=\"alignnone size-medium wp-image-13618\" src=\"http:\/\/przedszkoletworkow.pl\/wp-content\/uploads\/2026\/03\/IMG_20251006_100606-225x300.jpg\" alt=\"\" width=\"225\" height=\"300\" srcset=\"http:\/\/przedszkoletworkow.pl\/wp-content\/uploads\/2026\/03\/IMG_20251006_100606-225x300.jpg 225w, http:\/\/przedszkoletworkow.pl\/wp-content\/uploads\/2026\/03\/IMG_20251006_100606-768x1024.jpg 768w, http:\/\/przedszkoletworkow.pl\/wp-content\/uploads\/2026\/03\/IMG_20251006_100606-1152x1536.jpg 1152w, http:\/\/przedszkoletworkow.pl\/wp-content\/uploads\/2026\/03\/IMG_20251006_100606-1536x2048.jpg 1536w, http:\/\/przedszkoletworkow.pl\/wp-content\/uploads\/2026\/03\/IMG_20251006_100606-scaled.jpg 1920w\" sizes=\"auto, (max-width: 225px) 100vw, 225px\" \/><img loading=\"lazy\" decoding=\"async\" class=\"alignnone size-medium wp-image-13619\" src=\"http:\/\/przedszkoletworkow.pl\/wp-content\/uploads\/2026\/03\/596809823_122151531548640562_2639368355502817115_n-300x158.jpg\" alt=\"\" width=\"300\" height=\"158\" srcset=\"http:\/\/przedszkoletworkow.pl\/wp-content\/uploads\/2026\/03\/596809823_122151531548640562_2639368355502817115_n-300x158.jpg 300w, http:\/\/przedszkoletworkow.pl\/wp-content\/uploads\/2026\/03\/596809823_122151531548640562_2639368355502817115_n-1024x541.jpg 1024w, http:\/\/przedszkoletworkow.pl\/wp-content\/uploads\/2026\/03\/596809823_122151531548640562_2639368355502817115_n-768x405.jpg 768w, http:\/\/przedszkoletworkow.pl\/wp-content\/uploads\/2026\/03\/596809823_122151531548640562_2639368355502817115_n-1536x811.jpg 1536w, http:\/\/przedszkoletworkow.pl\/wp-content\/uploads\/2026\/03\/596809823_122151531548640562_2639368355502817115_n.jpg 2048w\" sizes=\"auto, (max-width: 300px) 100vw, 300px\" \/><\/div>\n","protected":false},"excerpt":{"rendered":"<p>&nbsp; &nbsp; W ramach projektu \u201eMa\u0142y cz\u0142owiek to wielkie mo\u017cliwo\u015bci\u201d, wsp\u00f3\u0142finansowanego ze \u015brodk\u00f3w Unii Europejskiej, dzieci z naszego przedszkola mia\u0142y okazj\u0119 uczestniczy\u0107 w wyj\u0105tkowych zaj\u0119ciach z preorientacji zawodowej. Na przelomie pa\u017adziernika i listopada&nbsp; zorganizowali\u015bmy cykl spotka\u0144 i warsztat\u00f3w, kt\u00f3rych celem by\u0142o przybli\u017cenie najm\u0142odszym r\u00f3\u017cnorodnych profesji \u2013 zar\u00f3wno tych wykonywanych przez [&hellip;]<\/p>\n","protected":false},"author":2,"featured_media":13620,"comment_status":"open","ping_status":"open","sticky":false,"template":"","format":"standard","meta":{"ngg_post_thumbnail":0,"footnotes":""},"categories":[316],"tags":[],"class_list":["post-13613","post","type-post","status-publish","format-standard","has-post-thumbnail","hentry","category-wydarzenia-maly-czlowiek"],"_links":{"self":[{"href":"http:\/\/przedszkoletworkow.pl\/index.php?rest_route=\/wp\/v2\/posts\/13613","targetHints":{"allow":["GET"]}}],"collection":[{"href":"http:\/\/przedszkoletworkow.pl\/index.php?rest_route=\/wp\/v2\/posts"}],"about":[{"href":"http:\/\/przedszkoletworkow.pl\/index.php?rest_route=\/wp\/v2\/types\/post"}],"author":[{"embeddable":true,"href":"http:\/\/przedszkoletworkow.pl\/index.php?rest_route=\/wp\/v2\/users\/2"}],"replies":[{"embeddable":true,"href":"http:\/\/przedszkoletworkow.pl\/index.php?rest_route=%2Fwp%2Fv2%2Fcomments&post=13613"}],"version-history":[{"count":1,"href":"http:\/\/przedszkoletworkow.pl\/index.php?rest_route=\/wp\/v2\/posts\/13613\/revisions"}],"predecessor-version":[{"id":13621,"href":"http:\/\/przedszkoletworkow.pl\/index.php?rest_route=\/wp\/v2\/posts\/13613\/revisions\/13621"}],"wp:featuredmedia":[{"embeddable":true,"href":"http:\/\/przedszkoletworkow.pl\/index.php?rest_route=\/wp\/v2\/media\/13620"}],"wp:attachment":[{"href":"http:\/\/przedszkoletworkow.pl\/index.php?rest_route=%2Fwp%2Fv2%2Fmedia&parent=13613"}],"wp:term":[{"taxonomy":"category","embeddable":true,"href":"http:\/\/przedszkoletworkow.pl\/index.php?rest_route=%2Fwp%2Fv2%2Fcategories&post=13613"},{"taxonomy":"post_tag","embeddable":true,"href":"http:\/\/przedszkoletworkow.pl\/index.php?rest_route=%2Fwp%2Fv2%2Ftags&post=13613"}],"curies":[{"name":"wp","href":"https:\/\/api.w.org\/{rel}","templated":true}]}}