{"id":13564,"date":"2026-02-05T12:49:47","date_gmt":"2026-02-05T11:49:47","guid":{"rendered":"http:\/\/przedszkoletworkow.pl\/?p=13564"},"modified":"2026-03-15T12:51:45","modified_gmt":"2026-03-15T11:51:45","slug":"dzien-bezpiecznego-internetu","status":"publish","type":"post","link":"http:\/\/przedszkoletworkow.pl\/?p=13564","title":{"rendered":"Dzie\u0144 Bezpiecznego Internetu"},"content":{"rendered":"<div dir=\"auto\">&nbsp;<\/div>\n<div dir=\"auto\">5 lutego w naszym przedszkolu obchodzili\u015bmy Dzie\u0144 Bezpiecznego Internetu. Dzieci rozmawia\u0142y o tym, czym jest Internet, jak z niego korzysta\u0107 oraz jak robi\u0107 to w spos\u00f3b bezpieczny, pozna\u0142y podstawowe zasady ochrony prywatno\u015bci, szacunku w sieci oraz dowiedzia\u0142y si\u0119, jak wa\u017cne jest informowanie doros\u0142ych, gdy co\u015b je zaniepokoi.<\/div>\n<div dir=\"auto\"><span class=\"html-span xexx8yu xyri2b x18d9i69 x1c1uobl x1hl2dhg x16tdsg8 x1vvkbs x3nfvp2 x1j61x8r x1fcty0u xdj266r xat24cr xm2jcoa x1mpyi22 xxymvpz xlup9mm x1kky2od\"><img loading=\"lazy\" decoding=\"async\" class=\"xz74otr x15mokao x1ga7v0g x16uus16 xbiv7yw\" src=\"https:\/\/static.xx.fbcdn.net\/images\/emoji.php\/v9\/t57\/1\/16\/1f4f1.png\" alt=\"\ud83d\udcf1\" width=\"16\" height=\"16\"><\/span> Zabawy z tabletami odbywa\u0142y si\u0119 pod czujnym okiem pa\u0144, z wykorzystaniem m\u0105drych i bezpiecznych aplikacji przeznaczonych dla dzieci, kt\u00f3re uczy\u0142y i bawi\u0142y jednocze\u015bnie.<\/div>\n<div dir=\"auto\">Dzieci korzysta\u0142y r\u00f3wnie\u017c ze stolika multimedialnego eFUN-C oraz monitora interaktywnego. Na zako\u0144czenie, wsp\u00f3lnie stworzy\u0142y Kodeks Bezpiecznego Internetu. Wszystkie tablety, monitor interaktywny oraz stolik multimedialny zosta\u0142y zakupione w ramach projektu wsp\u00f3\u0142finansowanego z Unii Europejskiej<span class=\"html-span xexx8yu xyri2b x18d9i69 x1c1uobl x1hl2dhg x16tdsg8 x1vvkbs x3nfvp2 x1j61x8r x1fcty0u xdj266r xat24cr xm2jcoa x1mpyi22 xxymvpz xlup9mm x1kky2od\"><img loading=\"lazy\" decoding=\"async\" class=\"xz74otr x15mokao x1ga7v0g x16uus16 xbiv7yw\" src=\"https:\/\/static.xx.fbcdn.net\/images\/emoji.php\/v9\/tdd\/1\/16\/1f1ea_1f1fa.png\" alt=\"\ud83c\uddea\ud83c\uddfa\" width=\"16\" height=\"16\"><\/span><\/div>\n<div dir=\"auto\">Pani <span class=\"html-span xdj266r x14z9mp xat24cr x1lziwak xexx8yu xyri2b x18d9i69 x1c1uobl x1hl2dhg x16tdsg8 x1vvkbs\"><a class=\"x1i10hfl xjbqb8w x1ejq31n x18oe1m7 x1sy0etr xstzfhl x972fbf x10w94by x1qhh985 x14e42zd x9f619 x1ypdohk xt0psk2 x3ct3a4 xdj266r x14z9mp xat24cr x1lziwak xexx8yu xyri2b x18d9i69 x1c1uobl x16tdsg8 x1hl2dhg xggy1nq x1a2a7pz xkrqix3 x1sur9pj x1fey0fg x1s688f\" tabindex=\"0\" role=\"link\" href=\"https:\/\/www.facebook.com\/malgosia.nie?__cft__[0]=AZbqKwYmcGn3-dEmFvsCXJpSCTPrJHxm-A90y1hEG0qg_iIOepSG64XeNknQTBlW9AOrak2v2Yd9mkt250euxvVQKB0UIrKu6bd_kPLl_ewDogDJ3A4bhiLG7OH7WA2c79ETnY40EzFx2rGU_umiQzp5uO6HY_rNhLruFUW-APXsdQ&amp;__tn__=-]K-R\"><span class=\"xt0psk2\"><span class=\"xjp7ctv\">Ma\u0142gosia Kolonko<\/span><\/span><\/a><\/span> wspaniale wprowadzi\u0142a dzieci w temat, pokazuj\u0105c, \u017ce nauka przez zabaw\u0119 = bezpiecze\u0144stwo na co dzie\u0144!<\/div>\n<div dir=\"auto\"><span class=\"html-span xdj266r x14z9mp xat24cr x1lziwak xexx8yu xyri2b x18d9i69 x1c1uobl x1hl2dhg x16tdsg8 x1vvkbs\"><a class=\"x1i10hfl xjbqb8w x1ejq31n x18oe1m7 x1sy0etr xstzfhl x972fbf x10w94by x1qhh985 x14e42zd x9f619 x1ypdohk xt0psk2 x3ct3a4 xdj266r x14z9mp xat24cr x1lziwak xexx8yu xyri2b x18d9i69 x1c1uobl x16tdsg8 x1hl2dhg xggy1nq x1a2a7pz xkrqix3 x1sur9pj x1fey0fg x1s688f\" tabindex=\"0\" role=\"link\" href=\"https:\/\/www.facebook.com\/hashtag\/funduszeue?__eep__=6&amp;__cft__[0]=AZbqKwYmcGn3-dEmFvsCXJpSCTPrJHxm-A90y1hEG0qg_iIOepSG64XeNknQTBlW9AOrak2v2Yd9mkt250euxvVQKB0UIrKu6bd_kPLl_ewDogDJ3A4bhiLG7OH7WA2c79ETnY40EzFx2rGU_umiQzp5uO6HY_rNhLruFUW-APXsdQ&amp;__tn__=*NK-R\">#FunduszeUE<\/a><\/span> <span class=\"html-span xdj266r x14z9mp xat24cr x1lziwak xexx8yu xyri2b x18d9i69 x1c1uobl x1hl2dhg x16tdsg8 x1vvkbs\"><a class=\"x1i10hfl xjbqb8w x1ejq31n x18oe1m7 x1sy0etr xstzfhl x972fbf x10w94by x1qhh985 x14e42zd x9f619 x1ypdohk xt0psk2 x3ct3a4 xdj266r x14z9mp xat24cr x1lziwak xexx8yu xyri2b x18d9i69 x1c1uobl x16tdsg8 x1hl2dhg xggy1nq x1a2a7pz xkrqix3 x1sur9pj x1fey0fg x1s688f\" tabindex=\"0\" role=\"link\" href=\"https:\/\/www.facebook.com\/hashtag\/funduszeeuropejskie?__eep__=6&amp;__cft__[0]=AZbqKwYmcGn3-dEmFvsCXJpSCTPrJHxm-A90y1hEG0qg_iIOepSG64XeNknQTBlW9AOrak2v2Yd9mkt250euxvVQKB0UIrKu6bd_kPLl_ewDogDJ3A4bhiLG7OH7WA2c79ETnY40EzFx2rGU_umiQzp5uO6HY_rNhLruFUW-APXsdQ&amp;__tn__=*NK-R\">#FunduszeEuropejskie<\/a><\/span> <span class=\"html-span xdj266r x14z9mp xat24cr x1lziwak xexx8yu xyri2b x18d9i69 x1c1uobl x1hl2dhg x16tdsg8 x1vvkbs\"><a class=\"x1i10hfl xjbqb8w x1ejq31n x18oe1m7 x1sy0etr xstzfhl x972fbf x10w94by x1qhh985 x14e42zd x9f619 x1ypdohk xt0psk2 x3ct3a4 xdj266r x14z9mp xat24cr x1lziwak xexx8yu xyri2b x18d9i69 x1c1uobl x16tdsg8 x1hl2dhg xggy1nq x1a2a7pz xkrqix3 x1sur9pj x1fey0fg x1s688f\" tabindex=\"0\" role=\"link\" href=\"https:\/\/www.facebook.com\/hashtag\/gminakrzy%C5%BCanowice?__eep__=6&amp;__cft__[0]=AZbqKwYmcGn3-dEmFvsCXJpSCTPrJHxm-A90y1hEG0qg_iIOepSG64XeNknQTBlW9AOrak2v2Yd9mkt250euxvVQKB0UIrKu6bd_kPLl_ewDogDJ3A4bhiLG7OH7WA2c79ETnY40EzFx2rGU_umiQzp5uO6HY_rNhLruFUW-APXsdQ&amp;__tn__=*NK-R\">#GminaKrzy\u017canowice&nbsp;<\/a><\/span><\/div>\n<div dir=\"auto\"><img loading=\"lazy\" decoding=\"async\" class=\"size-medium wp-image-13566 aligncenter\" src=\"http:\/\/przedszkoletworkow.pl\/wp-content\/uploads\/2026\/03\/628196688_122156168282640562_5161792554524246735_n-225x300.jpg\" alt=\"\" width=\"225\" height=\"300\" srcset=\"http:\/\/przedszkoletworkow.pl\/wp-content\/uploads\/2026\/03\/628196688_122156168282640562_5161792554524246735_n-225x300.jpg 225w, http:\/\/przedszkoletworkow.pl\/wp-content\/uploads\/2026\/03\/628196688_122156168282640562_5161792554524246735_n-768x1024.jpg 768w, http:\/\/przedszkoletworkow.pl\/wp-content\/uploads\/2026\/03\/628196688_122156168282640562_5161792554524246735_n-1152x1536.jpg 1152w, http:\/\/przedszkoletworkow.pl\/wp-content\/uploads\/2026\/03\/628196688_122156168282640562_5161792554524246735_n.jpg 1536w\" sizes=\"auto, (max-width: 225px) 100vw, 225px\" \/><\/div>\n","protected":false},"excerpt":{"rendered":"<p>&nbsp; 5 lutego w naszym przedszkolu obchodzili\u015bmy Dzie\u0144 Bezpiecznego Internetu. Dzieci rozmawia\u0142y o tym, czym jest Internet, jak z niego korzysta\u0107 oraz jak robi\u0107 to w spos\u00f3b bezpieczny, pozna\u0142y podstawowe zasady ochrony prywatno\u015bci, szacunku w sieci oraz dowiedzia\u0142y si\u0119, jak wa\u017cne jest informowanie doros\u0142ych, gdy co\u015b je zaniepokoi. Zabawy z [&hellip;]<\/p>\n","protected":false},"author":2,"featured_media":13567,"comment_status":"open","ping_status":"open","sticky":false,"template":"","format":"standard","meta":{"ngg_post_thumbnail":0,"footnotes":""},"categories":[1],"tags":[],"class_list":["post-13564","post","type-post","status-publish","format-standard","has-post-thumbnail","hentry","category-bez-kategorii"],"_links":{"self":[{"href":"http:\/\/przedszkoletworkow.pl\/index.php?rest_route=\/wp\/v2\/posts\/13564","targetHints":{"allow":["GET"]}}],"collection":[{"href":"http:\/\/przedszkoletworkow.pl\/index.php?rest_route=\/wp\/v2\/posts"}],"about":[{"href":"http:\/\/przedszkoletworkow.pl\/index.php?rest_route=\/wp\/v2\/types\/post"}],"author":[{"embeddable":true,"href":"http:\/\/przedszkoletworkow.pl\/index.php?rest_route=\/wp\/v2\/users\/2"}],"replies":[{"embeddable":true,"href":"http:\/\/przedszkoletworkow.pl\/index.php?rest_route=%2Fwp%2Fv2%2Fcomments&post=13564"}],"version-history":[{"count":1,"href":"http:\/\/przedszkoletworkow.pl\/index.php?rest_route=\/wp\/v2\/posts\/13564\/revisions"}],"predecessor-version":[{"id":13568,"href":"http:\/\/przedszkoletworkow.pl\/index.php?rest_route=\/wp\/v2\/posts\/13564\/revisions\/13568"}],"wp:featuredmedia":[{"embeddable":true,"href":"http:\/\/przedszkoletworkow.pl\/index.php?rest_route=\/wp\/v2\/media\/13567"}],"wp:attachment":[{"href":"http:\/\/przedszkoletworkow.pl\/index.php?rest_route=%2Fwp%2Fv2%2Fmedia&parent=13564"}],"wp:term":[{"taxonomy":"category","embeddable":true,"href":"http:\/\/przedszkoletworkow.pl\/index.php?rest_route=%2Fwp%2Fv2%2Fcategories&post=13564"},{"taxonomy":"post_tag","embeddable":true,"href":"http:\/\/przedszkoletworkow.pl\/index.php?rest_route=%2Fwp%2Fv2%2Ftags&post=13564"}],"curies":[{"name":"wp","href":"https:\/\/api.w.org\/{rel}","templated":true}]}}