{"id":13549,"date":"2026-01-23T12:43:29","date_gmt":"2026-01-23T11:43:29","guid":{"rendered":"http:\/\/przedszkoletworkow.pl\/?p=13549"},"modified":"2026-03-15T12:44:20","modified_gmt":"2026-03-15T11:44:20","slug":"dzien-babci-i-dziadka-2026","status":"publish","type":"post","link":"http:\/\/przedszkoletworkow.pl\/?p=13549","title":{"rendered":"Dzie\u0144 Babci i Dziadka 2026"},"content":{"rendered":"<div class=\"xdj266r x14z9mp xat24cr x1lziwak x1vvkbs x126k92a\">\n<div dir=\"auto\">23 stycznia odby\u0142a si\u0119 uroczysto\u015b\u0107 z okazji Dnia Babci i Dziadka <span class=\"html-span xexx8yu xyri2b x18d9i69 x1c1uobl x1hl2dhg x16tdsg8 x1vvkbs x3nfvp2 x1j61x8r x1fcty0u xdj266r xat24cr xm2jcoa x1mpyi22 xxymvpz xlup9mm x1kky2od\"><img loading=\"lazy\" decoding=\"async\" class=\"xz74otr x15mokao x1ga7v0g x16uus16 xbiv7yw\" src=\"https:\/\/static.xx.fbcdn.net\/images\/emoji.php\/v9\/t2a\/1\/16\/1f475.png\" alt=\"\ud83d\udc75\" width=\"16\" height=\"16\"><\/span><span class=\"html-span xexx8yu xyri2b x18d9i69 x1c1uobl x1hl2dhg x16tdsg8 x1vvkbs x3nfvp2 x1j61x8r x1fcty0u xdj266r xat24cr xm2jcoa x1mpyi22 xxymvpz xlup9mm x1kky2od\"><img loading=\"lazy\" decoding=\"async\" class=\"xz74otr x15mokao x1ga7v0g x16uus16 xbiv7yw\" src=\"https:\/\/static.xx.fbcdn.net\/images\/emoji.php\/v9\/ta9\/1\/16\/1f474.png\" alt=\"\ud83d\udc74\" width=\"16\" height=\"16\"><\/span>, zorganizowana przez Przedszkole w Tworkowie.<\/div>\n<div dir=\"auto\">W sali Gminnego O\u015brodka Kultury zebra\u0142o si\u0119 oko\u0142o 220 os\u00f3b <span class=\"html-span xexx8yu xyri2b x18d9i69 x1c1uobl x1hl2dhg x16tdsg8 x1vvkbs x3nfvp2 x1j61x8r x1fcty0u xdj266r xat24cr xm2jcoa x1mpyi22 xxymvpz xlup9mm x1kky2od\"><img loading=\"lazy\" decoding=\"async\" class=\"xz74otr x15mokao x1ga7v0g x16uus16 xbiv7yw\" src=\"https:\/\/static.xx.fbcdn.net\/images\/emoji.php\/v9\/t8c\/1\/16\/1f389.png\" alt=\"\ud83c\udf89\" width=\"16\" height=\"16\"><\/span> \u2013 babcie, dziadkowie oraz zaproszeni go\u015bcie.<\/div>\n<div dir=\"auto\">Swoj\u0105 obecno\u015bci\u0105 zaszczycili nas <span class=\"html-span xexx8yu xyri2b x18d9i69 x1c1uobl x1hl2dhg x16tdsg8 x1vvkbs x3nfvp2 x1j61x8r x1fcty0u xdj266r xat24cr xm2jcoa x1mpyi22 xxymvpz xlup9mm x1kky2od\"><img loading=\"lazy\" decoding=\"async\" class=\"xz74otr x15mokao x1ga7v0g x16uus16 xbiv7yw\" src=\"https:\/\/static.xx.fbcdn.net\/images\/emoji.php\/v9\/t6f\/1\/16\/1f337.png\" alt=\"\ud83c\udf37\" width=\"16\" height=\"16\"><\/span>:<\/div>\n<div dir=\"auto\">\u2022 w imieniu W\u00f3jta <span class=\"html-span xdj266r x14z9mp xat24cr x1lziwak xexx8yu xyri2b x18d9i69 x1c1uobl x1hl2dhg x16tdsg8 x1vvkbs\"><a class=\"x1i10hfl xjbqb8w x1ejq31n x18oe1m7 x1sy0etr xstzfhl x972fbf x10w94by x1qhh985 x14e42zd x9f619 x1ypdohk xt0psk2 x3ct3a4 xdj266r x14z9mp xat24cr x1lziwak xexx8yu xyri2b x18d9i69 x1c1uobl x16tdsg8 x1hl2dhg xggy1nq x1a2a7pz xkrqix3 x1sur9pj x1fey0fg x1s688f\" tabindex=\"0\" role=\"link\" href=\"https:\/\/www.facebook.com\/GminaKrzyzanowice?__cft__[0]=AZaSnIZ5vY-2bIFxp5b0m4AXCVOQcCuB_-5S_YVIRs0b4vKF0rG1YeqIDMmr96AB47ZyJGkQ7oZgJPcgiJ3CgOpmUw_Ll6AL6cN5ysHvd5CZHgeqQeq1x1gqXPhlvsILqYr7bbJ0yDYPqhoRtsCw5-e1FfinAMx4xgmdk2b6aY4Qdw&amp;__tn__=-]K-R\"><span class=\"xt0psk2\"><span class=\"xjp7ctv\">Gmina Krzy\u017canowice<\/span><\/span><\/a><\/span> \u2013 pan Wolfgang Kroczek, kt\u00f3ry z\u0142o\u017cy\u0142 serdeczne \u017cyczenia wszystkim Babciom i Dziadkom, \u017cycz\u0105c du\u017co zdrowia , rado\u015bci , u\u015bmiechu na co dzie\u0144 oraz wielu pi\u0119knych chwil sp\u0119dzonych w gronie najbli\u017cszych i wnuk\u00f3w <span class=\"html-span xexx8yu xyri2b x18d9i69 x1c1uobl x1hl2dhg x16tdsg8 x1vvkbs x3nfvp2 x1j61x8r x1fcty0u xdj266r xat24cr xm2jcoa x1mpyi22 xxymvpz xlup9mm x1kky2od\"><img loading=\"lazy\" decoding=\"async\" class=\"xz74otr x15mokao x1ga7v0g x16uus16 xbiv7yw\" src=\"https:\/\/static.xx.fbcdn.net\/images\/emoji.php\/v9\/t9b\/1\/16\/1f468_200d_1f469_200d_1f467_200d_1f466.png\" alt=\"\ud83d\udc68\u200d\ud83d\udc69\u200d\ud83d\udc67\u200d\ud83d\udc66\" width=\"16\" height=\"16\"><\/span><\/div>\n<\/div>\n<div class=\"x14z9mp xat24cr x1lziwak x1vvkbs xtlvy1s x126k92a\">\n<div dir=\"auto\">\u2022 Dyrektor Gminnego Zespo\u0142u O\u015bwiaty \u2013 pani Daria Wieczorek,<\/div>\n<\/div>\n<div class=\"x14z9mp xat24cr x1lziwak x1vvkbs xtlvy1s x126k92a\">\n<div dir=\"auto\">\u2022 Dyrektor Gminnego O\u015brodka Kultury \u2013 pani <span class=\"html-span xdj266r x14z9mp xat24cr x1lziwak xexx8yu xyri2b x18d9i69 x1c1uobl x1hl2dhg x16tdsg8 x1vvkbs\"><a class=\"x1i10hfl xjbqb8w x1ejq31n x18oe1m7 x1sy0etr xstzfhl x972fbf x10w94by x1qhh985 x14e42zd x9f619 x1ypdohk xt0psk2 x3ct3a4 xdj266r x14z9mp xat24cr x1lziwak xexx8yu xyri2b x18d9i69 x1c1uobl x16tdsg8 x1hl2dhg xggy1nq x1a2a7pz xkrqix3 x1sur9pj x1fey0fg x1s688f\" tabindex=\"0\" role=\"link\" href=\"https:\/\/www.facebook.com\/SabinaCiuraszkiewicz?__cft__[0]=AZaSnIZ5vY-2bIFxp5b0m4AXCVOQcCuB_-5S_YVIRs0b4vKF0rG1YeqIDMmr96AB47ZyJGkQ7oZgJPcgiJ3CgOpmUw_Ll6AL6cN5ysHvd5CZHgeqQeq1x1gqXPhlvsILqYr7bbJ0yDYPqhoRtsCw5-e1FfinAMx4xgmdk2b6aY4Qdw&amp;__tn__=-]K-R\"><span class=\"xt0psk2\"><span class=\"xjp7ctv\">Sabina Ciuraszkiewicz<\/span><\/span><\/a><\/span>.<\/div>\n<\/div>\n<div class=\"x14z9mp xat24cr x1lziwak x1vvkbs xtlvy1s x126k92a\">\n<div dir=\"auto\">Tradycyjnie byli z nami r\u00f3wnie\u017c emerytowani pracownicy przedszkola <span class=\"html-span xexx8yu xyri2b x18d9i69 x1c1uobl x1hl2dhg x16tdsg8 x1vvkbs x3nfvp2 x1j61x8r x1fcty0u xdj266r xat24cr xm2jcoa x1mpyi22 xxymvpz xlup9mm x1kky2od\"><img loading=\"lazy\" decoding=\"async\" class=\"xz74otr x15mokao x1ga7v0g x16uus16 xbiv7yw\" src=\"https:\/\/static.xx.fbcdn.net\/images\/emoji.php\/v9\/tc5\/1\/16\/1f90d.png\" alt=\"\ud83e\udd0d\" width=\"16\" height=\"16\"><\/span><\/div>\n<\/div>\n<div class=\"x14z9mp xat24cr x1lziwak x1vvkbs xtlvy1s x126k92a\">\n<div dir=\"auto\">Dzieci wyst\u0105pi\u0142y z przedstawieniem jase\u0142kowym oraz repertuarem artystycznym przygotowanym z okazji Dnia Babci i Dziadka <span class=\"html-span xexx8yu xyri2b x18d9i69 x1c1uobl x1hl2dhg x16tdsg8 x1vvkbs x3nfvp2 x1j61x8r x1fcty0u xdj266r xat24cr xm2jcoa x1mpyi22 xxymvpz xlup9mm x1kky2od\"><img loading=\"lazy\" decoding=\"async\" class=\"xz74otr x15mokao x1ga7v0g x16uus16 xbiv7yw\" src=\"https:\/\/static.xx.fbcdn.net\/images\/emoji.php\/v9\/t1f\/1\/16\/1f3b6.png\" alt=\"\ud83c\udfb6\" width=\"16\" height=\"16\"><\/span>. Nie zabrak\u0142o tak\u017ce w\u0142asnor\u0119cznie wykonanych prezent\u00f3w <span class=\"html-span xexx8yu xyri2b x18d9i69 x1c1uobl x1hl2dhg x16tdsg8 x1vvkbs x3nfvp2 x1j61x8r x1fcty0u xdj266r xat24cr xm2jcoa x1mpyi22 xxymvpz xlup9mm x1kky2od\"><img loading=\"lazy\" decoding=\"async\" class=\"xz74otr x15mokao x1ga7v0g x16uus16 xbiv7yw\" src=\"https:\/\/static.xx.fbcdn.net\/images\/emoji.php\/v9\/t84\/1\/16\/1f381.png\" alt=\"\ud83c\udf81\" width=\"16\" height=\"16\"><\/span> oraz s\u0142odkiego pocz\u0119stunku <span class=\"html-span xexx8yu xyri2b x18d9i69 x1c1uobl x1hl2dhg x16tdsg8 x1vvkbs x3nfvp2 x1j61x8r x1fcty0u xdj266r xat24cr xm2jcoa x1mpyi22 xxymvpz xlup9mm x1kky2od\"><img loading=\"lazy\" decoding=\"async\" class=\"xz74otr x15mokao x1ga7v0g x16uus16 xbiv7yw\" src=\"https:\/\/static.xx.fbcdn.net\/images\/emoji.php\/v9\/t64\/1\/16\/1f370.png\" alt=\"\ud83c\udf70\" width=\"16\" height=\"16\"><\/span> dla wszystkich uczestnik\u00f3w.<\/div>\n<div dir=\"auto\">Serdecznie dzi\u0119kujemy rodzicom za pyszne ciasta <span class=\"html-span xexx8yu xyri2b x18d9i69 x1c1uobl x1hl2dhg x16tdsg8 x1vvkbs x3nfvp2 x1j61x8r x1fcty0u xdj266r xat24cr xm2jcoa x1mpyi22 xxymvpz xlup9mm x1kky2od\"><img loading=\"lazy\" decoding=\"async\" class=\"xz74otr x15mokao x1ga7v0g x16uus16 xbiv7yw\" src=\"https:\/\/static.xx.fbcdn.net\/images\/emoji.php\/v9\/tbf\/1\/16\/1f9c1.png\" alt=\"\ud83e\uddc1\" width=\"16\" height=\"16\"><\/span>, panu Andrzejowi Fojcikowi za opraw\u0119 muzyczn\u0105 a wszystkim pracownikom <span class=\"html-span xdj266r x14z9mp xat24cr x1lziwak xexx8yu xyri2b x18d9i69 x1c1uobl x1hl2dhg x16tdsg8 x1vvkbs\"><a class=\"x1i10hfl xjbqb8w x1ejq31n x18oe1m7 x1sy0etr xstzfhl x972fbf x10w94by x1qhh985 x14e42zd x9f619 x1ypdohk xt0psk2 x3ct3a4 xdj266r x14z9mp xat24cr x1lziwak xexx8yu xyri2b x18d9i69 x1c1uobl x16tdsg8 x1hl2dhg xggy1nq x1a2a7pz xkrqix3 x1sur9pj x1fey0fg x1s688f\" tabindex=\"0\" role=\"link\" href=\"https:\/\/www.facebook.com\/przedszkole.w.tworkowie?__cft__[0]=AZaSnIZ5vY-2bIFxp5b0m4AXCVOQcCuB_-5S_YVIRs0b4vKF0rG1YeqIDMmr96AB47ZyJGkQ7oZgJPcgiJ3CgOpmUw_Ll6AL6cN5ysHvd5CZHgeqQeq1x1gqXPhlvsILqYr7bbJ0yDYPqhoRtsCw5-e1FfinAMx4xgmdk2b6aY4Qdw&amp;__tn__=-]K-R\"><span class=\"xt0psk2\"><span class=\"xjp7ctv\">Przedszkole w Tworkowie<\/span><\/span><\/a><\/span> za przygotowanie uroczysto\u015bci <span class=\"html-span xexx8yu xyri2b x18d9i69 x1c1uobl x1hl2dhg x16tdsg8 x1vvkbs x3nfvp2 x1j61x8r x1fcty0u xdj266r xat24cr xm2jcoa x1mpyi22 xxymvpz xlup9mm x1kky2od\"><img loading=\"lazy\" decoding=\"async\" class=\"xz74otr x15mokao x1ga7v0g x16uus16 xbiv7yw\" src=\"https:\/\/static.xx.fbcdn.net\/images\/emoji.php\/v9\/te3\/1\/16\/1f490.png\" alt=\"\ud83d\udc90\" width=\"16\" height=\"16\"><\/span><\/div>\n<\/div>\n<div class=\"x14z9mp xat24cr x1lziwak x1vvkbs xtlvy1s x126k92a\">\n<div dir=\"auto\">Do zobaczenia za rok!&nbsp;<\/div>\n<div dir=\"auto\"><img loading=\"lazy\" decoding=\"async\" class=\"size-medium wp-image-13547 aligncenter\" src=\"http:\/\/przedszkoletworkow.pl\/wp-content\/uploads\/2026\/03\/619479801_122155211486640562_708089665292112173_n-225x300.jpg\" alt=\"\" width=\"225\" height=\"300\" srcset=\"http:\/\/przedszkoletworkow.pl\/wp-content\/uploads\/2026\/03\/619479801_122155211486640562_708089665292112173_n-225x300.jpg 225w, http:\/\/przedszkoletworkow.pl\/wp-content\/uploads\/2026\/03\/619479801_122155211486640562_708089665292112173_n-768x1024.jpg 768w, http:\/\/przedszkoletworkow.pl\/wp-content\/uploads\/2026\/03\/619479801_122155211486640562_708089665292112173_n-1152x1536.jpg 1152w, http:\/\/przedszkoletworkow.pl\/wp-content\/uploads\/2026\/03\/619479801_122155211486640562_708089665292112173_n.jpg 1536w\" sizes=\"auto, (max-width: 225px) 100vw, 225px\" \/><\/div>\n<\/div>\n","protected":false},"excerpt":{"rendered":"<p>23 stycznia odby\u0142a si\u0119 uroczysto\u015b\u0107 z okazji Dnia Babci i Dziadka , zorganizowana przez Przedszkole w Tworkowie. W sali Gminnego O\u015brodka Kultury zebra\u0142o si\u0119 oko\u0142o 220 os\u00f3b \u2013 babcie, dziadkowie oraz zaproszeni go\u015bcie. Swoj\u0105 obecno\u015bci\u0105 zaszczycili nas : \u2022 w imieniu W\u00f3jta Gmina Krzy\u017canowice \u2013 pan Wolfgang Kroczek, kt\u00f3ry z\u0142o\u017cy\u0142 [&hellip;]<\/p>\n","protected":false},"author":2,"featured_media":13548,"comment_status":"open","ping_status":"open","sticky":false,"template":"","format":"standard","meta":{"ngg_post_thumbnail":0,"footnotes":""},"categories":[1],"tags":[],"class_list":["post-13549","post","type-post","status-publish","format-standard","has-post-thumbnail","hentry","category-bez-kategorii"],"_links":{"self":[{"href":"http:\/\/przedszkoletworkow.pl\/index.php?rest_route=\/wp\/v2\/posts\/13549","targetHints":{"allow":["GET"]}}],"collection":[{"href":"http:\/\/przedszkoletworkow.pl\/index.php?rest_route=\/wp\/v2\/posts"}],"about":[{"href":"http:\/\/przedszkoletworkow.pl\/index.php?rest_route=\/wp\/v2\/types\/post"}],"author":[{"embeddable":true,"href":"http:\/\/przedszkoletworkow.pl\/index.php?rest_route=\/wp\/v2\/users\/2"}],"replies":[{"embeddable":true,"href":"http:\/\/przedszkoletworkow.pl\/index.php?rest_route=%2Fwp%2Fv2%2Fcomments&post=13549"}],"version-history":[{"count":1,"href":"http:\/\/przedszkoletworkow.pl\/index.php?rest_route=\/wp\/v2\/posts\/13549\/revisions"}],"predecessor-version":[{"id":13551,"href":"http:\/\/przedszkoletworkow.pl\/index.php?rest_route=\/wp\/v2\/posts\/13549\/revisions\/13551"}],"wp:featuredmedia":[{"embeddable":true,"href":"http:\/\/przedszkoletworkow.pl\/index.php?rest_route=\/wp\/v2\/media\/13548"}],"wp:attachment":[{"href":"http:\/\/przedszkoletworkow.pl\/index.php?rest_route=%2Fwp%2Fv2%2Fmedia&parent=13549"}],"wp:term":[{"taxonomy":"category","embeddable":true,"href":"http:\/\/przedszkoletworkow.pl\/index.php?rest_route=%2Fwp%2Fv2%2Fcategories&post=13549"},{"taxonomy":"post_tag","embeddable":true,"href":"http:\/\/przedszkoletworkow.pl\/index.php?rest_route=%2Fwp%2Fv2%2Ftags&post=13549"}],"curies":[{"name":"wp","href":"https:\/\/api.w.org\/{rel}","templated":true}]}}