{"id":13065,"date":"2025-09-15T16:30:20","date_gmt":"2025-09-15T14:30:20","guid":{"rendered":"http:\/\/przedszkoletworkow.pl\/?p=13065"},"modified":"2025-09-30T16:42:32","modified_gmt":"2025-09-30T14:42:32","slug":"%f0%9f%94%b5-miedzynarodowy-dzien-kropki-w-zlobku-%f0%9f%94%b5","status":"publish","type":"post","link":"http:\/\/przedszkoletworkow.pl\/?p=13065","title":{"rendered":"\ud83d\udd35 Mi\u0119dzynarodowy Dzie\u0144 Kropki w \u017b\u0142obku \ud83d\udd35"},"content":{"rendered":"<p data-start=\"393\" data-end=\"467\">Mimo \u017ce jeste\u015bmy mali,<br data-start=\"419\" data-end=\"422\">to pomys\u0142y mamy wspania\u0142e i&#8230; kropkowe! \ud83d\ude0a<\/p>\n<p data-start=\"469\" data-end=\"655\">W naszym \u017c\u0142obku \u015bwi\u0119towali\u015bmy Mi\u0119dzynarodowy Dzie\u0144 Kropki \u2013 dzie\u0144 kreatywno\u015bci, odwagi i wiary w siebie.<br data-start=\"577\" data-end=\"580\">By\u0142y kolorowe kropki, prace plastyczne, zabawy, a nawet \u201ekropkowe\u201d ta\u0144ce!<\/p>\n<p data-start=\"657\" data-end=\"763\">Ka\u017cdy maluszek mia\u0142 okazj\u0119 poczu\u0107, \u017ce jego pomys\u0142 i tw\u00f3rczo\u015b\u0107 maj\u0105 znaczenie \u2013 niezale\u017cnie od wieku!<\/p>\n<!-- default-view.php -->\n<div\n\tclass=\"ngg-galleryoverview default-view \"\n\tid=\"ngg-gallery-05a8d3ba6634edad233b93b2c2b03345-1\">\n\n\t\t<!-- Thumbnails -->\n\t\t\t\t<div id=\"ngg-image-0\" class=\"ngg-gallery-thumbnail-box \" >\n\t\t\t\t        <div class=\"ngg-gallery-thumbnail\">\n            <a href=\"http:\/\/przedszkoletworkow.pl\/wp-content\/gallery\/kroz\/9b98d12a-cc29-46f5-a3bd-47f24d4742d8.jpeg\"\n               title=\"\"\n               data-src=\"http:\/\/przedszkoletworkow.pl\/wp-content\/gallery\/kroz\/9b98d12a-cc29-46f5-a3bd-47f24d4742d8.jpeg\"\n               data-thumbnail=\"http:\/\/przedszkoletworkow.pl\/wp-content\/gallery\/kroz\/thumbs\/thumbs_9b98d12a-cc29-46f5-a3bd-47f24d4742d8.jpeg\"\n               data-image-id=\"8459\"\n               data-title=\"9b98d12a-cc29-46f5-a3bd-47f24d4742d8\"\n               data-description=\"\"\n               data-image-slug=\"9b98d12a-cc29-46f5-a3bd-47f24d4742d8\"\n               class=\"ngg-simplelightbox\" rel=\"05a8d3ba6634edad233b93b2c2b03345\">\n                <img\n                    title=\"9b98d12a-cc29-46f5-a3bd-47f24d4742d8\"\n                    alt=\"9b98d12a-cc29-46f5-a3bd-47f24d4742d8\"\n                    src=\"http:\/\/przedszkoletworkow.pl\/wp-content\/gallery\/kroz\/thumbs\/thumbs_9b98d12a-cc29-46f5-a3bd-47f24d4742d8.jpeg\"\n                    width=\"240\"\n                    height=\"160\"\n                    style=\"max-width:100%;\"\n                \/>\n            <\/a>\n        <\/div>\n\t\t\t\t\t\t\t<\/div> \n\t\t\t\n\t\t\t\t<div id=\"ngg-image-1\" class=\"ngg-gallery-thumbnail-box \" >\n\t\t\t\t        <div class=\"ngg-gallery-thumbnail\">\n            <a href=\"http:\/\/przedszkoletworkow.pl\/wp-content\/gallery\/kroz\/73cea7a9-714c-4793-9c46-962cd3fbcbc1.jpeg\"\n               title=\"\"\n               data-src=\"http:\/\/przedszkoletworkow.pl\/wp-content\/gallery\/kroz\/73cea7a9-714c-4793-9c46-962cd3fbcbc1.jpeg\"\n               data-thumbnail=\"http:\/\/przedszkoletworkow.pl\/wp-content\/gallery\/kroz\/thumbs\/thumbs_73cea7a9-714c-4793-9c46-962cd3fbcbc1.jpeg\"\n               data-image-id=\"8460\"\n               data-title=\"73cea7a9-714c-4793-9c46-962cd3fbcbc1\"\n               data-description=\"\"\n               data-image-slug=\"73cea7a9-714c-4793-9c46-962cd3fbcbc1\"\n               class=\"ngg-simplelightbox\" rel=\"05a8d3ba6634edad233b93b2c2b03345\">\n                <img\n                    title=\"73cea7a9-714c-4793-9c46-962cd3fbcbc1\"\n                    alt=\"73cea7a9-714c-4793-9c46-962cd3fbcbc1\"\n                    src=\"http:\/\/przedszkoletworkow.pl\/wp-content\/gallery\/kroz\/thumbs\/thumbs_73cea7a9-714c-4793-9c46-962cd3fbcbc1.jpeg\"\n                    width=\"240\"\n                    height=\"160\"\n                    style=\"max-width:100%;\"\n                \/>\n            <\/a>\n        <\/div>\n\t\t\t\t\t\t\t<\/div> \n\t\t\t\n\t\t\t\t<div id=\"ngg-image-2\" class=\"ngg-gallery-thumbnail-box \" >\n\t\t\t\t        <div class=\"ngg-gallery-thumbnail\">\n            <a href=\"http:\/\/przedszkoletworkow.pl\/wp-content\/gallery\/kroz\/56e44dec-a2ce-4918-939f-ffcd3286278e.jpeg\"\n               title=\"\"\n               data-src=\"http:\/\/przedszkoletworkow.pl\/wp-content\/gallery\/kroz\/56e44dec-a2ce-4918-939f-ffcd3286278e.jpeg\"\n               data-thumbnail=\"http:\/\/przedszkoletworkow.pl\/wp-content\/gallery\/kroz\/thumbs\/thumbs_56e44dec-a2ce-4918-939f-ffcd3286278e.jpeg\"\n               data-image-id=\"8461\"\n               data-title=\"56e44dec-a2ce-4918-939f-ffcd3286278e\"\n               data-description=\"\"\n               data-image-slug=\"56e44dec-a2ce-4918-939f-ffcd3286278e\"\n               class=\"ngg-simplelightbox\" rel=\"05a8d3ba6634edad233b93b2c2b03345\">\n                <img\n                    title=\"56e44dec-a2ce-4918-939f-ffcd3286278e\"\n                    alt=\"56e44dec-a2ce-4918-939f-ffcd3286278e\"\n                    src=\"http:\/\/przedszkoletworkow.pl\/wp-content\/gallery\/kroz\/thumbs\/thumbs_56e44dec-a2ce-4918-939f-ffcd3286278e.jpeg\"\n                    width=\"240\"\n                    height=\"160\"\n                    style=\"max-width:100%;\"\n                \/>\n            <\/a>\n        <\/div>\n\t\t\t\t\t\t\t<\/div> \n\t\t\t\n\t\n\t<br style=\"clear: both\" \/>\n\n\t\n\t\t<!-- Pagination -->\n\t<div class='ngg-clear'><\/div>\t<\/div>\n\n","protected":false},"excerpt":{"rendered":"<p>Mimo \u017ce jeste\u015bmy mali,to pomys\u0142y mamy wspania\u0142e i&#8230; kropkowe! \ud83d\ude0a W naszym \u017c\u0142obku \u015bwi\u0119towali\u015bmy Mi\u0119dzynarodowy Dzie\u0144 Kropki \u2013 dzie\u0144 kreatywno\u015bci, odwagi i wiary w siebie.By\u0142y kolorowe kropki, prace plastyczne, zabawy, a nawet \u201ekropkowe\u201d ta\u0144ce! Ka\u017cdy maluszek mia\u0142 okazj\u0119 poczu\u0107, \u017ce jego pomys\u0142 i tw\u00f3rczo\u015b\u0107 maj\u0105 znaczenie \u2013 niezale\u017cnie od wieku!<\/p>\n","protected":false},"author":2,"featured_media":13070,"comment_status":"open","ping_status":"open","sticky":false,"template":"","format":"standard","meta":{"ngg_post_thumbnail":0,"footnotes":""},"categories":[313],"tags":[],"class_list":["post-13065","post","type-post","status-publish","format-standard","has-post-thumbnail","hentry","category-wydarzenia"],"_links":{"self":[{"href":"http:\/\/przedszkoletworkow.pl\/index.php?rest_route=\/wp\/v2\/posts\/13065","targetHints":{"allow":["GET"]}}],"collection":[{"href":"http:\/\/przedszkoletworkow.pl\/index.php?rest_route=\/wp\/v2\/posts"}],"about":[{"href":"http:\/\/przedszkoletworkow.pl\/index.php?rest_route=\/wp\/v2\/types\/post"}],"author":[{"embeddable":true,"href":"http:\/\/przedszkoletworkow.pl\/index.php?rest_route=\/wp\/v2\/users\/2"}],"replies":[{"embeddable":true,"href":"http:\/\/przedszkoletworkow.pl\/index.php?rest_route=%2Fwp%2Fv2%2Fcomments&post=13065"}],"version-history":[{"count":1,"href":"http:\/\/przedszkoletworkow.pl\/index.php?rest_route=\/wp\/v2\/posts\/13065\/revisions"}],"predecessor-version":[{"id":13071,"href":"http:\/\/przedszkoletworkow.pl\/index.php?rest_route=\/wp\/v2\/posts\/13065\/revisions\/13071"}],"wp:featuredmedia":[{"embeddable":true,"href":"http:\/\/przedszkoletworkow.pl\/index.php?rest_route=\/wp\/v2\/media\/13070"}],"wp:attachment":[{"href":"http:\/\/przedszkoletworkow.pl\/index.php?rest_route=%2Fwp%2Fv2%2Fmedia&parent=13065"}],"wp:term":[{"taxonomy":"category","embeddable":true,"href":"http:\/\/przedszkoletworkow.pl\/index.php?rest_route=%2Fwp%2Fv2%2Fcategories&post=13065"},{"taxonomy":"post_tag","embeddable":true,"href":"http:\/\/przedszkoletworkow.pl\/index.php?rest_route=%2Fwp%2Fv2%2Ftags&post=13065"}],"curies":[{"name":"wp","href":"https:\/\/api.w.org\/{rel}","templated":true}]}}