{"id":12970,"date":"2025-09-15T12:12:46","date_gmt":"2025-09-15T10:12:46","guid":{"rendered":"http:\/\/przedszkoletworkow.pl\/?p=12970"},"modified":"2025-09-16T13:35:04","modified_gmt":"2025-09-16T11:35:04","slug":"dozynki-2025","status":"publish","type":"post","link":"http:\/\/przedszkoletworkow.pl\/?p=12970","title":{"rendered":"Do\u017cynki 2025"},"content":{"rendered":"<p>14 wrze\u015bnia, w niedziel\u0119, dzieci z grupy &#8222;Skrzaty&#8221; wzi\u0119\u0142y udzia\u0142 w korowodzie do\u017cynkowym. Mimo deszczu dzielnie maszerowa\u0142y, nios\u0105c ze sob\u0105 rado\u015b\u0107 i u\u015bmiech. Serdecznie dzi\u0119kujemy wszystkim ma\u0142ym uczestnikom oraz ich rodzicom za zaanga\u017cowanie i obecno\u015b\u0107!<\/p>\n<p>Zdj\u0119cia &#8211; Gmina Krzy\u017canowice<\/p>\n<!-- default-view.php -->\n<div\n\tclass=\"ngg-galleryoverview default-view \"\n\tid=\"ngg-gallery-d7998ce6e8242eed81a3bafebd71e4a6-1\">\n\n\t\t<!-- Thumbnails -->\n\t\t\t\t<div id=\"ngg-image-0\" class=\"ngg-gallery-thumbnail-box \" >\n\t\t\t\t        <div class=\"ngg-gallery-thumbnail\">\n            <a href=\"http:\/\/przedszkoletworkow.pl\/wp-content\/gallery\/dozynki\/546421337_1273477194791200_5832215516076092720_n.jpg\"\n               title=\"\"\n               data-src=\"http:\/\/przedszkoletworkow.pl\/wp-content\/gallery\/dozynki\/546421337_1273477194791200_5832215516076092720_n.jpg\"\n               data-thumbnail=\"http:\/\/przedszkoletworkow.pl\/wp-content\/gallery\/dozynki\/thumbs\/thumbs_546421337_1273477194791200_5832215516076092720_n.jpg\"\n               data-image-id=\"8412\"\n               data-title=\"546421337_1273477194791200_5832215516076092720_n\"\n               data-description=\"\"\n               data-image-slug=\"546421337_1273477194791200_5832215516076092720_n\"\n               class=\"ngg-simplelightbox\" rel=\"d7998ce6e8242eed81a3bafebd71e4a6\">\n                <img\n                    title=\"546421337_1273477194791200_5832215516076092720_n\"\n                    alt=\"546421337_1273477194791200_5832215516076092720_n\"\n                    src=\"http:\/\/przedszkoletworkow.pl\/wp-content\/gallery\/dozynki\/thumbs\/thumbs_546421337_1273477194791200_5832215516076092720_n.jpg\"\n                    width=\"240\"\n                    height=\"160\"\n                    style=\"max-width:100%;\"\n                \/>\n            <\/a>\n        <\/div>\n\t\t\t\t\t\t\t<\/div> \n\t\t\t\n\t\t\t\t<div id=\"ngg-image-1\" class=\"ngg-gallery-thumbnail-box \" >\n\t\t\t\t        <div class=\"ngg-gallery-thumbnail\">\n            <a href=\"http:\/\/przedszkoletworkow.pl\/wp-content\/gallery\/dozynki\/547685401_1273477344791185_3002966674521703967_n.jpg\"\n               title=\"\"\n               data-src=\"http:\/\/przedszkoletworkow.pl\/wp-content\/gallery\/dozynki\/547685401_1273477344791185_3002966674521703967_n.jpg\"\n               data-thumbnail=\"http:\/\/przedszkoletworkow.pl\/wp-content\/gallery\/dozynki\/thumbs\/thumbs_547685401_1273477344791185_3002966674521703967_n.jpg\"\n               data-image-id=\"8413\"\n               data-title=\"547685401_1273477344791185_3002966674521703967_n\"\n               data-description=\"\"\n               data-image-slug=\"547685401_1273477344791185_3002966674521703967_n\"\n               class=\"ngg-simplelightbox\" rel=\"d7998ce6e8242eed81a3bafebd71e4a6\">\n                <img\n                    title=\"547685401_1273477344791185_3002966674521703967_n\"\n                    alt=\"547685401_1273477344791185_3002966674521703967_n\"\n                    src=\"http:\/\/przedszkoletworkow.pl\/wp-content\/gallery\/dozynki\/thumbs\/thumbs_547685401_1273477344791185_3002966674521703967_n.jpg\"\n                    width=\"240\"\n                    height=\"160\"\n                    style=\"max-width:100%;\"\n                \/>\n            <\/a>\n        <\/div>\n\t\t\t\t\t\t\t<\/div> \n\t\t\t\n\t\t\t\t<div id=\"ngg-image-2\" class=\"ngg-gallery-thumbnail-box \" >\n\t\t\t\t        <div class=\"ngg-gallery-thumbnail\">\n            <a href=\"http:\/\/przedszkoletworkow.pl\/wp-content\/gallery\/dozynki\/547278062_1273476514791268_5405838519494975756_n.jpg\"\n               title=\"\"\n               data-src=\"http:\/\/przedszkoletworkow.pl\/wp-content\/gallery\/dozynki\/547278062_1273476514791268_5405838519494975756_n.jpg\"\n               data-thumbnail=\"http:\/\/przedszkoletworkow.pl\/wp-content\/gallery\/dozynki\/thumbs\/thumbs_547278062_1273476514791268_5405838519494975756_n.jpg\"\n               data-image-id=\"8414\"\n               data-title=\"547278062_1273476514791268_5405838519494975756_n\"\n               data-description=\"\"\n               data-image-slug=\"547278062_1273476514791268_5405838519494975756_n\"\n               class=\"ngg-simplelightbox\" rel=\"d7998ce6e8242eed81a3bafebd71e4a6\">\n                <img\n                    title=\"547278062_1273476514791268_5405838519494975756_n\"\n                    alt=\"547278062_1273476514791268_5405838519494975756_n\"\n                    src=\"http:\/\/przedszkoletworkow.pl\/wp-content\/gallery\/dozynki\/thumbs\/thumbs_547278062_1273476514791268_5405838519494975756_n.jpg\"\n                    width=\"240\"\n                    height=\"160\"\n                    style=\"max-width:100%;\"\n                \/>\n            <\/a>\n        <\/div>\n\t\t\t\t\t\t\t<\/div> \n\t\t\t\n\t\t\t\t<div id=\"ngg-image-3\" class=\"ngg-gallery-thumbnail-box \" >\n\t\t\t\t        <div class=\"ngg-gallery-thumbnail\">\n            <a href=\"http:\/\/przedszkoletworkow.pl\/wp-content\/gallery\/dozynki\/547266120_1273477418124511_4530156403410033920_n.jpg\"\n               title=\"\"\n               data-src=\"http:\/\/przedszkoletworkow.pl\/wp-content\/gallery\/dozynki\/547266120_1273477418124511_4530156403410033920_n.jpg\"\n               data-thumbnail=\"http:\/\/przedszkoletworkow.pl\/wp-content\/gallery\/dozynki\/thumbs\/thumbs_547266120_1273477418124511_4530156403410033920_n.jpg\"\n               data-image-id=\"8415\"\n               data-title=\"547266120_1273477418124511_4530156403410033920_n\"\n               data-description=\"\"\n               data-image-slug=\"547266120_1273477418124511_4530156403410033920_n\"\n               class=\"ngg-simplelightbox\" rel=\"d7998ce6e8242eed81a3bafebd71e4a6\">\n                <img\n                    title=\"547266120_1273477418124511_4530156403410033920_n\"\n                    alt=\"547266120_1273477418124511_4530156403410033920_n\"\n                    src=\"http:\/\/przedszkoletworkow.pl\/wp-content\/gallery\/dozynki\/thumbs\/thumbs_547266120_1273477418124511_4530156403410033920_n.jpg\"\n                    width=\"240\"\n                    height=\"160\"\n                    style=\"max-width:100%;\"\n                \/>\n            <\/a>\n        <\/div>\n\t\t\t\t\t\t\t<\/div> \n\t\t\t\n\t\n\t<br style=\"clear: both\" \/>\n\n\t\n\t\t<!-- Pagination -->\n\t<div class='ngg-clear'><\/div>\t<\/div>\n\n","protected":false},"excerpt":{"rendered":"<p>14 wrze\u015bnia, w niedziel\u0119, dzieci z grupy &#8222;Skrzaty&#8221; wzi\u0119\u0142y udzia\u0142 w korowodzie do\u017cynkowym. Mimo deszczu dzielnie maszerowa\u0142y, nios\u0105c ze sob\u0105 rado\u015b\u0107 i u\u015bmiech. Serdecznie dzi\u0119kujemy wszystkim ma\u0142ym uczestnikom oraz ich rodzicom za zaanga\u017cowanie i obecno\u015b\u0107! Zdj\u0119cia &#8211; Gmina Krzy\u017canowice<\/p>\n","protected":false},"author":2,"featured_media":12976,"comment_status":"open","ping_status":"open","sticky":false,"template":"","format":"standard","meta":{"ngg_post_thumbnail":0,"footnotes":""},"categories":[1],"tags":[],"class_list":["post-12970","post","type-post","status-publish","format-standard","has-post-thumbnail","hentry","category-bez-kategorii"],"_links":{"self":[{"href":"http:\/\/przedszkoletworkow.pl\/index.php?rest_route=\/wp\/v2\/posts\/12970","targetHints":{"allow":["GET"]}}],"collection":[{"href":"http:\/\/przedszkoletworkow.pl\/index.php?rest_route=\/wp\/v2\/posts"}],"about":[{"href":"http:\/\/przedszkoletworkow.pl\/index.php?rest_route=\/wp\/v2\/types\/post"}],"author":[{"embeddable":true,"href":"http:\/\/przedszkoletworkow.pl\/index.php?rest_route=\/wp\/v2\/users\/2"}],"replies":[{"embeddable":true,"href":"http:\/\/przedszkoletworkow.pl\/index.php?rest_route=%2Fwp%2Fv2%2Fcomments&post=12970"}],"version-history":[{"count":3,"href":"http:\/\/przedszkoletworkow.pl\/index.php?rest_route=\/wp\/v2\/posts\/12970\/revisions"}],"predecessor-version":[{"id":12991,"href":"http:\/\/przedszkoletworkow.pl\/index.php?rest_route=\/wp\/v2\/posts\/12970\/revisions\/12991"}],"wp:featuredmedia":[{"embeddable":true,"href":"http:\/\/przedszkoletworkow.pl\/index.php?rest_route=\/wp\/v2\/media\/12976"}],"wp:attachment":[{"href":"http:\/\/przedszkoletworkow.pl\/index.php?rest_route=%2Fwp%2Fv2%2Fmedia&parent=12970"}],"wp:term":[{"taxonomy":"category","embeddable":true,"href":"http:\/\/przedszkoletworkow.pl\/index.php?rest_route=%2Fwp%2Fv2%2Fcategories&post=12970"},{"taxonomy":"post_tag","embeddable":true,"href":"http:\/\/przedszkoletworkow.pl\/index.php?rest_route=%2Fwp%2Fv2%2Ftags&post=12970"}],"curies":[{"name":"wp","href":"https:\/\/api.w.org\/{rel}","templated":true}]}}