{"id":12899,"date":"2025-09-04T15:06:40","date_gmt":"2025-09-04T13:06:40","guid":{"rendered":"http:\/\/przedszkoletworkow.pl\/?p=12899"},"modified":"2025-09-15T15:14:27","modified_gmt":"2025-09-15T13:14:27","slug":"witamy-po-wakacjach","status":"publish","type":"post","link":"http:\/\/przedszkoletworkow.pl\/?p=12899","title":{"rendered":"Witamy po wakacjach"},"content":{"rendered":"<p>\ud83c\udf89 Serdecznie witamy wszystkie nasze Przedszkolaki! \ud83c\udf89<br \/>\nWitamy Was w nowym roku szkolnym 2025\/2026!<br \/>\n\u017byczymy, aby ka\u017cdy dzie\u0144 w przedszkolu by\u0142 pe\u0142en:<br \/>\n\u2728 radosnych chwil,<br \/>\n\u2728 weso\u0142ej zabawy,<br \/>\n\u2728 ciekawych przyg\u00f3d.<br \/>\nNiech czas sp\u0119dzony razem przynosi Wam:<br \/>\n\ud83c\udf08 nowe przyja\u017anie,<br \/>\n\ud83c\udf08 mn\u00f3stwo u\u015bmiech\u00f3w,<br \/>\n\ud83c\udf08 kolorowe wspomnienia.<br \/>\nB\u0105d\u017acie odwa\u017cni w odkrywaniu \u015bwiata, kreatywni w zabawie i gotowi na wyzwania, kt\u00f3re b\u0119dziemy wsp\u00f3lnie pokonywa\u0107.<br \/>\n\ud83d\udc96 Razem stworzymy wspania\u0142y, niezapomniany rok! \ud83d\udc96<img loading=\"lazy\" decoding=\"async\" class=\"alignnone size-medium wp-image-12900\" src=\"http:\/\/przedszkoletworkow.pl\/wp-content\/uploads\/2025\/09\/IMG_20250912_062433-300x147.jpg\" alt=\"\" width=\"300\" height=\"147\" srcset=\"http:\/\/przedszkoletworkow.pl\/wp-content\/uploads\/2025\/09\/IMG_20250912_062433-300x147.jpg 300w, http:\/\/przedszkoletworkow.pl\/wp-content\/uploads\/2025\/09\/IMG_20250912_062433-1024x503.jpg 1024w, http:\/\/przedszkoletworkow.pl\/wp-content\/uploads\/2025\/09\/IMG_20250912_062433-768x377.jpg 768w, http:\/\/przedszkoletworkow.pl\/wp-content\/uploads\/2025\/09\/IMG_20250912_062433-1536x754.jpg 1536w, http:\/\/przedszkoletworkow.pl\/wp-content\/uploads\/2025\/09\/IMG_20250912_062433-2048x1005.jpg 2048w\" sizes=\"auto, (max-width: 300px) 100vw, 300px\" \/><\/p>\n","protected":false},"excerpt":{"rendered":"<p>\ud83c\udf89 Serdecznie witamy wszystkie nasze Przedszkolaki! \ud83c\udf89 Witamy Was w nowym roku szkolnym 2025\/2026! \u017byczymy, aby ka\u017cdy dzie\u0144 w przedszkolu by\u0142 pe\u0142en: \u2728 radosnych chwil, \u2728 weso\u0142ej zabawy, \u2728 ciekawych przyg\u00f3d. Niech czas sp\u0119dzony razem przynosi Wam: \ud83c\udf08 nowe przyja\u017anie, \ud83c\udf08 mn\u00f3stwo u\u015bmiech\u00f3w, \ud83c\udf08 kolorowe wspomnienia. B\u0105d\u017acie odwa\u017cni w odkrywaniu [&hellip;]<\/p>\n","protected":false},"author":2,"featured_media":12900,"comment_status":"open","ping_status":"open","sticky":false,"template":"","format":"standard","meta":{"ngg_post_thumbnail":0,"footnotes":""},"categories":[1],"tags":[],"class_list":["post-12899","post","type-post","status-publish","format-standard","has-post-thumbnail","hentry","category-bez-kategorii"],"_links":{"self":[{"href":"http:\/\/przedszkoletworkow.pl\/index.php?rest_route=\/wp\/v2\/posts\/12899","targetHints":{"allow":["GET"]}}],"collection":[{"href":"http:\/\/przedszkoletworkow.pl\/index.php?rest_route=\/wp\/v2\/posts"}],"about":[{"href":"http:\/\/przedszkoletworkow.pl\/index.php?rest_route=\/wp\/v2\/types\/post"}],"author":[{"embeddable":true,"href":"http:\/\/przedszkoletworkow.pl\/index.php?rest_route=\/wp\/v2\/users\/2"}],"replies":[{"embeddable":true,"href":"http:\/\/przedszkoletworkow.pl\/index.php?rest_route=%2Fwp%2Fv2%2Fcomments&post=12899"}],"version-history":[{"count":2,"href":"http:\/\/przedszkoletworkow.pl\/index.php?rest_route=\/wp\/v2\/posts\/12899\/revisions"}],"predecessor-version":[{"id":12907,"href":"http:\/\/przedszkoletworkow.pl\/index.php?rest_route=\/wp\/v2\/posts\/12899\/revisions\/12907"}],"wp:featuredmedia":[{"embeddable":true,"href":"http:\/\/przedszkoletworkow.pl\/index.php?rest_route=\/wp\/v2\/media\/12900"}],"wp:attachment":[{"href":"http:\/\/przedszkoletworkow.pl\/index.php?rest_route=%2Fwp%2Fv2%2Fmedia&parent=12899"}],"wp:term":[{"taxonomy":"category","embeddable":true,"href":"http:\/\/przedszkoletworkow.pl\/index.php?rest_route=%2Fwp%2Fv2%2Fcategories&post=12899"},{"taxonomy":"post_tag","embeddable":true,"href":"http:\/\/przedszkoletworkow.pl\/index.php?rest_route=%2Fwp%2Fv2%2Ftags&post=12899"}],"curies":[{"name":"wp","href":"https:\/\/api.w.org\/{rel}","templated":true}]}}