{"id":12567,"date":"2025-05-21T14:00:12","date_gmt":"2025-05-21T12:00:12","guid":{"rendered":"http:\/\/przedszkoletworkow.pl\/?p=12567"},"modified":"2025-05-22T07:09:00","modified_gmt":"2025-05-22T05:09:00","slug":"xxx-przeglad-mlodych-talentow","status":"publish","type":"post","link":"http:\/\/przedszkoletworkow.pl\/?p=12567","title":{"rendered":"XXX Przegl\u0105d M\u0142odych Talent\u00f3w"},"content":{"rendered":"<p>21 maja w sali Gminnego O\u015brodka Kultury odby\u0142 si\u0119 jubileuszowy XXX Przegl\u0105d M\u0142odych Talent\u00f3w, kt\u00f3ry ju\u017c od wielu lat cieszy si\u0119 ogromnym zainteresowaniem dzieci, rodzic\u00f3w i nauczycieli. Tegoroczna edycja by\u0142a szczeg\u00f3lna \u2013 nie tylko ze wzgl\u0119du na okr\u0105g\u0142\u0105 rocznic\u0119, ale r\u00f3wnie\u017c z powodu imponuj\u0105cego poziomu wyst\u0119p\u00f3w m\u0142odych artyst\u00f3w. Ca\u0142o\u015b\u0107 poprowadzi\u0142a dyrektor Sabina Ciuraszkiewicz<\/p>\n<p>W przegl\u0105dzie wzi\u0119\u0142y udzia\u0142 tak\u017ce nasze przedszkolaki. W kategorii:<\/p>\n<p>Recytacja \u2013 Ewelina i Jagoda<\/p>\n<p>Taniec \u2013 Rozta\u0144czone Nutki \u2013 Ania, Alicja, Liwia ,Luiza i Klara<\/p>\n<p>Wszyscy m\u0142odzi arty\u015bci otrzymali pami\u0105tkowe dyplomy oraz s\u0142odkie upominki. Wyst\u0119py spotka\u0142y si\u0119 z gor\u0105cym aplauzem publiczno\u015bci, a ca\u0142e wydarzenie przebieg\u0142o w radosnej i pe\u0142nej wzrusze\u0144 atmosferze.<\/p>\n<p>Gratulujemy wszystkim uczestnikom odwagi, talentu i zaanga\u017cowania! Dzi\u0119kujemy nauczycielom i rodzicom za przygotowanie dzieci oraz wsparcie ich pasji.<\/p>\n<!-- default-view.php -->\n<div\n\tclass=\"ngg-galleryoverview default-view \"\n\tid=\"ngg-gallery-e8fa131c9d4bfb4bd8292a3825f24541-1\">\n\n\t\t<!-- Thumbnails -->\n\t\t\t\t<div id=\"ngg-image-0\" class=\"ngg-gallery-thumbnail-box \" >\n\t\t\t\t        <div class=\"ngg-gallery-thumbnail\">\n            <a href=\"http:\/\/przedszkoletworkow.pl\/wp-content\/gallery\/talenciaki\/1c18f773-b084-4d2e-bef2-4e5f712cf2cc.jpeg\"\n               title=\"\"\n               data-src=\"http:\/\/przedszkoletworkow.pl\/wp-content\/gallery\/talenciaki\/1c18f773-b084-4d2e-bef2-4e5f712cf2cc.jpeg\"\n               data-thumbnail=\"http:\/\/przedszkoletworkow.pl\/wp-content\/gallery\/talenciaki\/thumbs\/thumbs_1c18f773-b084-4d2e-bef2-4e5f712cf2cc.jpeg\"\n               data-image-id=\"8092\"\n               data-title=\"1c18f773-b084-4d2e-bef2-4e5f712cf2cc\"\n               data-description=\"\"\n               data-image-slug=\"1c18f773-b084-4d2e-bef2-4e5f712cf2cc\"\n               class=\"ngg-simplelightbox\" rel=\"e8fa131c9d4bfb4bd8292a3825f24541\">\n                <img\n                    title=\"1c18f773-b084-4d2e-bef2-4e5f712cf2cc\"\n                    alt=\"1c18f773-b084-4d2e-bef2-4e5f712cf2cc\"\n                    src=\"http:\/\/przedszkoletworkow.pl\/wp-content\/gallery\/talenciaki\/thumbs\/thumbs_1c18f773-b084-4d2e-bef2-4e5f712cf2cc.jpeg\"\n                    width=\"240\"\n                    height=\"160\"\n                    style=\"max-width:100%;\"\n                \/>\n            <\/a>\n        <\/div>\n\t\t\t\t\t\t\t<\/div> \n\t\t\t\n\t\t\t\t<div id=\"ngg-image-1\" class=\"ngg-gallery-thumbnail-box \" >\n\t\t\t\t        <div class=\"ngg-gallery-thumbnail\">\n            <a href=\"http:\/\/przedszkoletworkow.pl\/wp-content\/gallery\/talenciaki\/09a276b1-aaa9-4210-93ee-fba1da909b20.jpeg\"\n               title=\"\"\n               data-src=\"http:\/\/przedszkoletworkow.pl\/wp-content\/gallery\/talenciaki\/09a276b1-aaa9-4210-93ee-fba1da909b20.jpeg\"\n               data-thumbnail=\"http:\/\/przedszkoletworkow.pl\/wp-content\/gallery\/talenciaki\/thumbs\/thumbs_09a276b1-aaa9-4210-93ee-fba1da909b20.jpeg\"\n               data-image-id=\"8093\"\n               data-title=\"09a276b1-aaa9-4210-93ee-fba1da909b20\"\n               data-description=\"\"\n               data-image-slug=\"09a276b1-aaa9-4210-93ee-fba1da909b20\"\n               class=\"ngg-simplelightbox\" rel=\"e8fa131c9d4bfb4bd8292a3825f24541\">\n                <img\n                    title=\"09a276b1-aaa9-4210-93ee-fba1da909b20\"\n                    alt=\"09a276b1-aaa9-4210-93ee-fba1da909b20\"\n                    src=\"http:\/\/przedszkoletworkow.pl\/wp-content\/gallery\/talenciaki\/thumbs\/thumbs_09a276b1-aaa9-4210-93ee-fba1da909b20.jpeg\"\n                    width=\"240\"\n                    height=\"160\"\n                    style=\"max-width:100%;\"\n                \/>\n            <\/a>\n        <\/div>\n\t\t\t\t\t\t\t<\/div> \n\t\t\t\n\t\t\t\t<div id=\"ngg-image-2\" class=\"ngg-gallery-thumbnail-box \" >\n\t\t\t\t        <div class=\"ngg-gallery-thumbnail\">\n            <a href=\"http:\/\/przedszkoletworkow.pl\/wp-content\/gallery\/talenciaki\/20575ce5-ac1c-42b6-8745-b843c0f75134.jpeg\"\n               title=\"\"\n               data-src=\"http:\/\/przedszkoletworkow.pl\/wp-content\/gallery\/talenciaki\/20575ce5-ac1c-42b6-8745-b843c0f75134.jpeg\"\n               data-thumbnail=\"http:\/\/przedszkoletworkow.pl\/wp-content\/gallery\/talenciaki\/thumbs\/thumbs_20575ce5-ac1c-42b6-8745-b843c0f75134.jpeg\"\n               data-image-id=\"8094\"\n               data-title=\"20575ce5-ac1c-42b6-8745-b843c0f75134\"\n               data-description=\"\"\n               data-image-slug=\"20575ce5-ac1c-42b6-8745-b843c0f75134\"\n               class=\"ngg-simplelightbox\" rel=\"e8fa131c9d4bfb4bd8292a3825f24541\">\n                <img\n                    title=\"20575ce5-ac1c-42b6-8745-b843c0f75134\"\n                    alt=\"20575ce5-ac1c-42b6-8745-b843c0f75134\"\n                    src=\"http:\/\/przedszkoletworkow.pl\/wp-content\/gallery\/talenciaki\/thumbs\/thumbs_20575ce5-ac1c-42b6-8745-b843c0f75134.jpeg\"\n                    width=\"240\"\n                    height=\"160\"\n                    style=\"max-width:100%;\"\n                \/>\n            <\/a>\n        <\/div>\n\t\t\t\t\t\t\t<\/div> \n\t\t\t\n\t\t\t\t<div id=\"ngg-image-3\" class=\"ngg-gallery-thumbnail-box \" >\n\t\t\t\t        <div class=\"ngg-gallery-thumbnail\">\n            <a href=\"http:\/\/przedszkoletworkow.pl\/wp-content\/gallery\/talenciaki\/Zdjecie-WhatsApp-2025-05-21-o-14.58.51_ec1650bc.jpg\"\n               title=\"\"\n               data-src=\"http:\/\/przedszkoletworkow.pl\/wp-content\/gallery\/talenciaki\/Zdjecie-WhatsApp-2025-05-21-o-14.58.51_ec1650bc.jpg\"\n               data-thumbnail=\"http:\/\/przedszkoletworkow.pl\/wp-content\/gallery\/talenciaki\/thumbs\/thumbs_Zdjecie-WhatsApp-2025-05-21-o-14.58.51_ec1650bc.jpg\"\n               data-image-id=\"8095\"\n               data-title=\"Zdjecie-WhatsApp-2025-05-21-o-14.58.51_ec1650bc\"\n               data-description=\"\"\n               data-image-slug=\"zdjecie-whatsapp-2025-05-21-o-14-58-51_ec1650bc\"\n               class=\"ngg-simplelightbox\" rel=\"e8fa131c9d4bfb4bd8292a3825f24541\">\n                <img\n                    title=\"Zdjecie-WhatsApp-2025-05-21-o-14.58.51_ec1650bc\"\n                    alt=\"Zdjecie-WhatsApp-2025-05-21-o-14.58.51_ec1650bc\"\n                    src=\"http:\/\/przedszkoletworkow.pl\/wp-content\/gallery\/talenciaki\/thumbs\/thumbs_Zdjecie-WhatsApp-2025-05-21-o-14.58.51_ec1650bc.jpg\"\n                    width=\"240\"\n                    height=\"160\"\n                    style=\"max-width:100%;\"\n                \/>\n            <\/a>\n        <\/div>\n\t\t\t\t\t\t\t<\/div> \n\t\t\t\n\t\t\t\t<div id=\"ngg-image-4\" class=\"ngg-gallery-thumbnail-box \" >\n\t\t\t\t        <div class=\"ngg-gallery-thumbnail\">\n            <a href=\"http:\/\/przedszkoletworkow.pl\/wp-content\/gallery\/talenciaki\/Zdjecie-WhatsApp-2025-05-21-o-14.58.50_479f9cbb.jpg\"\n               title=\"\"\n               data-src=\"http:\/\/przedszkoletworkow.pl\/wp-content\/gallery\/talenciaki\/Zdjecie-WhatsApp-2025-05-21-o-14.58.50_479f9cbb.jpg\"\n               data-thumbnail=\"http:\/\/przedszkoletworkow.pl\/wp-content\/gallery\/talenciaki\/thumbs\/thumbs_Zdjecie-WhatsApp-2025-05-21-o-14.58.50_479f9cbb.jpg\"\n               data-image-id=\"8096\"\n               data-title=\"Zdjecie-WhatsApp-2025-05-21-o-14.58.50_479f9cbb\"\n               data-description=\"\"\n               data-image-slug=\"zdjecie-whatsapp-2025-05-21-o-14-58-50_479f9cbb\"\n               class=\"ngg-simplelightbox\" rel=\"e8fa131c9d4bfb4bd8292a3825f24541\">\n                <img\n                    title=\"Zdjecie-WhatsApp-2025-05-21-o-14.58.50_479f9cbb\"\n                    alt=\"Zdjecie-WhatsApp-2025-05-21-o-14.58.50_479f9cbb\"\n                    src=\"http:\/\/przedszkoletworkow.pl\/wp-content\/gallery\/talenciaki\/thumbs\/thumbs_Zdjecie-WhatsApp-2025-05-21-o-14.58.50_479f9cbb.jpg\"\n                    width=\"240\"\n                    height=\"160\"\n                    style=\"max-width:100%;\"\n                \/>\n            <\/a>\n        <\/div>\n\t\t\t\t\t\t\t<\/div> \n\t\t\t\n\t\t\t\t<div id=\"ngg-image-5\" class=\"ngg-gallery-thumbnail-box \" >\n\t\t\t\t        <div class=\"ngg-gallery-thumbnail\">\n            <a href=\"http:\/\/przedszkoletworkow.pl\/wp-content\/gallery\/talenciaki\/Zdjecie-WhatsApp-2025-05-21-o-14.59.21_51820a01.jpg\"\n               title=\"\"\n               data-src=\"http:\/\/przedszkoletworkow.pl\/wp-content\/gallery\/talenciaki\/Zdjecie-WhatsApp-2025-05-21-o-14.59.21_51820a01.jpg\"\n               data-thumbnail=\"http:\/\/przedszkoletworkow.pl\/wp-content\/gallery\/talenciaki\/thumbs\/thumbs_Zdjecie-WhatsApp-2025-05-21-o-14.59.21_51820a01.jpg\"\n               data-image-id=\"8097\"\n               data-title=\"Zdjecie-WhatsApp-2025-05-21-o-14.59.21_51820a01\"\n               data-description=\"\"\n               data-image-slug=\"zdjecie-whatsapp-2025-05-21-o-14-59-21_51820a01\"\n               class=\"ngg-simplelightbox\" rel=\"e8fa131c9d4bfb4bd8292a3825f24541\">\n                <img\n                    title=\"Zdjecie-WhatsApp-2025-05-21-o-14.59.21_51820a01\"\n                    alt=\"Zdjecie-WhatsApp-2025-05-21-o-14.59.21_51820a01\"\n                    src=\"http:\/\/przedszkoletworkow.pl\/wp-content\/gallery\/talenciaki\/thumbs\/thumbs_Zdjecie-WhatsApp-2025-05-21-o-14.59.21_51820a01.jpg\"\n                    width=\"240\"\n                    height=\"160\"\n                    style=\"max-width:100%;\"\n                \/>\n            <\/a>\n        <\/div>\n\t\t\t\t\t\t\t<\/div> \n\t\t\t\n\t\n\t<br style=\"clear: both\" \/>\n\n\t\n\t\t<!-- Pagination -->\n\t<div class='ngg-clear'><\/div>\t<\/div>\n\n","protected":false},"excerpt":{"rendered":"<p>21 maja w sali Gminnego O\u015brodka Kultury odby\u0142 si\u0119 jubileuszowy XXX Przegl\u0105d M\u0142odych Talent\u00f3w, kt\u00f3ry ju\u017c od wielu lat cieszy si\u0119 ogromnym zainteresowaniem dzieci, rodzic\u00f3w i nauczycieli. Tegoroczna edycja by\u0142a szczeg\u00f3lna \u2013 nie tylko ze wzgl\u0119du na okr\u0105g\u0142\u0105 rocznic\u0119, ale r\u00f3wnie\u017c z powodu imponuj\u0105cego poziomu wyst\u0119p\u00f3w m\u0142odych artyst\u00f3w. Ca\u0142o\u015b\u0107 poprowadzi\u0142a [&hellip;]<\/p>\n","protected":false},"author":2,"featured_media":12572,"comment_status":"open","ping_status":"open","sticky":false,"template":"","format":"standard","meta":{"ngg_post_thumbnail":0,"footnotes":""},"categories":[1],"tags":[],"class_list":["post-12567","post","type-post","status-publish","format-standard","has-post-thumbnail","hentry","category-bez-kategorii"],"_links":{"self":[{"href":"http:\/\/przedszkoletworkow.pl\/index.php?rest_route=\/wp\/v2\/posts\/12567","targetHints":{"allow":["GET"]}}],"collection":[{"href":"http:\/\/przedszkoletworkow.pl\/index.php?rest_route=\/wp\/v2\/posts"}],"about":[{"href":"http:\/\/przedszkoletworkow.pl\/index.php?rest_route=\/wp\/v2\/types\/post"}],"author":[{"embeddable":true,"href":"http:\/\/przedszkoletworkow.pl\/index.php?rest_route=\/wp\/v2\/users\/2"}],"replies":[{"embeddable":true,"href":"http:\/\/przedszkoletworkow.pl\/index.php?rest_route=%2Fwp%2Fv2%2Fcomments&post=12567"}],"version-history":[{"count":1,"href":"http:\/\/przedszkoletworkow.pl\/index.php?rest_route=\/wp\/v2\/posts\/12567\/revisions"}],"predecessor-version":[{"id":12573,"href":"http:\/\/przedszkoletworkow.pl\/index.php?rest_route=\/wp\/v2\/posts\/12567\/revisions\/12573"}],"wp:featuredmedia":[{"embeddable":true,"href":"http:\/\/przedszkoletworkow.pl\/index.php?rest_route=\/wp\/v2\/media\/12572"}],"wp:attachment":[{"href":"http:\/\/przedszkoletworkow.pl\/index.php?rest_route=%2Fwp%2Fv2%2Fmedia&parent=12567"}],"wp:term":[{"taxonomy":"category","embeddable":true,"href":"http:\/\/przedszkoletworkow.pl\/index.php?rest_route=%2Fwp%2Fv2%2Fcategories&post=12567"},{"taxonomy":"post_tag","embeddable":true,"href":"http:\/\/przedszkoletworkow.pl\/index.php?rest_route=%2Fwp%2Fv2%2Ftags&post=12567"}],"curies":[{"name":"wp","href":"https:\/\/api.w.org\/{rel}","templated":true}]}}