{"id":12293,"date":"2025-03-29T18:34:19","date_gmt":"2025-03-29T17:34:19","guid":{"rendered":"http:\/\/przedszkoletworkow.pl\/?p=12293"},"modified":"2025-04-02T18:36:38","modified_gmt":"2025-04-02T16:36:38","slug":"koncert-galowy-xviii-konkursu-godki-slaskiej","status":"publish","type":"post","link":"http:\/\/przedszkoletworkow.pl\/?p=12293","title":{"rendered":"Koncert Galowy XVIII Konkursu Godki \u015al\u0105skiej"},"content":{"rendered":"<p>W pi\u0105tek, 28 marca 2025, w Roszarni w Tworkowie odby\u0142 si\u0119 Koncert Galowy XVIII Konkursu Godki \u015al\u0105skiej. Wydarzenie zgromadzi\u0142o utalentowanych m\u0142odych uczestnik\u00f3w, kt\u00f3rzy z pasj\u0105 zaprezentowali pi\u0119kno \u015bl\u0105skiej godki.<\/p>\n<p>Gratulujemy laureatom z naszego Przedszkola: Klara, Ewelina, Szymon. Serdeczne Gratulacje<\/p>\n<!-- default-view.php -->\n<div\n\tclass=\"ngg-galleryoverview default-view \"\n\tid=\"ngg-gallery-1bfc8be89e7c05fea66b42f0fefbedac-1\">\n\n\t\t<!-- Thumbnails -->\n\t\t\t\t<div id=\"ngg-image-0\" class=\"ngg-gallery-thumbnail-box \" >\n\t\t\t\t        <div class=\"ngg-gallery-thumbnail\">\n            <a href=\"http:\/\/przedszkoletworkow.pl\/wp-content\/gallery\/godka\/487324207_518478604429585_6020291597819544361_n.jpg\"\n               title=\"\"\n               data-src=\"http:\/\/przedszkoletworkow.pl\/wp-content\/gallery\/godka\/487324207_518478604429585_6020291597819544361_n.jpg\"\n               data-thumbnail=\"http:\/\/przedszkoletworkow.pl\/wp-content\/gallery\/godka\/thumbs\/thumbs_487324207_518478604429585_6020291597819544361_n.jpg\"\n               data-image-id=\"7888\"\n               data-title=\"487324207_518478604429585_6020291597819544361_n\"\n               data-description=\"\"\n               data-image-slug=\"487324207_518478604429585_6020291597819544361_n\"\n               class=\"ngg-simplelightbox\" rel=\"1bfc8be89e7c05fea66b42f0fefbedac\">\n                <img\n                    title=\"487324207_518478604429585_6020291597819544361_n\"\n                    alt=\"487324207_518478604429585_6020291597819544361_n\"\n                    src=\"http:\/\/przedszkoletworkow.pl\/wp-content\/gallery\/godka\/thumbs\/thumbs_487324207_518478604429585_6020291597819544361_n.jpg\"\n                    width=\"240\"\n                    height=\"160\"\n                    style=\"max-width:100%;\"\n                \/>\n            <\/a>\n        <\/div>\n\t\t\t\t\t\t\t<\/div> \n\t\t\t\n\t\t\t\t<div id=\"ngg-image-1\" class=\"ngg-gallery-thumbnail-box \" >\n\t\t\t\t        <div class=\"ngg-gallery-thumbnail\">\n            <a href=\"http:\/\/przedszkoletworkow.pl\/wp-content\/gallery\/godka\/486828359_970702985235882_3498499272729728911_n.jpg\"\n               title=\"\"\n               data-src=\"http:\/\/przedszkoletworkow.pl\/wp-content\/gallery\/godka\/486828359_970702985235882_3498499272729728911_n.jpg\"\n               data-thumbnail=\"http:\/\/przedszkoletworkow.pl\/wp-content\/gallery\/godka\/thumbs\/thumbs_486828359_970702985235882_3498499272729728911_n.jpg\"\n               data-image-id=\"7889\"\n               data-title=\"486828359_970702985235882_3498499272729728911_n\"\n               data-description=\"\"\n               data-image-slug=\"486828359_970702985235882_3498499272729728911_n\"\n               class=\"ngg-simplelightbox\" rel=\"1bfc8be89e7c05fea66b42f0fefbedac\">\n                <img\n                    title=\"486828359_970702985235882_3498499272729728911_n\"\n                    alt=\"486828359_970702985235882_3498499272729728911_n\"\n                    src=\"http:\/\/przedszkoletworkow.pl\/wp-content\/gallery\/godka\/thumbs\/thumbs_486828359_970702985235882_3498499272729728911_n.jpg\"\n                    width=\"240\"\n                    height=\"160\"\n                    style=\"max-width:100%;\"\n                \/>\n            <\/a>\n        <\/div>\n\t\t\t\t\t\t\t<\/div> \n\t\t\t\n\t\t\t\t<div id=\"ngg-image-2\" class=\"ngg-gallery-thumbnail-box \" >\n\t\t\t\t        <div class=\"ngg-gallery-thumbnail\">\n            <a href=\"http:\/\/przedszkoletworkow.pl\/wp-content\/gallery\/godka\/486530075_1173632340928780_7573278205840587485_n.jpg\"\n               title=\"\"\n               data-src=\"http:\/\/przedszkoletworkow.pl\/wp-content\/gallery\/godka\/486530075_1173632340928780_7573278205840587485_n.jpg\"\n               data-thumbnail=\"http:\/\/przedszkoletworkow.pl\/wp-content\/gallery\/godka\/thumbs\/thumbs_486530075_1173632340928780_7573278205840587485_n.jpg\"\n               data-image-id=\"7890\"\n               data-title=\"486530075_1173632340928780_7573278205840587485_n\"\n               data-description=\"\"\n               data-image-slug=\"486530075_1173632340928780_7573278205840587485_n\"\n               class=\"ngg-simplelightbox\" rel=\"1bfc8be89e7c05fea66b42f0fefbedac\">\n                <img\n                    title=\"486530075_1173632340928780_7573278205840587485_n\"\n                    alt=\"486530075_1173632340928780_7573278205840587485_n\"\n                    src=\"http:\/\/przedszkoletworkow.pl\/wp-content\/gallery\/godka\/thumbs\/thumbs_486530075_1173632340928780_7573278205840587485_n.jpg\"\n                    width=\"240\"\n                    height=\"160\"\n                    style=\"max-width:100%;\"\n                \/>\n            <\/a>\n        <\/div>\n\t\t\t\t\t\t\t<\/div> \n\t\t\t\n\t\t\t\t<div id=\"ngg-image-3\" class=\"ngg-gallery-thumbnail-box \" >\n\t\t\t\t        <div class=\"ngg-gallery-thumbnail\">\n            <a href=\"http:\/\/przedszkoletworkow.pl\/wp-content\/gallery\/godka\/487200939_970703558569158_8560559241691284794_n.jpg\"\n               title=\"\"\n               data-src=\"http:\/\/przedszkoletworkow.pl\/wp-content\/gallery\/godka\/487200939_970703558569158_8560559241691284794_n.jpg\"\n               data-thumbnail=\"http:\/\/przedszkoletworkow.pl\/wp-content\/gallery\/godka\/thumbs\/thumbs_487200939_970703558569158_8560559241691284794_n.jpg\"\n               data-image-id=\"7891\"\n               data-title=\"487200939_970703558569158_8560559241691284794_n\"\n               data-description=\"\"\n               data-image-slug=\"487200939_970703558569158_8560559241691284794_n\"\n               class=\"ngg-simplelightbox\" rel=\"1bfc8be89e7c05fea66b42f0fefbedac\">\n                <img\n                    title=\"487200939_970703558569158_8560559241691284794_n\"\n                    alt=\"487200939_970703558569158_8560559241691284794_n\"\n                    src=\"http:\/\/przedszkoletworkow.pl\/wp-content\/gallery\/godka\/thumbs\/thumbs_487200939_970703558569158_8560559241691284794_n.jpg\"\n                    width=\"240\"\n                    height=\"160\"\n                    style=\"max-width:100%;\"\n                \/>\n            <\/a>\n        <\/div>\n\t\t\t\t\t\t\t<\/div> \n\t\t\t\n\t\t\t\t<div id=\"ngg-image-4\" class=\"ngg-gallery-thumbnail-box \" >\n\t\t\t\t        <div class=\"ngg-gallery-thumbnail\">\n            <a href=\"http:\/\/przedszkoletworkow.pl\/wp-content\/gallery\/godka\/487204310_970704245235756_8474620097555517507_n.jpg\"\n               title=\"\"\n               data-src=\"http:\/\/przedszkoletworkow.pl\/wp-content\/gallery\/godka\/487204310_970704245235756_8474620097555517507_n.jpg\"\n               data-thumbnail=\"http:\/\/przedszkoletworkow.pl\/wp-content\/gallery\/godka\/thumbs\/thumbs_487204310_970704245235756_8474620097555517507_n.jpg\"\n               data-image-id=\"7892\"\n               data-title=\"487204310_970704245235756_8474620097555517507_n\"\n               data-description=\"\"\n               data-image-slug=\"487204310_970704245235756_8474620097555517507_n\"\n               class=\"ngg-simplelightbox\" rel=\"1bfc8be89e7c05fea66b42f0fefbedac\">\n                <img\n                    title=\"487204310_970704245235756_8474620097555517507_n\"\n                    alt=\"487204310_970704245235756_8474620097555517507_n\"\n                    src=\"http:\/\/przedszkoletworkow.pl\/wp-content\/gallery\/godka\/thumbs\/thumbs_487204310_970704245235756_8474620097555517507_n.jpg\"\n                    width=\"240\"\n                    height=\"160\"\n                    style=\"max-width:100%;\"\n                \/>\n            <\/a>\n        <\/div>\n\t\t\t\t\t\t\t<\/div> \n\t\t\t\n\t\n\t<br style=\"clear: both\" \/>\n\n\t\n\t\t<!-- Pagination -->\n\t<div class='ngg-clear'><\/div>\t<\/div>\n\n","protected":false},"excerpt":{"rendered":"<p>W pi\u0105tek, 28 marca 2025, w Roszarni w Tworkowie odby\u0142 si\u0119 Koncert Galowy XVIII Konkursu Godki \u015al\u0105skiej. Wydarzenie zgromadzi\u0142o utalentowanych m\u0142odych uczestnik\u00f3w, kt\u00f3rzy z pasj\u0105 zaprezentowali pi\u0119kno \u015bl\u0105skiej godki. Gratulujemy laureatom z naszego Przedszkola: Klara, Ewelina, Szymon. Serdeczne Gratulacje<\/p>\n","protected":false},"author":2,"featured_media":12300,"comment_status":"open","ping_status":"open","sticky":false,"template":"","format":"standard","meta":{"ngg_post_thumbnail":0,"footnotes":""},"categories":[1],"tags":[],"class_list":["post-12293","post","type-post","status-publish","format-standard","has-post-thumbnail","hentry","category-bez-kategorii"],"_links":{"self":[{"href":"http:\/\/przedszkoletworkow.pl\/index.php?rest_route=\/wp\/v2\/posts\/12293","targetHints":{"allow":["GET"]}}],"collection":[{"href":"http:\/\/przedszkoletworkow.pl\/index.php?rest_route=\/wp\/v2\/posts"}],"about":[{"href":"http:\/\/przedszkoletworkow.pl\/index.php?rest_route=\/wp\/v2\/types\/post"}],"author":[{"embeddable":true,"href":"http:\/\/przedszkoletworkow.pl\/index.php?rest_route=\/wp\/v2\/users\/2"}],"replies":[{"embeddable":true,"href":"http:\/\/przedszkoletworkow.pl\/index.php?rest_route=%2Fwp%2Fv2%2Fcomments&post=12293"}],"version-history":[{"count":1,"href":"http:\/\/przedszkoletworkow.pl\/index.php?rest_route=\/wp\/v2\/posts\/12293\/revisions"}],"predecessor-version":[{"id":12301,"href":"http:\/\/przedszkoletworkow.pl\/index.php?rest_route=\/wp\/v2\/posts\/12293\/revisions\/12301"}],"wp:featuredmedia":[{"embeddable":true,"href":"http:\/\/przedszkoletworkow.pl\/index.php?rest_route=\/wp\/v2\/media\/12300"}],"wp:attachment":[{"href":"http:\/\/przedszkoletworkow.pl\/index.php?rest_route=%2Fwp%2Fv2%2Fmedia&parent=12293"}],"wp:term":[{"taxonomy":"category","embeddable":true,"href":"http:\/\/przedszkoletworkow.pl\/index.php?rest_route=%2Fwp%2Fv2%2Fcategories&post=12293"},{"taxonomy":"post_tag","embeddable":true,"href":"http:\/\/przedszkoletworkow.pl\/index.php?rest_route=%2Fwp%2Fv2%2Ftags&post=12293"}],"curies":[{"name":"wp","href":"https:\/\/api.w.org\/{rel}","templated":true}]}}