{"id":12250,"date":"2025-03-15T18:05:19","date_gmt":"2025-03-15T17:05:19","guid":{"rendered":"http:\/\/przedszkoletworkow.pl\/?p=12250"},"modified":"2025-04-02T18:45:57","modified_gmt":"2025-04-02T16:45:57","slug":"z-wizita-u-pani-krawcowej","status":"publish","type":"post","link":"http:\/\/przedszkoletworkow.pl\/?p=12250","title":{"rendered":"Z wizit\u0105 u Pani Krawcowej"},"content":{"rendered":"<p>Na pocz\u0105tku marca Skrzaty odwiedzi\u0142y pobliski punkt us\u0142ug krawieckich, aby przyjrze\u0107 si\u0119 z bliska pracy krawcowej. Na pocz\u0105tku spotkania przedszkolaki zadawa\u0142y Pani krawcowej pytania dotycz\u0105ce jej pracy, wykorzystywanych narz\u0119dzi oraz przygotowania do zawodu. Nast\u0119pnie dzieci mog\u0142y zajrze\u0107 na zaplecze pracowni i obejrze\u0107 maszyny do szycia, ig\u0142y, nitki oraz no\u017cyczki krawieckie. By\u0142a to te\u017c okazja do zapoznania si\u0119 z&nbsp; pracowni\u0105 Haftown&nbsp; specjalizuj\u0105c\u0105 si\u0119 w personalizowanej odzie\u017cy, hafcie komputerowym, nadrukach, reklamie zewn\u0119trznej, naklejkach, wizyt\u00f3wkach i reklamie na pojazdach. Dzi\u0119kujemy Pani Izabelii &#8222;<em>Izabella&#8221; Us\u0142ugi Krawieckie Izabela Biela<\/em> &nbsp;i Julii Haftown Julia Biela za wspania\u0142e spotkanie.<\/p>\n<!-- default-view.php -->\n<div\n\tclass=\"ngg-galleryoverview default-view \"\n\tid=\"ngg-gallery-2fb4dd13a9a33508a21b214705f02cae-1\">\n\n\t\t<!-- Thumbnails -->\n\t\t\t\t<div id=\"ngg-image-0\" class=\"ngg-gallery-thumbnail-box \" >\n\t\t\t\t        <div class=\"ngg-gallery-thumbnail\">\n            <a href=\"http:\/\/przedszkoletworkow.pl\/wp-content\/gallery\/kraw\/cc27d5ce-4ab4-4269-ac80-09fece63ce64.jpeg\"\n               title=\"\"\n               data-src=\"http:\/\/przedszkoletworkow.pl\/wp-content\/gallery\/kraw\/cc27d5ce-4ab4-4269-ac80-09fece63ce64.jpeg\"\n               data-thumbnail=\"http:\/\/przedszkoletworkow.pl\/wp-content\/gallery\/kraw\/thumbs\/thumbs_cc27d5ce-4ab4-4269-ac80-09fece63ce64.jpeg\"\n               data-image-id=\"7863\"\n               data-title=\"cc27d5ce-4ab4-4269-ac80-09fece63ce64\"\n               data-description=\"\"\n               data-image-slug=\"cc27d5ce-4ab4-4269-ac80-09fece63ce64\"\n               class=\"ngg-simplelightbox\" rel=\"2fb4dd13a9a33508a21b214705f02cae\">\n                <img\n                    title=\"cc27d5ce-4ab4-4269-ac80-09fece63ce64\"\n                    alt=\"cc27d5ce-4ab4-4269-ac80-09fece63ce64\"\n                    src=\"http:\/\/przedszkoletworkow.pl\/wp-content\/gallery\/kraw\/thumbs\/thumbs_cc27d5ce-4ab4-4269-ac80-09fece63ce64.jpeg\"\n                    width=\"240\"\n                    height=\"160\"\n                    style=\"max-width:100%;\"\n                \/>\n            <\/a>\n        <\/div>\n\t\t\t\t\t\t\t<\/div> \n\t\t\t\n\t\t\t\t<div id=\"ngg-image-1\" class=\"ngg-gallery-thumbnail-box \" >\n\t\t\t\t        <div class=\"ngg-gallery-thumbnail\">\n            <a href=\"http:\/\/przedszkoletworkow.pl\/wp-content\/gallery\/kraw\/72cadedd-f012-4ae0-85a6-ea4ad4ac61b9.jpeg\"\n               title=\"\"\n               data-src=\"http:\/\/przedszkoletworkow.pl\/wp-content\/gallery\/kraw\/72cadedd-f012-4ae0-85a6-ea4ad4ac61b9.jpeg\"\n               data-thumbnail=\"http:\/\/przedszkoletworkow.pl\/wp-content\/gallery\/kraw\/thumbs\/thumbs_72cadedd-f012-4ae0-85a6-ea4ad4ac61b9.jpeg\"\n               data-image-id=\"7864\"\n               data-title=\"72cadedd-f012-4ae0-85a6-ea4ad4ac61b9\"\n               data-description=\"\"\n               data-image-slug=\"72cadedd-f012-4ae0-85a6-ea4ad4ac61b9\"\n               class=\"ngg-simplelightbox\" rel=\"2fb4dd13a9a33508a21b214705f02cae\">\n                <img\n                    title=\"72cadedd-f012-4ae0-85a6-ea4ad4ac61b9\"\n                    alt=\"72cadedd-f012-4ae0-85a6-ea4ad4ac61b9\"\n                    src=\"http:\/\/przedszkoletworkow.pl\/wp-content\/gallery\/kraw\/thumbs\/thumbs_72cadedd-f012-4ae0-85a6-ea4ad4ac61b9.jpeg\"\n                    width=\"240\"\n                    height=\"160\"\n                    style=\"max-width:100%;\"\n                \/>\n            <\/a>\n        <\/div>\n\t\t\t\t\t\t\t<\/div> \n\t\t\t\n\t\t\t\t<div id=\"ngg-image-2\" class=\"ngg-gallery-thumbnail-box \" >\n\t\t\t\t        <div class=\"ngg-gallery-thumbnail\">\n            <a href=\"http:\/\/przedszkoletworkow.pl\/wp-content\/gallery\/kraw\/da3ce50f-6404-4d49-a177-cf739ea98f29.jpeg\"\n               title=\"\"\n               data-src=\"http:\/\/przedszkoletworkow.pl\/wp-content\/gallery\/kraw\/da3ce50f-6404-4d49-a177-cf739ea98f29.jpeg\"\n               data-thumbnail=\"http:\/\/przedszkoletworkow.pl\/wp-content\/gallery\/kraw\/thumbs\/thumbs_da3ce50f-6404-4d49-a177-cf739ea98f29.jpeg\"\n               data-image-id=\"7865\"\n               data-title=\"da3ce50f-6404-4d49-a177-cf739ea98f29\"\n               data-description=\"\"\n               data-image-slug=\"da3ce50f-6404-4d49-a177-cf739ea98f29\"\n               class=\"ngg-simplelightbox\" rel=\"2fb4dd13a9a33508a21b214705f02cae\">\n                <img\n                    title=\"da3ce50f-6404-4d49-a177-cf739ea98f29\"\n                    alt=\"da3ce50f-6404-4d49-a177-cf739ea98f29\"\n                    src=\"http:\/\/przedszkoletworkow.pl\/wp-content\/gallery\/kraw\/thumbs\/thumbs_da3ce50f-6404-4d49-a177-cf739ea98f29.jpeg\"\n                    width=\"240\"\n                    height=\"160\"\n                    style=\"max-width:100%;\"\n                \/>\n            <\/a>\n        <\/div>\n\t\t\t\t\t\t\t<\/div> \n\t\t\t\n\t\t\t\t<div id=\"ngg-image-3\" class=\"ngg-gallery-thumbnail-box \" >\n\t\t\t\t        <div class=\"ngg-gallery-thumbnail\">\n            <a href=\"http:\/\/przedszkoletworkow.pl\/wp-content\/gallery\/kraw\/c729a555-b127-4111-9933-2e2ccd734cc2.jpeg\"\n               title=\"\"\n               data-src=\"http:\/\/przedszkoletworkow.pl\/wp-content\/gallery\/kraw\/c729a555-b127-4111-9933-2e2ccd734cc2.jpeg\"\n               data-thumbnail=\"http:\/\/przedszkoletworkow.pl\/wp-content\/gallery\/kraw\/thumbs\/thumbs_c729a555-b127-4111-9933-2e2ccd734cc2.jpeg\"\n               data-image-id=\"7866\"\n               data-title=\"c729a555-b127-4111-9933-2e2ccd734cc2\"\n               data-description=\"\"\n               data-image-slug=\"c729a555-b127-4111-9933-2e2ccd734cc2\"\n               class=\"ngg-simplelightbox\" rel=\"2fb4dd13a9a33508a21b214705f02cae\">\n                <img\n                    title=\"c729a555-b127-4111-9933-2e2ccd734cc2\"\n                    alt=\"c729a555-b127-4111-9933-2e2ccd734cc2\"\n                    src=\"http:\/\/przedszkoletworkow.pl\/wp-content\/gallery\/kraw\/thumbs\/thumbs_c729a555-b127-4111-9933-2e2ccd734cc2.jpeg\"\n                    width=\"240\"\n                    height=\"160\"\n                    style=\"max-width:100%;\"\n                \/>\n            <\/a>\n        <\/div>\n\t\t\t\t\t\t\t<\/div> \n\t\t\t\n\t\n\t<br style=\"clear: both\" \/>\n\n\t\n\t\t<!-- Pagination -->\n\t<div class='ngg-clear'><\/div>\t<\/div>\n\n","protected":false},"excerpt":{"rendered":"<p>Na pocz\u0105tku marca Skrzaty odwiedzi\u0142y pobliski punkt us\u0142ug krawieckich, aby przyjrze\u0107 si\u0119 z bliska pracy krawcowej. Na pocz\u0105tku spotkania przedszkolaki zadawa\u0142y Pani krawcowej pytania dotycz\u0105ce jej pracy, wykorzystywanych narz\u0119dzi oraz przygotowania do zawodu. Nast\u0119pnie dzieci mog\u0142y zajrze\u0107 na zaplecze pracowni i obejrze\u0107 maszyny do szycia, ig\u0142y, nitki oraz no\u017cyczki krawieckie. [&hellip;]<\/p>\n","protected":false},"author":2,"featured_media":12256,"comment_status":"open","ping_status":"open","sticky":false,"template":"","format":"standard","meta":{"ngg_post_thumbnail":0,"footnotes":""},"categories":[1],"tags":[],"class_list":["post-12250","post","type-post","status-publish","format-standard","has-post-thumbnail","hentry","category-bez-kategorii"],"_links":{"self":[{"href":"http:\/\/przedszkoletworkow.pl\/index.php?rest_route=\/wp\/v2\/posts\/12250","targetHints":{"allow":["GET"]}}],"collection":[{"href":"http:\/\/przedszkoletworkow.pl\/index.php?rest_route=\/wp\/v2\/posts"}],"about":[{"href":"http:\/\/przedszkoletworkow.pl\/index.php?rest_route=\/wp\/v2\/types\/post"}],"author":[{"embeddable":true,"href":"http:\/\/przedszkoletworkow.pl\/index.php?rest_route=\/wp\/v2\/users\/2"}],"replies":[{"embeddable":true,"href":"http:\/\/przedszkoletworkow.pl\/index.php?rest_route=%2Fwp%2Fv2%2Fcomments&post=12250"}],"version-history":[{"count":4,"href":"http:\/\/przedszkoletworkow.pl\/index.php?rest_route=\/wp\/v2\/posts\/12250\/revisions"}],"predecessor-version":[{"id":12304,"href":"http:\/\/przedszkoletworkow.pl\/index.php?rest_route=\/wp\/v2\/posts\/12250\/revisions\/12304"}],"wp:featuredmedia":[{"embeddable":true,"href":"http:\/\/przedszkoletworkow.pl\/index.php?rest_route=\/wp\/v2\/media\/12256"}],"wp:attachment":[{"href":"http:\/\/przedszkoletworkow.pl\/index.php?rest_route=%2Fwp%2Fv2%2Fmedia&parent=12250"}],"wp:term":[{"taxonomy":"category","embeddable":true,"href":"http:\/\/przedszkoletworkow.pl\/index.php?rest_route=%2Fwp%2Fv2%2Fcategories&post=12250"},{"taxonomy":"post_tag","embeddable":true,"href":"http:\/\/przedszkoletworkow.pl\/index.php?rest_route=%2Fwp%2Fv2%2Ftags&post=12250"}],"curies":[{"name":"wp","href":"https:\/\/api.w.org\/{rel}","templated":true}]}}