{"id":12187,"date":"2025-03-28T15:42:00","date_gmt":"2025-03-28T14:42:00","guid":{"rendered":"http:\/\/przedszkoletworkow.pl\/?p=12187"},"modified":"2025-03-28T15:42:00","modified_gmt":"2025-03-28T14:42:00","slug":"xi-festiwal-piosenki-niemieckiej","status":"publish","type":"post","link":"http:\/\/przedszkoletworkow.pl\/?p=12187","title":{"rendered":"XI Festiwal Piosenki Niemieckiej"},"content":{"rendered":"<p>28 marca odby\u0142 si\u0119 ju\u017c po raz 11 Kinderliederfestival, czyli Festiwal Piosenki Niemieckiej dla przedszkolak\u00f3w zorganizowany przez Przedszkole w Tworkowie pod honorowym patronatem W\u00f3jta Gminy Krzy\u017canowice \u2013 Grzegorza Utrackiego.<\/p>\n<p>Na scenie Gminnego Centrum Kultury dla zaproszonych go\u015bci, nauczycieli, rodzic\u00f3w i przedszkolak\u00f3w zaprezentowa\u0142o si\u0119 sze\u015b\u0107 grup wokalnych: z Przedszkola w Zabe\u0142kowie (op. Anna Nowak), z Przedszkola w Krzy\u017canowicach (op. Anna Mr\u00f3z), z Przedszkola w Bie\u0144kowicach i Oddzia\u0142u Zamiejscowego w Boles\u0142awiu(op. Bo\u017cena Hluchnik Grabczy\u0144ska), z Przedszkola w Cha\u0142upkach (op. Ewelina Fuchs), z Przedszkola w Tworkowie (op. Bo\u017cena Hluchnik \u2013 Grabczy\u0144ska).<\/p>\n<p>W\u015br\u00f3d zaproszonych go\u015bci byli: W\u00f3jt Gminy Krzy\u017canowice \u2013 Grzegorz Utracki, Dyrektor GZO w Tworkowie \u2013 Daria Wieczorek, Dyrektor GOK w Tworkowie \u2013 Sabina Ciuraszkiewicz, Przewodnicz\u0105ca Ko\u0142a<\/p>\n<!-- default-view.php -->\n<div\n\tclass=\"ngg-galleryoverview default-view \"\n\tid=\"ngg-gallery-4ba2e7295f485771dcd964d16b169a29-1\">\n\n\t\t<!-- Thumbnails -->\n\t\t\t\t<div id=\"ngg-image-0\" class=\"ngg-gallery-thumbnail-box \" >\n\t\t\t\t        <div class=\"ngg-gallery-thumbnail\">\n            <a href=\"http:\/\/przedszkoletworkow.pl\/wp-content\/gallery\/kinder25-1\/20250328_100454.jpg\"\n               title=\"\"\n               data-src=\"http:\/\/przedszkoletworkow.pl\/wp-content\/gallery\/kinder25-1\/20250328_100454.jpg\"\n               data-thumbnail=\"http:\/\/przedszkoletworkow.pl\/wp-content\/gallery\/kinder25-1\/thumbs\/thumbs_20250328_100454.jpg\"\n               data-image-id=\"7811\"\n               data-title=\"20250328_100454\"\n               data-description=\"\"\n               data-image-slug=\"20250328_100454\"\n               class=\"ngg-simplelightbox\" rel=\"4ba2e7295f485771dcd964d16b169a29\">\n                <img\n                    title=\"20250328_100454\"\n                    alt=\"20250328_100454\"\n                    src=\"http:\/\/przedszkoletworkow.pl\/wp-content\/gallery\/kinder25-1\/thumbs\/thumbs_20250328_100454.jpg\"\n                    width=\"240\"\n                    height=\"160\"\n                    style=\"max-width:100%;\"\n                \/>\n            <\/a>\n        <\/div>\n\t\t\t\t\t\t\t<\/div> \n\t\t\t\n\t\t\t\t<div id=\"ngg-image-1\" class=\"ngg-gallery-thumbnail-box \" >\n\t\t\t\t        <div class=\"ngg-gallery-thumbnail\">\n            <a href=\"http:\/\/przedszkoletworkow.pl\/wp-content\/gallery\/kinder25-1\/20250328_100319.jpg\"\n               title=\"\"\n               data-src=\"http:\/\/przedszkoletworkow.pl\/wp-content\/gallery\/kinder25-1\/20250328_100319.jpg\"\n               data-thumbnail=\"http:\/\/przedszkoletworkow.pl\/wp-content\/gallery\/kinder25-1\/thumbs\/thumbs_20250328_100319.jpg\"\n               data-image-id=\"7812\"\n               data-title=\"20250328_100319\"\n               data-description=\"\"\n               data-image-slug=\"20250328_100319\"\n               class=\"ngg-simplelightbox\" rel=\"4ba2e7295f485771dcd964d16b169a29\">\n                <img\n                    title=\"20250328_100319\"\n                    alt=\"20250328_100319\"\n                    src=\"http:\/\/przedszkoletworkow.pl\/wp-content\/gallery\/kinder25-1\/thumbs\/thumbs_20250328_100319.jpg\"\n                    width=\"240\"\n                    height=\"160\"\n                    style=\"max-width:100%;\"\n                \/>\n            <\/a>\n        <\/div>\n\t\t\t\t\t\t\t<\/div> \n\t\t\t\n\t\t\t\t<div id=\"ngg-image-2\" class=\"ngg-gallery-thumbnail-box \" >\n\t\t\t\t        <div class=\"ngg-gallery-thumbnail\">\n            <a href=\"http:\/\/przedszkoletworkow.pl\/wp-content\/gallery\/kinder25-1\/20250328_100322.jpg\"\n               title=\"\"\n               data-src=\"http:\/\/przedszkoletworkow.pl\/wp-content\/gallery\/kinder25-1\/20250328_100322.jpg\"\n               data-thumbnail=\"http:\/\/przedszkoletworkow.pl\/wp-content\/gallery\/kinder25-1\/thumbs\/thumbs_20250328_100322.jpg\"\n               data-image-id=\"7813\"\n               data-title=\"20250328_100322\"\n               data-description=\"\"\n               data-image-slug=\"20250328_100322\"\n               class=\"ngg-simplelightbox\" rel=\"4ba2e7295f485771dcd964d16b169a29\">\n                <img\n                    title=\"20250328_100322\"\n                    alt=\"20250328_100322\"\n                    src=\"http:\/\/przedszkoletworkow.pl\/wp-content\/gallery\/kinder25-1\/thumbs\/thumbs_20250328_100322.jpg\"\n                    width=\"240\"\n                    height=\"160\"\n                    style=\"max-width:100%;\"\n                \/>\n            <\/a>\n        <\/div>\n\t\t\t\t\t\t\t<\/div> \n\t\t\t\n\t\t\t\t<div id=\"ngg-image-3\" class=\"ngg-gallery-thumbnail-box \" >\n\t\t\t\t        <div class=\"ngg-gallery-thumbnail\">\n            <a href=\"http:\/\/przedszkoletworkow.pl\/wp-content\/gallery\/kinder25-1\/20250328_100315.jpg\"\n               title=\"\"\n               data-src=\"http:\/\/przedszkoletworkow.pl\/wp-content\/gallery\/kinder25-1\/20250328_100315.jpg\"\n               data-thumbnail=\"http:\/\/przedszkoletworkow.pl\/wp-content\/gallery\/kinder25-1\/thumbs\/thumbs_20250328_100315.jpg\"\n               data-image-id=\"7814\"\n               data-title=\"20250328_100315\"\n               data-description=\"\"\n               data-image-slug=\"20250328_100315\"\n               class=\"ngg-simplelightbox\" rel=\"4ba2e7295f485771dcd964d16b169a29\">\n                <img\n                    title=\"20250328_100315\"\n                    alt=\"20250328_100315\"\n                    src=\"http:\/\/przedszkoletworkow.pl\/wp-content\/gallery\/kinder25-1\/thumbs\/thumbs_20250328_100315.jpg\"\n                    width=\"240\"\n                    height=\"160\"\n                    style=\"max-width:100%;\"\n                \/>\n            <\/a>\n        <\/div>\n\t\t\t\t\t\t\t<\/div> \n\t\t\t\n\t\t\t\t<div id=\"ngg-image-4\" class=\"ngg-gallery-thumbnail-box \" >\n\t\t\t\t        <div class=\"ngg-gallery-thumbnail\">\n            <a href=\"http:\/\/przedszkoletworkow.pl\/wp-content\/gallery\/kinder25-1\/20250328_101632.jpg\"\n               title=\"\"\n               data-src=\"http:\/\/przedszkoletworkow.pl\/wp-content\/gallery\/kinder25-1\/20250328_101632.jpg\"\n               data-thumbnail=\"http:\/\/przedszkoletworkow.pl\/wp-content\/gallery\/kinder25-1\/thumbs\/thumbs_20250328_101632.jpg\"\n               data-image-id=\"7815\"\n               data-title=\"20250328_101632\"\n               data-description=\"\"\n               data-image-slug=\"20250328_101632\"\n               class=\"ngg-simplelightbox\" rel=\"4ba2e7295f485771dcd964d16b169a29\">\n                <img\n                    title=\"20250328_101632\"\n                    alt=\"20250328_101632\"\n                    src=\"http:\/\/przedszkoletworkow.pl\/wp-content\/gallery\/kinder25-1\/thumbs\/thumbs_20250328_101632.jpg\"\n                    width=\"240\"\n                    height=\"160\"\n                    style=\"max-width:100%;\"\n                \/>\n            <\/a>\n        <\/div>\n\t\t\t\t\t\t\t<\/div> \n\t\t\t\n\t\t\t\t<div id=\"ngg-image-5\" class=\"ngg-gallery-thumbnail-box \" >\n\t\t\t\t        <div class=\"ngg-gallery-thumbnail\">\n            <a href=\"http:\/\/przedszkoletworkow.pl\/wp-content\/gallery\/kinder25-1\/20250328_100252.jpg\"\n               title=\"\"\n               data-src=\"http:\/\/przedszkoletworkow.pl\/wp-content\/gallery\/kinder25-1\/20250328_100252.jpg\"\n               data-thumbnail=\"http:\/\/przedszkoletworkow.pl\/wp-content\/gallery\/kinder25-1\/thumbs\/thumbs_20250328_100252.jpg\"\n               data-image-id=\"7816\"\n               data-title=\"20250328_100252\"\n               data-description=\"\"\n               data-image-slug=\"20250328_100252\"\n               class=\"ngg-simplelightbox\" rel=\"4ba2e7295f485771dcd964d16b169a29\">\n                <img\n                    title=\"20250328_100252\"\n                    alt=\"20250328_100252\"\n                    src=\"http:\/\/przedszkoletworkow.pl\/wp-content\/gallery\/kinder25-1\/thumbs\/thumbs_20250328_100252.jpg\"\n                    width=\"240\"\n                    height=\"160\"\n                    style=\"max-width:100%;\"\n                \/>\n            <\/a>\n        <\/div>\n\t\t\t\t\t\t\t<\/div> \n\t\t\t\n\t\t\t\t<div id=\"ngg-image-6\" class=\"ngg-gallery-thumbnail-box \" >\n\t\t\t\t        <div class=\"ngg-gallery-thumbnail\">\n            <a href=\"http:\/\/przedszkoletworkow.pl\/wp-content\/gallery\/kinder25-1\/20250328_102250.jpg\"\n               title=\"\"\n               data-src=\"http:\/\/przedszkoletworkow.pl\/wp-content\/gallery\/kinder25-1\/20250328_102250.jpg\"\n               data-thumbnail=\"http:\/\/przedszkoletworkow.pl\/wp-content\/gallery\/kinder25-1\/thumbs\/thumbs_20250328_102250.jpg\"\n               data-image-id=\"7817\"\n               data-title=\"20250328_102250\"\n               data-description=\"\"\n               data-image-slug=\"20250328_102250\"\n               class=\"ngg-simplelightbox\" rel=\"4ba2e7295f485771dcd964d16b169a29\">\n                <img\n                    title=\"20250328_102250\"\n                    alt=\"20250328_102250\"\n                    src=\"http:\/\/przedszkoletworkow.pl\/wp-content\/gallery\/kinder25-1\/thumbs\/thumbs_20250328_102250.jpg\"\n                    width=\"240\"\n                    height=\"160\"\n                    style=\"max-width:100%;\"\n                \/>\n            <\/a>\n        <\/div>\n\t\t\t\t\t\t\t<\/div> \n\t\t\t\n\t\t\t\t<div id=\"ngg-image-7\" class=\"ngg-gallery-thumbnail-box \" >\n\t\t\t\t        <div class=\"ngg-gallery-thumbnail\">\n            <a href=\"http:\/\/przedszkoletworkow.pl\/wp-content\/gallery\/kinder25-1\/20250328_102605.jpg\"\n               title=\"\"\n               data-src=\"http:\/\/przedszkoletworkow.pl\/wp-content\/gallery\/kinder25-1\/20250328_102605.jpg\"\n               data-thumbnail=\"http:\/\/przedszkoletworkow.pl\/wp-content\/gallery\/kinder25-1\/thumbs\/thumbs_20250328_102605.jpg\"\n               data-image-id=\"7818\"\n               data-title=\"20250328_102605\"\n               data-description=\"\"\n               data-image-slug=\"20250328_102605\"\n               class=\"ngg-simplelightbox\" rel=\"4ba2e7295f485771dcd964d16b169a29\">\n                <img\n                    title=\"20250328_102605\"\n                    alt=\"20250328_102605\"\n                    src=\"http:\/\/przedszkoletworkow.pl\/wp-content\/gallery\/kinder25-1\/thumbs\/thumbs_20250328_102605.jpg\"\n                    width=\"240\"\n                    height=\"160\"\n                    style=\"max-width:100%;\"\n                \/>\n            <\/a>\n        <\/div>\n\t\t\t\t\t\t\t<\/div> \n\t\t\t\n\t\t\t\t<div id=\"ngg-image-8\" class=\"ngg-gallery-thumbnail-box \" >\n\t\t\t\t        <div class=\"ngg-gallery-thumbnail\">\n            <a href=\"http:\/\/przedszkoletworkow.pl\/wp-content\/gallery\/kinder25-1\/DSC_0970.JPG\"\n               title=\"\"\n               data-src=\"http:\/\/przedszkoletworkow.pl\/wp-content\/gallery\/kinder25-1\/DSC_0970.JPG\"\n               data-thumbnail=\"http:\/\/przedszkoletworkow.pl\/wp-content\/gallery\/kinder25-1\/thumbs\/thumbs_DSC_0970.JPG\"\n               data-image-id=\"7819\"\n               data-title=\"DSC_0970\"\n               data-description=\"\"\n               data-image-slug=\"dsc_0970\"\n               class=\"ngg-simplelightbox\" rel=\"4ba2e7295f485771dcd964d16b169a29\">\n                <img\n                    title=\"DSC_0970\"\n                    alt=\"DSC_0970\"\n                    src=\"http:\/\/przedszkoletworkow.pl\/wp-content\/gallery\/kinder25-1\/thumbs\/thumbs_DSC_0970.JPG\"\n                    width=\"240\"\n                    height=\"160\"\n                    style=\"max-width:100%;\"\n                \/>\n            <\/a>\n        <\/div>\n\t\t\t\t\t\t\t<\/div> \n\t\t\t\n\t\t\t\t<div id=\"ngg-image-9\" class=\"ngg-gallery-thumbnail-box \" >\n\t\t\t\t        <div class=\"ngg-gallery-thumbnail\">\n            <a href=\"http:\/\/przedszkoletworkow.pl\/wp-content\/gallery\/kinder25-1\/DSC_0980.JPG\"\n               title=\"\"\n               data-src=\"http:\/\/przedszkoletworkow.pl\/wp-content\/gallery\/kinder25-1\/DSC_0980.JPG\"\n               data-thumbnail=\"http:\/\/przedszkoletworkow.pl\/wp-content\/gallery\/kinder25-1\/thumbs\/thumbs_DSC_0980.JPG\"\n               data-image-id=\"7820\"\n               data-title=\"DSC_0980\"\n               data-description=\"\"\n               data-image-slug=\"dsc_0980\"\n               class=\"ngg-simplelightbox\" rel=\"4ba2e7295f485771dcd964d16b169a29\">\n                <img\n                    title=\"DSC_0980\"\n                    alt=\"DSC_0980\"\n                    src=\"http:\/\/przedszkoletworkow.pl\/wp-content\/gallery\/kinder25-1\/thumbs\/thumbs_DSC_0980.JPG\"\n                    width=\"240\"\n                    height=\"160\"\n                    style=\"max-width:100%;\"\n                \/>\n            <\/a>\n        <\/div>\n\t\t\t\t\t\t\t<\/div> \n\t\t\t\n\t\t\t\t<div id=\"ngg-image-10\" class=\"ngg-gallery-thumbnail-box \" >\n\t\t\t\t        <div class=\"ngg-gallery-thumbnail\">\n            <a href=\"http:\/\/przedszkoletworkow.pl\/wp-content\/gallery\/kinder25-1\/DSC_0984.JPG\"\n               title=\"\"\n               data-src=\"http:\/\/przedszkoletworkow.pl\/wp-content\/gallery\/kinder25-1\/DSC_0984.JPG\"\n               data-thumbnail=\"http:\/\/przedszkoletworkow.pl\/wp-content\/gallery\/kinder25-1\/thumbs\/thumbs_DSC_0984.JPG\"\n               data-image-id=\"7821\"\n               data-title=\"DSC_0984\"\n               data-description=\"\"\n               data-image-slug=\"dsc_0984\"\n               class=\"ngg-simplelightbox\" rel=\"4ba2e7295f485771dcd964d16b169a29\">\n                <img\n                    title=\"DSC_0984\"\n                    alt=\"DSC_0984\"\n                    src=\"http:\/\/przedszkoletworkow.pl\/wp-content\/gallery\/kinder25-1\/thumbs\/thumbs_DSC_0984.JPG\"\n                    width=\"240\"\n                    height=\"160\"\n                    style=\"max-width:100%;\"\n                \/>\n            <\/a>\n        <\/div>\n\t\t\t\t\t\t\t<\/div> \n\t\t\t\n\t\t\t\t<div id=\"ngg-image-11\" class=\"ngg-gallery-thumbnail-box \" >\n\t\t\t\t        <div class=\"ngg-gallery-thumbnail\">\n            <a href=\"http:\/\/przedszkoletworkow.pl\/wp-content\/gallery\/kinder25-1\/DSC_0990.JPG\"\n               title=\"\"\n               data-src=\"http:\/\/przedszkoletworkow.pl\/wp-content\/gallery\/kinder25-1\/DSC_0990.JPG\"\n               data-thumbnail=\"http:\/\/przedszkoletworkow.pl\/wp-content\/gallery\/kinder25-1\/thumbs\/thumbs_DSC_0990.JPG\"\n               data-image-id=\"7822\"\n               data-title=\"DSC_0990\"\n               data-description=\"\"\n               data-image-slug=\"dsc_0990\"\n               class=\"ngg-simplelightbox\" rel=\"4ba2e7295f485771dcd964d16b169a29\">\n                <img\n                    title=\"DSC_0990\"\n                    alt=\"DSC_0990\"\n                    src=\"http:\/\/przedszkoletworkow.pl\/wp-content\/gallery\/kinder25-1\/thumbs\/thumbs_DSC_0990.JPG\"\n                    width=\"240\"\n                    height=\"160\"\n                    style=\"max-width:100%;\"\n                \/>\n            <\/a>\n        <\/div>\n\t\t\t\t\t\t\t<\/div> \n\t\t\t\n\t\t\t\t<div id=\"ngg-image-12\" class=\"ngg-gallery-thumbnail-box \" >\n\t\t\t\t        <div class=\"ngg-gallery-thumbnail\">\n            <a href=\"http:\/\/przedszkoletworkow.pl\/wp-content\/gallery\/kinder25-1\/DSC_0996.JPG\"\n               title=\"\"\n               data-src=\"http:\/\/przedszkoletworkow.pl\/wp-content\/gallery\/kinder25-1\/DSC_0996.JPG\"\n               data-thumbnail=\"http:\/\/przedszkoletworkow.pl\/wp-content\/gallery\/kinder25-1\/thumbs\/thumbs_DSC_0996.JPG\"\n               data-image-id=\"7823\"\n               data-title=\"DSC_0996\"\n               data-description=\"\"\n               data-image-slug=\"dsc_0996\"\n               class=\"ngg-simplelightbox\" rel=\"4ba2e7295f485771dcd964d16b169a29\">\n                <img\n                    title=\"DSC_0996\"\n                    alt=\"DSC_0996\"\n                    src=\"http:\/\/przedszkoletworkow.pl\/wp-content\/gallery\/kinder25-1\/thumbs\/thumbs_DSC_0996.JPG\"\n                    width=\"240\"\n                    height=\"160\"\n                    style=\"max-width:100%;\"\n                \/>\n            <\/a>\n        <\/div>\n\t\t\t\t\t\t\t<\/div> \n\t\t\t\n\t\t\t\t<div id=\"ngg-image-13\" class=\"ngg-gallery-thumbnail-box \" >\n\t\t\t\t        <div class=\"ngg-gallery-thumbnail\">\n            <a href=\"http:\/\/przedszkoletworkow.pl\/wp-content\/gallery\/kinder25-1\/DSC_0998.JPG\"\n               title=\"\"\n               data-src=\"http:\/\/przedszkoletworkow.pl\/wp-content\/gallery\/kinder25-1\/DSC_0998.JPG\"\n               data-thumbnail=\"http:\/\/przedszkoletworkow.pl\/wp-content\/gallery\/kinder25-1\/thumbs\/thumbs_DSC_0998.JPG\"\n               data-image-id=\"7824\"\n               data-title=\"DSC_0998\"\n               data-description=\"\"\n               data-image-slug=\"dsc_0998\"\n               class=\"ngg-simplelightbox\" rel=\"4ba2e7295f485771dcd964d16b169a29\">\n                <img\n                    title=\"DSC_0998\"\n                    alt=\"DSC_0998\"\n                    src=\"http:\/\/przedszkoletworkow.pl\/wp-content\/gallery\/kinder25-1\/thumbs\/thumbs_DSC_0998.JPG\"\n                    width=\"240\"\n                    height=\"160\"\n                    style=\"max-width:100%;\"\n                \/>\n            <\/a>\n        <\/div>\n\t\t\t\t\t\t\t<\/div> \n\t\t\t\n\t\t\t\t<div id=\"ngg-image-14\" class=\"ngg-gallery-thumbnail-box \" >\n\t\t\t\t        <div class=\"ngg-gallery-thumbnail\">\n            <a href=\"http:\/\/przedszkoletworkow.pl\/wp-content\/gallery\/kinder25-1\/DSC_1003.JPG\"\n               title=\"\"\n               data-src=\"http:\/\/przedszkoletworkow.pl\/wp-content\/gallery\/kinder25-1\/DSC_1003.JPG\"\n               data-thumbnail=\"http:\/\/przedszkoletworkow.pl\/wp-content\/gallery\/kinder25-1\/thumbs\/thumbs_DSC_1003.JPG\"\n               data-image-id=\"7825\"\n               data-title=\"DSC_1003\"\n               data-description=\"\"\n               data-image-slug=\"dsc_1003\"\n               class=\"ngg-simplelightbox\" rel=\"4ba2e7295f485771dcd964d16b169a29\">\n                <img\n                    title=\"DSC_1003\"\n                    alt=\"DSC_1003\"\n                    src=\"http:\/\/przedszkoletworkow.pl\/wp-content\/gallery\/kinder25-1\/thumbs\/thumbs_DSC_1003.JPG\"\n                    width=\"240\"\n                    height=\"160\"\n                    style=\"max-width:100%;\"\n                \/>\n            <\/a>\n        <\/div>\n\t\t\t\t\t\t\t<\/div> \n\t\t\t\n\t\t\t\t<div id=\"ngg-image-15\" class=\"ngg-gallery-thumbnail-box \" >\n\t\t\t\t        <div class=\"ngg-gallery-thumbnail\">\n            <a href=\"http:\/\/przedszkoletworkow.pl\/wp-content\/gallery\/kinder25-1\/DSC_1004.JPG\"\n               title=\"\"\n               data-src=\"http:\/\/przedszkoletworkow.pl\/wp-content\/gallery\/kinder25-1\/DSC_1004.JPG\"\n               data-thumbnail=\"http:\/\/przedszkoletworkow.pl\/wp-content\/gallery\/kinder25-1\/thumbs\/thumbs_DSC_1004.JPG\"\n               data-image-id=\"7826\"\n               data-title=\"DSC_1004\"\n               data-description=\"\"\n               data-image-slug=\"dsc_1004\"\n               class=\"ngg-simplelightbox\" rel=\"4ba2e7295f485771dcd964d16b169a29\">\n                <img\n                    title=\"DSC_1004\"\n                    alt=\"DSC_1004\"\n                    src=\"http:\/\/przedszkoletworkow.pl\/wp-content\/gallery\/kinder25-1\/thumbs\/thumbs_DSC_1004.JPG\"\n                    width=\"240\"\n                    height=\"160\"\n                    style=\"max-width:100%;\"\n                \/>\n            <\/a>\n        <\/div>\n\t\t\t\t\t\t\t<\/div> \n\t\t\t\n\t\t\t\t<div id=\"ngg-image-16\" class=\"ngg-gallery-thumbnail-box \" >\n\t\t\t\t        <div class=\"ngg-gallery-thumbnail\">\n            <a href=\"http:\/\/przedszkoletworkow.pl\/wp-content\/gallery\/kinder25-1\/DSC_1007.JPG\"\n               title=\"\"\n               data-src=\"http:\/\/przedszkoletworkow.pl\/wp-content\/gallery\/kinder25-1\/DSC_1007.JPG\"\n               data-thumbnail=\"http:\/\/przedszkoletworkow.pl\/wp-content\/gallery\/kinder25-1\/thumbs\/thumbs_DSC_1007.JPG\"\n               data-image-id=\"7827\"\n               data-title=\"DSC_1007\"\n               data-description=\"\"\n               data-image-slug=\"dsc_1007\"\n               class=\"ngg-simplelightbox\" rel=\"4ba2e7295f485771dcd964d16b169a29\">\n                <img\n                    title=\"DSC_1007\"\n                    alt=\"DSC_1007\"\n                    src=\"http:\/\/przedszkoletworkow.pl\/wp-content\/gallery\/kinder25-1\/thumbs\/thumbs_DSC_1007.JPG\"\n                    width=\"240\"\n                    height=\"160\"\n                    style=\"max-width:100%;\"\n                \/>\n            <\/a>\n        <\/div>\n\t\t\t\t\t\t\t<\/div> \n\t\t\t\n\t\t\t\t<div id=\"ngg-image-17\" class=\"ngg-gallery-thumbnail-box \" >\n\t\t\t\t        <div class=\"ngg-gallery-thumbnail\">\n            <a href=\"http:\/\/przedszkoletworkow.pl\/wp-content\/gallery\/kinder25-1\/DSC_1008.JPG\"\n               title=\"\"\n               data-src=\"http:\/\/przedszkoletworkow.pl\/wp-content\/gallery\/kinder25-1\/DSC_1008.JPG\"\n               data-thumbnail=\"http:\/\/przedszkoletworkow.pl\/wp-content\/gallery\/kinder25-1\/thumbs\/thumbs_DSC_1008.JPG\"\n               data-image-id=\"7828\"\n               data-title=\"DSC_1008\"\n               data-description=\"\"\n               data-image-slug=\"dsc_1008\"\n               class=\"ngg-simplelightbox\" rel=\"4ba2e7295f485771dcd964d16b169a29\">\n                <img\n                    title=\"DSC_1008\"\n                    alt=\"DSC_1008\"\n                    src=\"http:\/\/przedszkoletworkow.pl\/wp-content\/gallery\/kinder25-1\/thumbs\/thumbs_DSC_1008.JPG\"\n                    width=\"240\"\n                    height=\"160\"\n                    style=\"max-width:100%;\"\n                \/>\n            <\/a>\n        <\/div>\n\t\t\t\t\t\t\t<\/div> \n\t\t\t\n\t\t\t\t<div id=\"ngg-image-18\" class=\"ngg-gallery-thumbnail-box \" >\n\t\t\t\t        <div class=\"ngg-gallery-thumbnail\">\n            <a href=\"http:\/\/przedszkoletworkow.pl\/wp-content\/gallery\/kinder25-1\/Zdjecie-WhatsApp-2025-03-27-o-13.12.43_77dd7c3f.jpg\"\n               title=\"\"\n               data-src=\"http:\/\/przedszkoletworkow.pl\/wp-content\/gallery\/kinder25-1\/Zdjecie-WhatsApp-2025-03-27-o-13.12.43_77dd7c3f.jpg\"\n               data-thumbnail=\"http:\/\/przedszkoletworkow.pl\/wp-content\/gallery\/kinder25-1\/thumbs\/thumbs_Zdjecie-WhatsApp-2025-03-27-o-13.12.43_77dd7c3f.jpg\"\n               data-image-id=\"7829\"\n               data-title=\"Zdjecie-WhatsApp-2025-03-27-o-13.12.43_77dd7c3f\"\n               data-description=\"\"\n               data-image-slug=\"zdjecie-whatsapp-2025-03-27-o-13-12-43_77dd7c3f\"\n               class=\"ngg-simplelightbox\" rel=\"4ba2e7295f485771dcd964d16b169a29\">\n                <img\n                    title=\"Zdjecie-WhatsApp-2025-03-27-o-13.12.43_77dd7c3f\"\n                    alt=\"Zdjecie-WhatsApp-2025-03-27-o-13.12.43_77dd7c3f\"\n                    src=\"http:\/\/przedszkoletworkow.pl\/wp-content\/gallery\/kinder25-1\/thumbs\/thumbs_Zdjecie-WhatsApp-2025-03-27-o-13.12.43_77dd7c3f.jpg\"\n                    width=\"240\"\n                    height=\"160\"\n                    style=\"max-width:100%;\"\n                \/>\n            <\/a>\n        <\/div>\n\t\t\t\t\t\t\t<\/div> \n\t\t\t\n\t\t\t\t<div id=\"ngg-image-19\" class=\"ngg-gallery-thumbnail-box \" >\n\t\t\t\t        <div class=\"ngg-gallery-thumbnail\">\n            <a href=\"http:\/\/przedszkoletworkow.pl\/wp-content\/gallery\/kinder25-1\/Zdjecie-WhatsApp-2025-03-27-o-13.12.43_5fcebadc.jpg\"\n               title=\"\"\n               data-src=\"http:\/\/przedszkoletworkow.pl\/wp-content\/gallery\/kinder25-1\/Zdjecie-WhatsApp-2025-03-27-o-13.12.43_5fcebadc.jpg\"\n               data-thumbnail=\"http:\/\/przedszkoletworkow.pl\/wp-content\/gallery\/kinder25-1\/thumbs\/thumbs_Zdjecie-WhatsApp-2025-03-27-o-13.12.43_5fcebadc.jpg\"\n               data-image-id=\"7830\"\n               data-title=\"Zdjecie-WhatsApp-2025-03-27-o-13.12.43_5fcebadc\"\n               data-description=\"\"\n               data-image-slug=\"zdjecie-whatsapp-2025-03-27-o-13-12-43_5fcebadc\"\n               class=\"ngg-simplelightbox\" rel=\"4ba2e7295f485771dcd964d16b169a29\">\n                <img\n                    title=\"Zdjecie-WhatsApp-2025-03-27-o-13.12.43_5fcebadc\"\n                    alt=\"Zdjecie-WhatsApp-2025-03-27-o-13.12.43_5fcebadc\"\n                    src=\"http:\/\/przedszkoletworkow.pl\/wp-content\/gallery\/kinder25-1\/thumbs\/thumbs_Zdjecie-WhatsApp-2025-03-27-o-13.12.43_5fcebadc.jpg\"\n                    width=\"240\"\n                    height=\"160\"\n                    style=\"max-width:100%;\"\n                \/>\n            <\/a>\n        <\/div>\n\t\t\t\t\t\t\t<\/div> \n\t\t\t\n\t\t\t\t<div id=\"ngg-image-20\" class=\"ngg-gallery-thumbnail-box \" >\n\t\t\t\t        <div class=\"ngg-gallery-thumbnail\">\n            <a href=\"http:\/\/przedszkoletworkow.pl\/wp-content\/gallery\/kinder25-1\/DSC_1015.JPG\"\n               title=\"\"\n               data-src=\"http:\/\/przedszkoletworkow.pl\/wp-content\/gallery\/kinder25-1\/DSC_1015.JPG\"\n               data-thumbnail=\"http:\/\/przedszkoletworkow.pl\/wp-content\/gallery\/kinder25-1\/thumbs\/thumbs_DSC_1015.JPG\"\n               data-image-id=\"7831\"\n               data-title=\"DSC_1015\"\n               data-description=\"\"\n               data-image-slug=\"dsc_1015\"\n               class=\"ngg-simplelightbox\" rel=\"4ba2e7295f485771dcd964d16b169a29\">\n                <img\n                    title=\"DSC_1015\"\n                    alt=\"DSC_1015\"\n                    src=\"http:\/\/przedszkoletworkow.pl\/wp-content\/gallery\/kinder25-1\/thumbs\/thumbs_DSC_1015.JPG\"\n                    width=\"240\"\n                    height=\"160\"\n                    style=\"max-width:100%;\"\n                \/>\n            <\/a>\n        <\/div>\n\t\t\t\t\t\t\t<\/div> \n\t\t\t\n\t\t\t\t<div id=\"ngg-image-21\" class=\"ngg-gallery-thumbnail-box \" >\n\t\t\t\t        <div class=\"ngg-gallery-thumbnail\">\n            <a href=\"http:\/\/przedszkoletworkow.pl\/wp-content\/gallery\/kinder25-1\/Zdjecie-WhatsApp-2025-03-27-o-13.12.43_748fd274.jpg\"\n               title=\"\"\n               data-src=\"http:\/\/przedszkoletworkow.pl\/wp-content\/gallery\/kinder25-1\/Zdjecie-WhatsApp-2025-03-27-o-13.12.43_748fd274.jpg\"\n               data-thumbnail=\"http:\/\/przedszkoletworkow.pl\/wp-content\/gallery\/kinder25-1\/thumbs\/thumbs_Zdjecie-WhatsApp-2025-03-27-o-13.12.43_748fd274.jpg\"\n               data-image-id=\"7832\"\n               data-title=\"Zdjecie-WhatsApp-2025-03-27-o-13.12.43_748fd274\"\n               data-description=\"\"\n               data-image-slug=\"zdjecie-whatsapp-2025-03-27-o-13-12-43_748fd274\"\n               class=\"ngg-simplelightbox\" rel=\"4ba2e7295f485771dcd964d16b169a29\">\n                <img\n                    title=\"Zdjecie-WhatsApp-2025-03-27-o-13.12.43_748fd274\"\n                    alt=\"Zdjecie-WhatsApp-2025-03-27-o-13.12.43_748fd274\"\n                    src=\"http:\/\/przedszkoletworkow.pl\/wp-content\/gallery\/kinder25-1\/thumbs\/thumbs_Zdjecie-WhatsApp-2025-03-27-o-13.12.43_748fd274.jpg\"\n                    width=\"240\"\n                    height=\"160\"\n                    style=\"max-width:100%;\"\n                \/>\n            <\/a>\n        <\/div>\n\t\t\t\t\t\t\t<\/div> \n\t\t\t\n\t\t\t\t<div id=\"ngg-image-22\" class=\"ngg-gallery-thumbnail-box \" >\n\t\t\t\t        <div class=\"ngg-gallery-thumbnail\">\n            <a href=\"http:\/\/przedszkoletworkow.pl\/wp-content\/gallery\/kinder25-1\/Zdjecie-WhatsApp-2025-03-28-o-15.06.23_1b89b252.jpg\"\n               title=\"\"\n               data-src=\"http:\/\/przedszkoletworkow.pl\/wp-content\/gallery\/kinder25-1\/Zdjecie-WhatsApp-2025-03-28-o-15.06.23_1b89b252.jpg\"\n               data-thumbnail=\"http:\/\/przedszkoletworkow.pl\/wp-content\/gallery\/kinder25-1\/thumbs\/thumbs_Zdjecie-WhatsApp-2025-03-28-o-15.06.23_1b89b252.jpg\"\n               data-image-id=\"7833\"\n               data-title=\"Zdjecie-WhatsApp-2025-03-28-o-15.06.23_1b89b252\"\n               data-description=\"\"\n               data-image-slug=\"zdjecie-whatsapp-2025-03-28-o-15-06-23_1b89b252\"\n               class=\"ngg-simplelightbox\" rel=\"4ba2e7295f485771dcd964d16b169a29\">\n                <img\n                    title=\"Zdjecie-WhatsApp-2025-03-28-o-15.06.23_1b89b252\"\n                    alt=\"Zdjecie-WhatsApp-2025-03-28-o-15.06.23_1b89b252\"\n                    src=\"http:\/\/przedszkoletworkow.pl\/wp-content\/gallery\/kinder25-1\/thumbs\/thumbs_Zdjecie-WhatsApp-2025-03-28-o-15.06.23_1b89b252.jpg\"\n                    width=\"240\"\n                    height=\"160\"\n                    style=\"max-width:100%;\"\n                \/>\n            <\/a>\n        <\/div>\n\t\t\t\t\t\t\t<\/div> \n\t\t\t\n\t\t\t\t<div id=\"ngg-image-23\" class=\"ngg-gallery-thumbnail-box \" >\n\t\t\t\t        <div class=\"ngg-gallery-thumbnail\">\n            <a href=\"http:\/\/przedszkoletworkow.pl\/wp-content\/gallery\/kinder25-1\/DSC_1020.JPG\"\n               title=\"\"\n               data-src=\"http:\/\/przedszkoletworkow.pl\/wp-content\/gallery\/kinder25-1\/DSC_1020.JPG\"\n               data-thumbnail=\"http:\/\/przedszkoletworkow.pl\/wp-content\/gallery\/kinder25-1\/thumbs\/thumbs_DSC_1020.JPG\"\n               data-image-id=\"7834\"\n               data-title=\"DSC_1020\"\n               data-description=\"\"\n               data-image-slug=\"dsc_1020\"\n               class=\"ngg-simplelightbox\" rel=\"4ba2e7295f485771dcd964d16b169a29\">\n                <img\n                    title=\"DSC_1020\"\n                    alt=\"DSC_1020\"\n                    src=\"http:\/\/przedszkoletworkow.pl\/wp-content\/gallery\/kinder25-1\/thumbs\/thumbs_DSC_1020.JPG\"\n                    width=\"240\"\n                    height=\"160\"\n                    style=\"max-width:100%;\"\n                \/>\n            <\/a>\n        <\/div>\n\t\t\t\t\t\t\t<\/div> \n\t\t\t\n\t\n\t<br style=\"clear: both\" \/>\n\n\t\n\t\t<!-- Pagination -->\n\t<div class='ngg-navigation'><span class='current'>1<\/span>\n<a class='page-numbers' data-pageid='2' href='http:\/\/przedszkoletworkow.pl\/index.php\/nggallery\/page\/2?p=12187'>2<\/a>\n<a class='prev' href='http:\/\/przedszkoletworkow.pl\/index.php\/nggallery\/page\/2?p=12187' data-pageid=2>&#9658;<\/a><\/div>\t<\/div>\nDFK w Tworkowie \u2013 Ma\u0142gorzata Kolonko, Pa\u0144stwo Cecylia i Brunon Chrzibek, So\u0142tys wsi Twork\u00f3w \u2013 Andrzej Bulenda oraz Dyrektorzy Przedszkoli Gminy Krzy\u017canowice.<\/p>\n<p>Repertuar by\u0142 bardzo zr\u00f3\u017cnicowany, a ka\u017cda piosenka wykonana zosta\u0142a z ogromnym zaanga\u017cowaniem, gracj\u0105 i niepowtarzaln\u0105 prezentacj\u0105 artystyczn\u0105. Wszystkie grupy otrzyma\u0142y wyr\u00f3\u017cnienia, medale, dyplomy i nagrody.<\/p>\n<p>Dzi\u0119kujemy wszystkim artystom za pi\u0119kne doznania artystyczne i radosn\u0105 atmosfer\u0119 podczas festiwalu. Celem festiwalu by\u0142o nie tylko wprowadzenie dzieci w tajniki j\u0119zyka niemieckiego, ale tak\u017ce kszta\u0142towanie ich wra\u017cliwo\u015bci muzycznej oraz rozwijanie umiej\u0119tno\u015bci wyra\u017cania siebie w obcym j\u0119zyku.<\/p>\n<p>Nagrody dla dzieci ufundowane zosta\u0142y prze W\u00f3jta Gminy Krzy\u017canowice i DFK Twork\u00f3w.<\/p>\n<p>Go\u015bciem specjalnym Festiwalu by\u0142 Zesp\u00f3\u0142 Taneczny Tworkauer Eiche, kt\u00f3ry swoimi wyst\u0119pami u\u015bwietni\u0142 uroczysto\u015b\u0107. Dzi\u0119kujemy tancerzom i choreografowi \u2013 Pani Ma\u0142gorzacie Frenzel za obecno\u015b\u0107 i pi\u0119kne wyst\u0119py.<\/p>\n<p>Dzi\u0119kujemy Pani Sabinie Ciuraszkiewicz za mo\u017cliwo\u015b\u0107 organizacji Festiwalu w budynku Gminnego Centrum Kultury<\/p>\n<p>Dzi\u0119kujemy Panu Andrzejowi Fojcik za opraw\u0119 muzyczn\u0105 i \u015bwietln\u0105 naszej uroczysto\u015bci<\/p>\n<p>&nbsp;<\/p>\n","protected":false},"excerpt":{"rendered":"<p>28 marca odby\u0142 si\u0119 ju\u017c po raz 11 Kinderliederfestival, czyli Festiwal Piosenki Niemieckiej dla przedszkolak\u00f3w zorganizowany przez Przedszkole w Tworkowie pod honorowym patronatem W\u00f3jta Gminy Krzy\u017canowice \u2013 Grzegorza Utrackiego. Na scenie Gminnego Centrum Kultury dla zaproszonych go\u015bci, nauczycieli, rodzic\u00f3w i przedszkolak\u00f3w zaprezentowa\u0142o si\u0119 sze\u015b\u0107 grup wokalnych: z Przedszkola w Zabe\u0142kowie [&hellip;]<\/p>\n","protected":false},"author":2,"featured_media":12226,"comment_status":"open","ping_status":"open","sticky":false,"template":"","format":"standard","meta":{"ngg_post_thumbnail":0,"footnotes":""},"categories":[1],"tags":[],"class_list":["post-12187","post","type-post","status-publish","format-standard","has-post-thumbnail","hentry","category-bez-kategorii"],"_links":{"self":[{"href":"http:\/\/przedszkoletworkow.pl\/index.php?rest_route=\/wp\/v2\/posts\/12187","targetHints":{"allow":["GET"]}}],"collection":[{"href":"http:\/\/przedszkoletworkow.pl\/index.php?rest_route=\/wp\/v2\/posts"}],"about":[{"href":"http:\/\/przedszkoletworkow.pl\/index.php?rest_route=\/wp\/v2\/types\/post"}],"author":[{"embeddable":true,"href":"http:\/\/przedszkoletworkow.pl\/index.php?rest_route=\/wp\/v2\/users\/2"}],"replies":[{"embeddable":true,"href":"http:\/\/przedszkoletworkow.pl\/index.php?rest_route=%2Fwp%2Fv2%2Fcomments&post=12187"}],"version-history":[{"count":2,"href":"http:\/\/przedszkoletworkow.pl\/index.php?rest_route=\/wp\/v2\/posts\/12187\/revisions"}],"predecessor-version":[{"id":12306,"href":"http:\/\/przedszkoletworkow.pl\/index.php?rest_route=\/wp\/v2\/posts\/12187\/revisions\/12306"}],"wp:featuredmedia":[{"embeddable":true,"href":"http:\/\/przedszkoletworkow.pl\/index.php?rest_route=\/wp\/v2\/media\/12226"}],"wp:attachment":[{"href":"http:\/\/przedszkoletworkow.pl\/index.php?rest_route=%2Fwp%2Fv2%2Fmedia&parent=12187"}],"wp:term":[{"taxonomy":"category","embeddable":true,"href":"http:\/\/przedszkoletworkow.pl\/index.php?rest_route=%2Fwp%2Fv2%2Fcategories&post=12187"},{"taxonomy":"post_tag","embeddable":true,"href":"http:\/\/przedszkoletworkow.pl\/index.php?rest_route=%2Fwp%2Fv2%2Ftags&post=12187"}],"curies":[{"name":"wp","href":"https:\/\/api.w.org\/{rel}","templated":true}]}}