{"id":12051,"date":"2025-02-19T17:59:57","date_gmt":"2025-02-19T16:59:57","guid":{"rendered":"http:\/\/przedszkoletworkow.pl\/?p=12051"},"modified":"2025-02-19T17:59:57","modified_gmt":"2025-02-19T16:59:57","slug":"walentynki-w-przedszkolu","status":"publish","type":"post","link":"http:\/\/przedszkoletworkow.pl\/?p=12051","title":{"rendered":"Walentynki w Przedszkolu"},"content":{"rendered":"<p>W pi\u0105tek 14 lutego obchodzili\u015bmy w naszym przedszkolu &#8222;WALENTYNKI&#8221;. Przedszkolaki zapozna\u0142y si\u0119 z tradycj\u0105 Walentynek. Rozmawiali\u015bmy co to znaczy kocha\u0107, \u017ce nie nale\u017cy tylko od \u015bwi\u0119ta okazywa\u0107 to uczucie, ale na co dzie\u0144 poprzez m.in. ma\u0142e drobne uczynki dla drugiej osoby czy u\u015bmiech. Dzieci wykona\u0142y kolorowe laurki. Dzie\u0144 ten przyni\u00f3s\u0142 dzieciom wiele rado\u015bci i mi\u0142o\u015bci.<\/p>\n<!-- default-view.php -->\n<div\n\tclass=\"ngg-galleryoverview default-view \"\n\tid=\"ngg-gallery-c544951955d5776277ad3f66b23df481-1\">\n\n\t\t<!-- Thumbnails -->\n\t\t\t\t<div id=\"ngg-image-0\" class=\"ngg-gallery-thumbnail-box \" >\n\t\t\t\t        <div class=\"ngg-gallery-thumbnail\">\n            <a href=\"http:\/\/przedszkoletworkow.pl\/wp-content\/gallery\/wal\/0844ab38-35e2-49ad-94ec-a85d3cde70ab.jpeg\"\n               title=\"\"\n               data-src=\"http:\/\/przedszkoletworkow.pl\/wp-content\/gallery\/wal\/0844ab38-35e2-49ad-94ec-a85d3cde70ab.jpeg\"\n               data-thumbnail=\"http:\/\/przedszkoletworkow.pl\/wp-content\/gallery\/wal\/thumbs\/thumbs_0844ab38-35e2-49ad-94ec-a85d3cde70ab.jpeg\"\n               data-image-id=\"7734\"\n               data-title=\"0844ab38-35e2-49ad-94ec-a85d3cde70ab\"\n               data-description=\"\"\n               data-image-slug=\"0844ab38-35e2-49ad-94ec-a85d3cde70ab\"\n               class=\"ngg-simplelightbox\" rel=\"c544951955d5776277ad3f66b23df481\">\n                <img\n                    title=\"0844ab38-35e2-49ad-94ec-a85d3cde70ab\"\n                    alt=\"0844ab38-35e2-49ad-94ec-a85d3cde70ab\"\n                    src=\"http:\/\/przedszkoletworkow.pl\/wp-content\/gallery\/wal\/thumbs\/thumbs_0844ab38-35e2-49ad-94ec-a85d3cde70ab.jpeg\"\n                    width=\"240\"\n                    height=\"160\"\n                    style=\"max-width:100%;\"\n                \/>\n            <\/a>\n        <\/div>\n\t\t\t\t\t\t\t<\/div> \n\t\t\t\n\t\t\t\t<div id=\"ngg-image-1\" class=\"ngg-gallery-thumbnail-box \" >\n\t\t\t\t        <div class=\"ngg-gallery-thumbnail\">\n            <a href=\"http:\/\/przedszkoletworkow.pl\/wp-content\/gallery\/wal\/wal2.jpg\"\n               title=\"\"\n               data-src=\"http:\/\/przedszkoletworkow.pl\/wp-content\/gallery\/wal\/wal2.jpg\"\n               data-thumbnail=\"http:\/\/przedszkoletworkow.pl\/wp-content\/gallery\/wal\/thumbs\/thumbs_wal2.jpg\"\n               data-image-id=\"7735\"\n               data-title=\"wal2\"\n               data-description=\"\"\n               data-image-slug=\"wal2-1\"\n               class=\"ngg-simplelightbox\" rel=\"c544951955d5776277ad3f66b23df481\">\n                <img\n                    title=\"wal2\"\n                    alt=\"wal2\"\n                    src=\"http:\/\/przedszkoletworkow.pl\/wp-content\/gallery\/wal\/thumbs\/thumbs_wal2.jpg\"\n                    width=\"240\"\n                    height=\"160\"\n                    style=\"max-width:100%;\"\n                \/>\n            <\/a>\n        <\/div>\n\t\t\t\t\t\t\t<\/div> \n\t\t\t\n\t\t\t\t<div id=\"ngg-image-2\" class=\"ngg-gallery-thumbnail-box \" >\n\t\t\t\t        <div class=\"ngg-gallery-thumbnail\">\n            <a href=\"http:\/\/przedszkoletworkow.pl\/wp-content\/gallery\/wal\/wal4.jpg\"\n               title=\"\"\n               data-src=\"http:\/\/przedszkoletworkow.pl\/wp-content\/gallery\/wal\/wal4.jpg\"\n               data-thumbnail=\"http:\/\/przedszkoletworkow.pl\/wp-content\/gallery\/wal\/thumbs\/thumbs_wal4.jpg\"\n               data-image-id=\"7736\"\n               data-title=\"wal4\"\n               data-description=\"\"\n               data-image-slug=\"wal4-1\"\n               class=\"ngg-simplelightbox\" rel=\"c544951955d5776277ad3f66b23df481\">\n                <img\n                    title=\"wal4\"\n                    alt=\"wal4\"\n                    src=\"http:\/\/przedszkoletworkow.pl\/wp-content\/gallery\/wal\/thumbs\/thumbs_wal4.jpg\"\n                    width=\"240\"\n                    height=\"160\"\n                    style=\"max-width:100%;\"\n                \/>\n            <\/a>\n        <\/div>\n\t\t\t\t\t\t\t<\/div> \n\t\t\t\n\t\t\t\t<div id=\"ngg-image-3\" class=\"ngg-gallery-thumbnail-box \" >\n\t\t\t\t        <div class=\"ngg-gallery-thumbnail\">\n            <a href=\"http:\/\/przedszkoletworkow.pl\/wp-content\/gallery\/wal\/wal1.jpg\"\n               title=\"\"\n               data-src=\"http:\/\/przedszkoletworkow.pl\/wp-content\/gallery\/wal\/wal1.jpg\"\n               data-thumbnail=\"http:\/\/przedszkoletworkow.pl\/wp-content\/gallery\/wal\/thumbs\/thumbs_wal1.jpg\"\n               data-image-id=\"7737\"\n               data-title=\"wal1\"\n               data-description=\"\"\n               data-image-slug=\"wal1-1\"\n               class=\"ngg-simplelightbox\" rel=\"c544951955d5776277ad3f66b23df481\">\n                <img\n                    title=\"wal1\"\n                    alt=\"wal1\"\n                    src=\"http:\/\/przedszkoletworkow.pl\/wp-content\/gallery\/wal\/thumbs\/thumbs_wal1.jpg\"\n                    width=\"240\"\n                    height=\"160\"\n                    style=\"max-width:100%;\"\n                \/>\n            <\/a>\n        <\/div>\n\t\t\t\t\t\t\t<\/div> \n\t\t\t\n\t\t\t\t<div id=\"ngg-image-4\" class=\"ngg-gallery-thumbnail-box \" >\n\t\t\t\t        <div class=\"ngg-gallery-thumbnail\">\n            <a href=\"http:\/\/przedszkoletworkow.pl\/wp-content\/gallery\/wal\/wal3.jpg\"\n               title=\"\"\n               data-src=\"http:\/\/przedszkoletworkow.pl\/wp-content\/gallery\/wal\/wal3.jpg\"\n               data-thumbnail=\"http:\/\/przedszkoletworkow.pl\/wp-content\/gallery\/wal\/thumbs\/thumbs_wal3.jpg\"\n               data-image-id=\"7738\"\n               data-title=\"wal3\"\n               data-description=\"\"\n               data-image-slug=\"wal3-1\"\n               class=\"ngg-simplelightbox\" rel=\"c544951955d5776277ad3f66b23df481\">\n                <img\n                    title=\"wal3\"\n                    alt=\"wal3\"\n                    src=\"http:\/\/przedszkoletworkow.pl\/wp-content\/gallery\/wal\/thumbs\/thumbs_wal3.jpg\"\n                    width=\"240\"\n                    height=\"160\"\n                    style=\"max-width:100%;\"\n                \/>\n            <\/a>\n        <\/div>\n\t\t\t\t\t\t\t<\/div> \n\t\t\t\n\t\n\t<br style=\"clear: both\" \/>\n\n\t\n\t\t<!-- Pagination -->\n\t<div class='ngg-clear'><\/div>\t<\/div>\n\n","protected":false},"excerpt":{"rendered":"<p>W pi\u0105tek 14 lutego obchodzili\u015bmy w naszym przedszkolu &#8222;WALENTYNKI&#8221;. Przedszkolaki zapozna\u0142y si\u0119 z tradycj\u0105 Walentynek. Rozmawiali\u015bmy co to znaczy kocha\u0107, \u017ce nie nale\u017cy tylko od \u015bwi\u0119ta okazywa\u0107 to uczucie, ale na co dzie\u0144 poprzez m.in. ma\u0142e drobne uczynki dla drugiej osoby czy u\u015bmiech. Dzieci wykona\u0142y kolorowe laurki. Dzie\u0144 ten przyni\u00f3s\u0142 [&hellip;]<\/p>\n","protected":false},"author":2,"featured_media":12058,"comment_status":"open","ping_status":"open","sticky":false,"template":"","format":"standard","meta":{"ngg_post_thumbnail":0,"footnotes":""},"categories":[1],"tags":[],"class_list":["post-12051","post","type-post","status-publish","format-standard","has-post-thumbnail","hentry","category-bez-kategorii"],"_links":{"self":[{"href":"http:\/\/przedszkoletworkow.pl\/index.php?rest_route=\/wp\/v2\/posts\/12051","targetHints":{"allow":["GET"]}}],"collection":[{"href":"http:\/\/przedszkoletworkow.pl\/index.php?rest_route=\/wp\/v2\/posts"}],"about":[{"href":"http:\/\/przedszkoletworkow.pl\/index.php?rest_route=\/wp\/v2\/types\/post"}],"author":[{"embeddable":true,"href":"http:\/\/przedszkoletworkow.pl\/index.php?rest_route=\/wp\/v2\/users\/2"}],"replies":[{"embeddable":true,"href":"http:\/\/przedszkoletworkow.pl\/index.php?rest_route=%2Fwp%2Fv2%2Fcomments&post=12051"}],"version-history":[{"count":1,"href":"http:\/\/przedszkoletworkow.pl\/index.php?rest_route=\/wp\/v2\/posts\/12051\/revisions"}],"predecessor-version":[{"id":12059,"href":"http:\/\/przedszkoletworkow.pl\/index.php?rest_route=\/wp\/v2\/posts\/12051\/revisions\/12059"}],"wp:featuredmedia":[{"embeddable":true,"href":"http:\/\/przedszkoletworkow.pl\/index.php?rest_route=\/wp\/v2\/media\/12058"}],"wp:attachment":[{"href":"http:\/\/przedszkoletworkow.pl\/index.php?rest_route=%2Fwp%2Fv2%2Fmedia&parent=12051"}],"wp:term":[{"taxonomy":"category","embeddable":true,"href":"http:\/\/przedszkoletworkow.pl\/index.php?rest_route=%2Fwp%2Fv2%2Fcategories&post=12051"},{"taxonomy":"post_tag","embeddable":true,"href":"http:\/\/przedszkoletworkow.pl\/index.php?rest_route=%2Fwp%2Fv2%2Ftags&post=12051"}],"curies":[{"name":"wp","href":"https:\/\/api.w.org\/{rel}","templated":true}]}}