{"id":11902,"date":"2025-01-15T13:11:28","date_gmt":"2025-01-15T12:11:28","guid":{"rendered":"http:\/\/przedszkoletworkow.pl\/?p=11902"},"modified":"2025-01-27T16:49:10","modified_gmt":"2025-01-27T15:49:10","slug":"jubileusze-dfk-i-zespolu-tworkauer-eiche","status":"publish","type":"post","link":"http:\/\/przedszkoletworkow.pl\/?p=11902","title":{"rendered":"Jubileusz DFK i zespo\u0142u Tworkauer Eiche"},"content":{"rendered":"<p>15 stycznia w Gminnym Centrum Kultury &#8211; starej roszarni w Tworkowie odby\u0142y si\u0119 uroczysto\u015bci z okazji 35-lecia DFK Twork\u00f3w oraz 30-lecia zespo\u0142u tanecznego \u201eTworkauer Eiche\u201d.<\/p>\n<p>DFK Twork\u00f3w, kt\u00f3rego przewodnicz\u0105c\u0105 jest Ma\u0142gorzata Kolonko, zrzesza kilkudziesi\u0119ciu aktywnych cz\u0142onk\u00f3w i wspiera m.in. niemieckoj\u0119zyczny oddzia\u0142 Przedszkola w Tworkowie. Organizacja zarz\u0105dza tak\u017ce Domem Kultury Mniejszo\u015bci Niemieckiej, gdzie prowadzone s\u0105 kursy j\u0119zyka niemieckiego dla dzieci w ramach \u201eSamstagkurs\u00f3w\u201d.<\/p>\n<p>Zesp\u00f3\u0142 \u201eTworkauer Eiche\u201d, dzia\u0142aj\u0105cy od 1995 roku, pod kierunkiem choreografki Ma\u0142gorzaty Fr\u0119dzel (wcze\u015bniej przez wiele lat funkcj\u0119 t\u0119 pe\u0142ni\u0142a Gabriela Materzok), promuje ta\u0144ce ludowe Raciborszczyzny i \u015al\u0105ska. Grupa wielokrotnie reprezentowa\u0142a region na imprezach w kraju i za granic\u0105, w tym na Europejskich Festiwalach Ta\u0144ca Ludowego w Kielcach, Szwecji i Belgii.<\/p>\n<p>W wydarzeniu uczestniczy\u0142 m.in. starosta Grzegorz Swoboda, mieszkaniec Tworkowa, oraz Brunon Chrzibek, wieloletni szef DFK. Zesp\u00f3\u0142 i dzia\u0142alno\u015b\u0107 DFK wspieraj\u0105 gmina z w\u00f3jtem Grzegorzem Utrackim na czele oraz Sabina Ciuraszkiewicz, dyrektor Gminnego Centrum Kultury.<\/p>\n<p>Podczas uroczysto\u015bci wyst\u0105pi\u0142y dzieci z grupy z nauczanym j\u0119zykiem mniejszo\u015bci niemieckiej ze swoim wyst\u0119pem artystycznym \u2013 dzieci przygotowa\u0142a nauczycielka j\u0119zyka niemieckiego Bo\u017cena Hluchnik Grabczy\u0144ska<\/p>\n<p>Dzi\u0119kujemy za zaproszenie i \u017cyczymy kolejnych jubileuszy<\/p>\n<!-- default-view.php -->\n<div\n\tclass=\"ngg-galleryoverview default-view \"\n\tid=\"ngg-gallery-9df4d0cf79a4221e33d0f170a5acf643-1\">\n\n\t\t<!-- Thumbnails -->\n\t\t\t\t<div id=\"ngg-image-0\" class=\"ngg-gallery-thumbnail-box \" >\n\t\t\t\t        <div class=\"ngg-gallery-thumbnail\">\n            <a href=\"http:\/\/przedszkoletworkow.pl\/wp-content\/gallery\/dfk-jubi\/474879884_630056492840644_7360774822777986081_n.jpg\"\n               title=\"\"\n               data-src=\"http:\/\/przedszkoletworkow.pl\/wp-content\/gallery\/dfk-jubi\/474879884_630056492840644_7360774822777986081_n.jpg\"\n               data-thumbnail=\"http:\/\/przedszkoletworkow.pl\/wp-content\/gallery\/dfk-jubi\/thumbs\/thumbs_474879884_630056492840644_7360774822777986081_n.jpg\"\n               data-image-id=\"7648\"\n               data-title=\"474879884_630056492840644_7360774822777986081_n\"\n               data-description=\"\"\n               data-image-slug=\"474879884_630056492840644_7360774822777986081_n-1\"\n               class=\"ngg-simplelightbox\" rel=\"9df4d0cf79a4221e33d0f170a5acf643\">\n                <img\n                    title=\"474879884_630056492840644_7360774822777986081_n\"\n                    alt=\"474879884_630056492840644_7360774822777986081_n\"\n                    src=\"http:\/\/przedszkoletworkow.pl\/wp-content\/gallery\/dfk-jubi\/thumbs\/thumbs_474879884_630056492840644_7360774822777986081_n.jpg\"\n                    width=\"240\"\n                    height=\"160\"\n                    style=\"max-width:100%;\"\n                \/>\n            <\/a>\n        <\/div>\n\t\t\t\t\t\t\t<\/div> \n\t\t\t\n\t\t\t\t<div id=\"ngg-image-1\" class=\"ngg-gallery-thumbnail-box \" >\n\t\t\t\t        <div class=\"ngg-gallery-thumbnail\">\n            <a href=\"http:\/\/przedszkoletworkow.pl\/wp-content\/gallery\/dfk-jubi\/474701483_1142441700368034_3933098310971304814_n.jpg\"\n               title=\"\"\n               data-src=\"http:\/\/przedszkoletworkow.pl\/wp-content\/gallery\/dfk-jubi\/474701483_1142441700368034_3933098310971304814_n.jpg\"\n               data-thumbnail=\"http:\/\/przedszkoletworkow.pl\/wp-content\/gallery\/dfk-jubi\/thumbs\/thumbs_474701483_1142441700368034_3933098310971304814_n.jpg\"\n               data-image-id=\"7649\"\n               data-title=\"474701483_1142441700368034_3933098310971304814_n\"\n               data-description=\"\"\n               data-image-slug=\"474701483_1142441700368034_3933098310971304814_n-1\"\n               class=\"ngg-simplelightbox\" rel=\"9df4d0cf79a4221e33d0f170a5acf643\">\n                <img\n                    title=\"474701483_1142441700368034_3933098310971304814_n\"\n                    alt=\"474701483_1142441700368034_3933098310971304814_n\"\n                    src=\"http:\/\/przedszkoletworkow.pl\/wp-content\/gallery\/dfk-jubi\/thumbs\/thumbs_474701483_1142441700368034_3933098310971304814_n.jpg\"\n                    width=\"240\"\n                    height=\"160\"\n                    style=\"max-width:100%;\"\n                \/>\n            <\/a>\n        <\/div>\n\t\t\t\t\t\t\t<\/div> \n\t\t\t\n\t\t\t\t<div id=\"ngg-image-2\" class=\"ngg-gallery-thumbnail-box \" >\n\t\t\t\t        <div class=\"ngg-gallery-thumbnail\">\n            <a href=\"http:\/\/przedszkoletworkow.pl\/wp-content\/gallery\/dfk-jubi\/474255573_1318123966006321_1332541932172701579_n.jpg\"\n               title=\"\"\n               data-src=\"http:\/\/przedszkoletworkow.pl\/wp-content\/gallery\/dfk-jubi\/474255573_1318123966006321_1332541932172701579_n.jpg\"\n               data-thumbnail=\"http:\/\/przedszkoletworkow.pl\/wp-content\/gallery\/dfk-jubi\/thumbs\/thumbs_474255573_1318123966006321_1332541932172701579_n.jpg\"\n               data-image-id=\"7650\"\n               data-title=\"474255573_1318123966006321_1332541932172701579_n\"\n               data-description=\"\"\n               data-image-slug=\"474255573_1318123966006321_1332541932172701579_n-1\"\n               class=\"ngg-simplelightbox\" rel=\"9df4d0cf79a4221e33d0f170a5acf643\">\n                <img\n                    title=\"474255573_1318123966006321_1332541932172701579_n\"\n                    alt=\"474255573_1318123966006321_1332541932172701579_n\"\n                    src=\"http:\/\/przedszkoletworkow.pl\/wp-content\/gallery\/dfk-jubi\/thumbs\/thumbs_474255573_1318123966006321_1332541932172701579_n.jpg\"\n                    width=\"240\"\n                    height=\"160\"\n                    style=\"max-width:100%;\"\n                \/>\n            <\/a>\n        <\/div>\n\t\t\t\t\t\t\t<\/div> \n\t\t\t\n\t\t\t\t<div id=\"ngg-image-3\" class=\"ngg-gallery-thumbnail-box \" >\n\t\t\t\t        <div class=\"ngg-gallery-thumbnail\">\n            <a href=\"http:\/\/przedszkoletworkow.pl\/wp-content\/gallery\/dfk-jubi\/474701483_590561887106504_4127867475853074549_n.jpg\"\n               title=\"\"\n               data-src=\"http:\/\/przedszkoletworkow.pl\/wp-content\/gallery\/dfk-jubi\/474701483_590561887106504_4127867475853074549_n.jpg\"\n               data-thumbnail=\"http:\/\/przedszkoletworkow.pl\/wp-content\/gallery\/dfk-jubi\/thumbs\/thumbs_474701483_590561887106504_4127867475853074549_n.jpg\"\n               data-image-id=\"7651\"\n               data-title=\"474701483_590561887106504_4127867475853074549_n\"\n               data-description=\"\"\n               data-image-slug=\"474701483_590561887106504_4127867475853074549_n-1\"\n               class=\"ngg-simplelightbox\" rel=\"9df4d0cf79a4221e33d0f170a5acf643\">\n                <img\n                    title=\"474701483_590561887106504_4127867475853074549_n\"\n                    alt=\"474701483_590561887106504_4127867475853074549_n\"\n                    src=\"http:\/\/przedszkoletworkow.pl\/wp-content\/gallery\/dfk-jubi\/thumbs\/thumbs_474701483_590561887106504_4127867475853074549_n.jpg\"\n                    width=\"240\"\n                    height=\"160\"\n                    style=\"max-width:100%;\"\n                \/>\n            <\/a>\n        <\/div>\n\t\t\t\t\t\t\t<\/div> \n\t\t\t\n\t\t\t\t<div id=\"ngg-image-4\" class=\"ngg-gallery-thumbnail-box \" >\n\t\t\t\t        <div class=\"ngg-gallery-thumbnail\">\n            <a href=\"http:\/\/przedszkoletworkow.pl\/wp-content\/gallery\/dfk-jubi\/474959270_1013451810583212_3574459825551244790_n.jpg\"\n               title=\"\"\n               data-src=\"http:\/\/przedszkoletworkow.pl\/wp-content\/gallery\/dfk-jubi\/474959270_1013451810583212_3574459825551244790_n.jpg\"\n               data-thumbnail=\"http:\/\/przedszkoletworkow.pl\/wp-content\/gallery\/dfk-jubi\/thumbs\/thumbs_474959270_1013451810583212_3574459825551244790_n.jpg\"\n               data-image-id=\"7652\"\n               data-title=\"474959270_1013451810583212_3574459825551244790_n\"\n               data-description=\"\"\n               data-image-slug=\"474959270_1013451810583212_3574459825551244790_n-1\"\n               class=\"ngg-simplelightbox\" rel=\"9df4d0cf79a4221e33d0f170a5acf643\">\n                <img\n                    title=\"474959270_1013451810583212_3574459825551244790_n\"\n                    alt=\"474959270_1013451810583212_3574459825551244790_n\"\n                    src=\"http:\/\/przedszkoletworkow.pl\/wp-content\/gallery\/dfk-jubi\/thumbs\/thumbs_474959270_1013451810583212_3574459825551244790_n.jpg\"\n                    width=\"240\"\n                    height=\"160\"\n                    style=\"max-width:100%;\"\n                \/>\n            <\/a>\n        <\/div>\n\t\t\t\t\t\t\t<\/div> \n\t\t\t\n\t\t\t\t<div id=\"ngg-image-5\" class=\"ngg-gallery-thumbnail-box \" >\n\t\t\t\t        <div class=\"ngg-gallery-thumbnail\">\n            <a href=\"http:\/\/przedszkoletworkow.pl\/wp-content\/gallery\/dfk-jubi\/474135237_625605399989040_2761181386843685549_n.jpg\"\n               title=\"\"\n               data-src=\"http:\/\/przedszkoletworkow.pl\/wp-content\/gallery\/dfk-jubi\/474135237_625605399989040_2761181386843685549_n.jpg\"\n               data-thumbnail=\"http:\/\/przedszkoletworkow.pl\/wp-content\/gallery\/dfk-jubi\/thumbs\/thumbs_474135237_625605399989040_2761181386843685549_n.jpg\"\n               data-image-id=\"7653\"\n               data-title=\"474135237_625605399989040_2761181386843685549_n\"\n               data-description=\"\"\n               data-image-slug=\"474135237_625605399989040_2761181386843685549_n-1\"\n               class=\"ngg-simplelightbox\" rel=\"9df4d0cf79a4221e33d0f170a5acf643\">\n                <img\n                    title=\"474135237_625605399989040_2761181386843685549_n\"\n                    alt=\"474135237_625605399989040_2761181386843685549_n\"\n                    src=\"http:\/\/przedszkoletworkow.pl\/wp-content\/gallery\/dfk-jubi\/thumbs\/thumbs_474135237_625605399989040_2761181386843685549_n.jpg\"\n                    width=\"240\"\n                    height=\"160\"\n                    style=\"max-width:100%;\"\n                \/>\n            <\/a>\n        <\/div>\n\t\t\t\t\t\t\t<\/div> \n\t\t\t\n\t\t\t\t<div id=\"ngg-image-6\" class=\"ngg-gallery-thumbnail-box \" >\n\t\t\t\t        <div class=\"ngg-gallery-thumbnail\">\n            <a href=\"http:\/\/przedszkoletworkow.pl\/wp-content\/gallery\/dfk-jubi\/474478207_1310643786806310_1056939352366454534_n.jpg\"\n               title=\"\"\n               data-src=\"http:\/\/przedszkoletworkow.pl\/wp-content\/gallery\/dfk-jubi\/474478207_1310643786806310_1056939352366454534_n.jpg\"\n               data-thumbnail=\"http:\/\/przedszkoletworkow.pl\/wp-content\/gallery\/dfk-jubi\/thumbs\/thumbs_474478207_1310643786806310_1056939352366454534_n.jpg\"\n               data-image-id=\"7654\"\n               data-title=\"474478207_1310643786806310_1056939352366454534_n\"\n               data-description=\"\"\n               data-image-slug=\"474478207_1310643786806310_1056939352366454534_n-1\"\n               class=\"ngg-simplelightbox\" rel=\"9df4d0cf79a4221e33d0f170a5acf643\">\n                <img\n                    title=\"474478207_1310643786806310_1056939352366454534_n\"\n                    alt=\"474478207_1310643786806310_1056939352366454534_n\"\n                    src=\"http:\/\/przedszkoletworkow.pl\/wp-content\/gallery\/dfk-jubi\/thumbs\/thumbs_474478207_1310643786806310_1056939352366454534_n.jpg\"\n                    width=\"240\"\n                    height=\"160\"\n                    style=\"max-width:100%;\"\n                \/>\n            <\/a>\n        <\/div>\n\t\t\t\t\t\t\t<\/div> \n\t\t\t\n\t\t\t\t<div id=\"ngg-image-7\" class=\"ngg-gallery-thumbnail-box \" >\n\t\t\t\t        <div class=\"ngg-gallery-thumbnail\">\n            <a href=\"http:\/\/przedszkoletworkow.pl\/wp-content\/gallery\/dfk-jubi\/472855932_1108778857711970_1421132276330191272_n.jpg\"\n               title=\"\"\n               data-src=\"http:\/\/przedszkoletworkow.pl\/wp-content\/gallery\/dfk-jubi\/472855932_1108778857711970_1421132276330191272_n.jpg\"\n               data-thumbnail=\"http:\/\/przedszkoletworkow.pl\/wp-content\/gallery\/dfk-jubi\/thumbs\/thumbs_472855932_1108778857711970_1421132276330191272_n.jpg\"\n               data-image-id=\"7655\"\n               data-title=\"472855932_1108778857711970_1421132276330191272_n\"\n               data-description=\"\"\n               data-image-slug=\"472855932_1108778857711970_1421132276330191272_n\"\n               class=\"ngg-simplelightbox\" rel=\"9df4d0cf79a4221e33d0f170a5acf643\">\n                <img\n                    title=\"472855932_1108778857711970_1421132276330191272_n\"\n                    alt=\"472855932_1108778857711970_1421132276330191272_n\"\n                    src=\"http:\/\/przedszkoletworkow.pl\/wp-content\/gallery\/dfk-jubi\/thumbs\/thumbs_472855932_1108778857711970_1421132276330191272_n.jpg\"\n                    width=\"240\"\n                    height=\"160\"\n                    style=\"max-width:100%;\"\n                \/>\n            <\/a>\n        <\/div>\n\t\t\t\t\t\t\t<\/div> \n\t\t\t\n\t\t\t\t<div id=\"ngg-image-8\" class=\"ngg-gallery-thumbnail-box \" >\n\t\t\t\t        <div class=\"ngg-gallery-thumbnail\">\n            <a href=\"http:\/\/przedszkoletworkow.pl\/wp-content\/gallery\/dfk-jubi\/474467620_912455464425693_2074411927057996676_n.jpg\"\n               title=\"\"\n               data-src=\"http:\/\/przedszkoletworkow.pl\/wp-content\/gallery\/dfk-jubi\/474467620_912455464425693_2074411927057996676_n.jpg\"\n               data-thumbnail=\"http:\/\/przedszkoletworkow.pl\/wp-content\/gallery\/dfk-jubi\/thumbs\/thumbs_474467620_912455464425693_2074411927057996676_n.jpg\"\n               data-image-id=\"7656\"\n               data-title=\"474467620_912455464425693_2074411927057996676_n\"\n               data-description=\"\"\n               data-image-slug=\"474467620_912455464425693_2074411927057996676_n\"\n               class=\"ngg-simplelightbox\" rel=\"9df4d0cf79a4221e33d0f170a5acf643\">\n                <img\n                    title=\"474467620_912455464425693_2074411927057996676_n\"\n                    alt=\"474467620_912455464425693_2074411927057996676_n\"\n                    src=\"http:\/\/przedszkoletworkow.pl\/wp-content\/gallery\/dfk-jubi\/thumbs\/thumbs_474467620_912455464425693_2074411927057996676_n.jpg\"\n                    width=\"240\"\n                    height=\"160\"\n                    style=\"max-width:100%;\"\n                \/>\n            <\/a>\n        <\/div>\n\t\t\t\t\t\t\t<\/div> \n\t\t\t\n\t\n\t<br style=\"clear: both\" \/>\n\n\t\n\t\t<!-- Pagination -->\n\t<div class='ngg-clear'><\/div>\t<\/div>\n\n","protected":false},"excerpt":{"rendered":"<p>15 stycznia w Gminnym Centrum Kultury &#8211; starej roszarni w Tworkowie odby\u0142y si\u0119 uroczysto\u015bci z okazji 35-lecia DFK Twork\u00f3w oraz 30-lecia zespo\u0142u tanecznego \u201eTworkauer Eiche\u201d. DFK Twork\u00f3w, kt\u00f3rego przewodnicz\u0105c\u0105 jest Ma\u0142gorzata Kolonko, zrzesza kilkudziesi\u0119ciu aktywnych cz\u0142onk\u00f3w i wspiera m.in. niemieckoj\u0119zyczny oddzia\u0142 Przedszkola w Tworkowie. Organizacja zarz\u0105dza tak\u017ce Domem Kultury Mniejszo\u015bci [&hellip;]<\/p>\n","protected":false},"author":2,"featured_media":11914,"comment_status":"open","ping_status":"open","sticky":false,"template":"","format":"standard","meta":{"ngg_post_thumbnail":0,"footnotes":""},"categories":[1],"tags":[],"class_list":["post-11902","post","type-post","status-publish","format-standard","has-post-thumbnail","hentry","category-bez-kategorii"],"_links":{"self":[{"href":"http:\/\/przedszkoletworkow.pl\/index.php?rest_route=\/wp\/v2\/posts\/11902","targetHints":{"allow":["GET"]}}],"collection":[{"href":"http:\/\/przedszkoletworkow.pl\/index.php?rest_route=\/wp\/v2\/posts"}],"about":[{"href":"http:\/\/przedszkoletworkow.pl\/index.php?rest_route=\/wp\/v2\/types\/post"}],"author":[{"embeddable":true,"href":"http:\/\/przedszkoletworkow.pl\/index.php?rest_route=\/wp\/v2\/users\/2"}],"replies":[{"embeddable":true,"href":"http:\/\/przedszkoletworkow.pl\/index.php?rest_route=%2Fwp%2Fv2%2Fcomments&post=11902"}],"version-history":[{"count":2,"href":"http:\/\/przedszkoletworkow.pl\/index.php?rest_route=\/wp\/v2\/posts\/11902\/revisions"}],"predecessor-version":[{"id":11944,"href":"http:\/\/przedszkoletworkow.pl\/index.php?rest_route=\/wp\/v2\/posts\/11902\/revisions\/11944"}],"wp:featuredmedia":[{"embeddable":true,"href":"http:\/\/przedszkoletworkow.pl\/index.php?rest_route=\/wp\/v2\/media\/11914"}],"wp:attachment":[{"href":"http:\/\/przedszkoletworkow.pl\/index.php?rest_route=%2Fwp%2Fv2%2Fmedia&parent=11902"}],"wp:term":[{"taxonomy":"category","embeddable":true,"href":"http:\/\/przedszkoletworkow.pl\/index.php?rest_route=%2Fwp%2Fv2%2Fcategories&post=11902"},{"taxonomy":"post_tag","embeddable":true,"href":"http:\/\/przedszkoletworkow.pl\/index.php?rest_route=%2Fwp%2Fv2%2Ftags&post=11902"}],"curies":[{"name":"wp","href":"https:\/\/api.w.org\/{rel}","templated":true}]}}