{"id":11887,"date":"2024-12-23T08:46:53","date_gmt":"2024-12-23T07:46:53","guid":{"rendered":"http:\/\/przedszkoletworkow.pl\/?p=11887"},"modified":"2024-12-23T09:37:51","modified_gmt":"2024-12-23T08:37:51","slug":"przedszkolaki-skladaja-zyczenia","status":"publish","type":"post","link":"http:\/\/przedszkoletworkow.pl\/?p=11887","title":{"rendered":"Przedszkolaki sk\u0142adaj\u0105 \u017cyczenia"},"content":{"rendered":"<p>Tradycj\u0105 w naszym przedszkolu jest, \u017ce przedszkolaki sk\u0142adaj\u0105 \u017cyczenia \u015bwi\u0105teczne w r\u00f3\u017cnych instytucjach znajduj\u0105cych si\u0119 na terenie naszego miasta. W ostatnich dniach wybra\u0142y si\u0119 mi\u0119dzy innymi do Gminnego Zespo\u0142u O\u015bwiaty, O\u015brodka Pomocy Spo\u0142ecznej, Stacji Caritas, Gminnego O\u015brodka Kultury, O\u015brodka Zdrowia<\/p>\n<p>Wr\u0119czaj\u0105c w\u0142asnor\u0119czne zrobione kartki wsz\u0119dzie dzieci spotka\u0142y si\u0119 z&nbsp;bardzo mi\u0142ym i&nbsp;serdecznym przyj\u0119ciem i&nbsp;na&nbsp;pewno sprawi\u0142y wiele rado\u015bci pracownikom<\/p>\n<!-- default-view.php -->\n<div\n\tclass=\"ngg-galleryoverview default-view \"\n\tid=\"ngg-gallery-f64f6aed4e04ec5f0178a91ab31c3a22-1\">\n\n\t\t<!-- Thumbnails -->\n\t\t\t\t<div id=\"ngg-image-0\" class=\"ngg-gallery-thumbnail-box \" >\n\t\t\t\t        <div class=\"ngg-gallery-thumbnail\">\n            <a href=\"http:\/\/przedszkoletworkow.pl\/wp-content\/gallery\/zyczeeee\/467478322_1398267038247828_1690103430855199063_n.jpg\"\n               title=\"\"\n               data-src=\"http:\/\/przedszkoletworkow.pl\/wp-content\/gallery\/zyczeeee\/467478322_1398267038247828_1690103430855199063_n.jpg\"\n               data-thumbnail=\"http:\/\/przedszkoletworkow.pl\/wp-content\/gallery\/zyczeeee\/thumbs\/thumbs_467478322_1398267038247828_1690103430855199063_n.jpg\"\n               data-image-id=\"7635\"\n               data-title=\"467478322_1398267038247828_1690103430855199063_n\"\n               data-description=\"\"\n               data-image-slug=\"467478322_1398267038247828_1690103430855199063_n\"\n               class=\"ngg-simplelightbox\" rel=\"f64f6aed4e04ec5f0178a91ab31c3a22\">\n                <img\n                    title=\"467478322_1398267038247828_1690103430855199063_n\"\n                    alt=\"467478322_1398267038247828_1690103430855199063_n\"\n                    src=\"http:\/\/przedszkoletworkow.pl\/wp-content\/gallery\/zyczeeee\/thumbs\/thumbs_467478322_1398267038247828_1690103430855199063_n.jpg\"\n                    width=\"240\"\n                    height=\"160\"\n                    style=\"max-width:100%;\"\n                \/>\n            <\/a>\n        <\/div>\n\t\t\t\t\t\t\t<\/div> \n\t\t\t\n\t\t\t\t<div id=\"ngg-image-1\" class=\"ngg-gallery-thumbnail-box \" >\n\t\t\t\t        <div class=\"ngg-gallery-thumbnail\">\n            <a href=\"http:\/\/przedszkoletworkow.pl\/wp-content\/gallery\/zyczeeee\/462576387_1982839275562082_2109943946675753215_n.jpg\"\n               title=\"\"\n               data-src=\"http:\/\/przedszkoletworkow.pl\/wp-content\/gallery\/zyczeeee\/462576387_1982839275562082_2109943946675753215_n.jpg\"\n               data-thumbnail=\"http:\/\/przedszkoletworkow.pl\/wp-content\/gallery\/zyczeeee\/thumbs\/thumbs_462576387_1982839275562082_2109943946675753215_n.jpg\"\n               data-image-id=\"7636\"\n               data-title=\"462576387_1982839275562082_2109943946675753215_n\"\n               data-description=\"\"\n               data-image-slug=\"462576387_1982839275562082_2109943946675753215_n\"\n               class=\"ngg-simplelightbox\" rel=\"f64f6aed4e04ec5f0178a91ab31c3a22\">\n                <img\n                    title=\"462576387_1982839275562082_2109943946675753215_n\"\n                    alt=\"462576387_1982839275562082_2109943946675753215_n\"\n                    src=\"http:\/\/przedszkoletworkow.pl\/wp-content\/gallery\/zyczeeee\/thumbs\/thumbs_462576387_1982839275562082_2109943946675753215_n.jpg\"\n                    width=\"240\"\n                    height=\"160\"\n                    style=\"max-width:100%;\"\n                \/>\n            <\/a>\n        <\/div>\n\t\t\t\t\t\t\t<\/div> \n\t\t\t\n\t\t\t\t<div id=\"ngg-image-2\" class=\"ngg-gallery-thumbnail-box \" >\n\t\t\t\t        <div class=\"ngg-gallery-thumbnail\">\n            <a href=\"http:\/\/przedszkoletworkow.pl\/wp-content\/gallery\/zyczeeee\/466883343_800488235552005_6694728507325881266_n.jpg\"\n               title=\"\"\n               data-src=\"http:\/\/przedszkoletworkow.pl\/wp-content\/gallery\/zyczeeee\/466883343_800488235552005_6694728507325881266_n.jpg\"\n               data-thumbnail=\"http:\/\/przedszkoletworkow.pl\/wp-content\/gallery\/zyczeeee\/thumbs\/thumbs_466883343_800488235552005_6694728507325881266_n.jpg\"\n               data-image-id=\"7637\"\n               data-title=\"466883343_800488235552005_6694728507325881266_n\"\n               data-description=\"\"\n               data-image-slug=\"466883343_800488235552005_6694728507325881266_n\"\n               class=\"ngg-simplelightbox\" rel=\"f64f6aed4e04ec5f0178a91ab31c3a22\">\n                <img\n                    title=\"466883343_800488235552005_6694728507325881266_n\"\n                    alt=\"466883343_800488235552005_6694728507325881266_n\"\n                    src=\"http:\/\/przedszkoletworkow.pl\/wp-content\/gallery\/zyczeeee\/thumbs\/thumbs_466883343_800488235552005_6694728507325881266_n.jpg\"\n                    width=\"240\"\n                    height=\"160\"\n                    style=\"max-width:100%;\"\n                \/>\n            <\/a>\n        <\/div>\n\t\t\t\t\t\t\t<\/div> \n\t\t\t\n\t\t\t\t<div id=\"ngg-image-3\" class=\"ngg-gallery-thumbnail-box \" >\n\t\t\t\t        <div class=\"ngg-gallery-thumbnail\">\n            <a href=\"http:\/\/przedszkoletworkow.pl\/wp-content\/gallery\/zyczeeee\/466580729_592621319973403_2014673737320561967_n.jpg\"\n               title=\"\"\n               data-src=\"http:\/\/przedszkoletworkow.pl\/wp-content\/gallery\/zyczeeee\/466580729_592621319973403_2014673737320561967_n.jpg\"\n               data-thumbnail=\"http:\/\/przedszkoletworkow.pl\/wp-content\/gallery\/zyczeeee\/thumbs\/thumbs_466580729_592621319973403_2014673737320561967_n.jpg\"\n               data-image-id=\"7638\"\n               data-title=\"466580729_592621319973403_2014673737320561967_n\"\n               data-description=\"\"\n               data-image-slug=\"466580729_592621319973403_2014673737320561967_n\"\n               class=\"ngg-simplelightbox\" rel=\"f64f6aed4e04ec5f0178a91ab31c3a22\">\n                <img\n                    title=\"466580729_592621319973403_2014673737320561967_n\"\n                    alt=\"466580729_592621319973403_2014673737320561967_n\"\n                    src=\"http:\/\/przedszkoletworkow.pl\/wp-content\/gallery\/zyczeeee\/thumbs\/thumbs_466580729_592621319973403_2014673737320561967_n.jpg\"\n                    width=\"240\"\n                    height=\"160\"\n                    style=\"max-width:100%;\"\n                \/>\n            <\/a>\n        <\/div>\n\t\t\t\t\t\t\t<\/div> \n\t\t\t\n\t\n\t<br style=\"clear: both\" \/>\n\n\t\n\t\t<!-- Pagination -->\n\t<div class='ngg-clear'><\/div>\t<\/div>\n\n","protected":false},"excerpt":{"rendered":"<p>Tradycj\u0105 w naszym przedszkolu jest, \u017ce przedszkolaki sk\u0142adaj\u0105 \u017cyczenia \u015bwi\u0105teczne w r\u00f3\u017cnych instytucjach znajduj\u0105cych si\u0119 na terenie naszego miasta. W ostatnich dniach wybra\u0142y si\u0119 mi\u0119dzy innymi do Gminnego Zespo\u0142u O\u015bwiaty, O\u015brodka Pomocy Spo\u0142ecznej, Stacji Caritas, Gminnego O\u015brodka Kultury, O\u015brodka Zdrowia Wr\u0119czaj\u0105c w\u0142asnor\u0119czne zrobione kartki wsz\u0119dzie dzieci spotka\u0142y si\u0119 z&nbsp;bardzo mi\u0142ym [&hellip;]<\/p>\n","protected":false},"author":2,"featured_media":11893,"comment_status":"open","ping_status":"open","sticky":false,"template":"","format":"standard","meta":{"ngg_post_thumbnail":0,"footnotes":""},"categories":[1],"tags":[],"class_list":["post-11887","post","type-post","status-publish","format-standard","has-post-thumbnail","hentry","category-bez-kategorii"],"_links":{"self":[{"href":"http:\/\/przedszkoletworkow.pl\/index.php?rest_route=\/wp\/v2\/posts\/11887","targetHints":{"allow":["GET"]}}],"collection":[{"href":"http:\/\/przedszkoletworkow.pl\/index.php?rest_route=\/wp\/v2\/posts"}],"about":[{"href":"http:\/\/przedszkoletworkow.pl\/index.php?rest_route=\/wp\/v2\/types\/post"}],"author":[{"embeddable":true,"href":"http:\/\/przedszkoletworkow.pl\/index.php?rest_route=\/wp\/v2\/users\/2"}],"replies":[{"embeddable":true,"href":"http:\/\/przedszkoletworkow.pl\/index.php?rest_route=%2Fwp%2Fv2%2Fcomments&post=11887"}],"version-history":[{"count":2,"href":"http:\/\/przedszkoletworkow.pl\/index.php?rest_route=\/wp\/v2\/posts\/11887\/revisions"}],"predecessor-version":[{"id":11895,"href":"http:\/\/przedszkoletworkow.pl\/index.php?rest_route=\/wp\/v2\/posts\/11887\/revisions\/11895"}],"wp:featuredmedia":[{"embeddable":true,"href":"http:\/\/przedszkoletworkow.pl\/index.php?rest_route=\/wp\/v2\/media\/11893"}],"wp:attachment":[{"href":"http:\/\/przedszkoletworkow.pl\/index.php?rest_route=%2Fwp%2Fv2%2Fmedia&parent=11887"}],"wp:term":[{"taxonomy":"category","embeddable":true,"href":"http:\/\/przedszkoletworkow.pl\/index.php?rest_route=%2Fwp%2Fv2%2Fcategories&post=11887"},{"taxonomy":"post_tag","embeddable":true,"href":"http:\/\/przedszkoletworkow.pl\/index.php?rest_route=%2Fwp%2Fv2%2Ftags&post=11887"}],"curies":[{"name":"wp","href":"https:\/\/api.w.org\/{rel}","templated":true}]}}