{"id":11844,"date":"2024-12-18T10:23:46","date_gmt":"2024-12-18T09:23:46","guid":{"rendered":"http:\/\/przedszkoletworkow.pl\/?p=11844"},"modified":"2024-12-18T10:23:46","modified_gmt":"2024-12-18T09:23:46","slug":"wystepy-dzieci-na-kiermaszu-swiatecznym","status":"publish","type":"post","link":"http:\/\/przedszkoletworkow.pl\/?p=11844","title":{"rendered":"Wyst\u0119py dzieci na Kiermaszu \u015awi\u0105tecznym"},"content":{"rendered":"<p>15 grudnia dziewczynki z grupy Nutki i Skrzaty u\u015bwietni\u0142y swoim wyst\u0119pem Kiermasz \u015awi\u0105teczny &#8211; Weihnachtsmarkt przy Kosciele pw. \u015aw Piotra i Paw\u0142a w Tworkowie zoorganizowany przez Grupa Charytatywn\u0105 z Tworkowa, Rad\u0119 Parafialn\u0105 oraz Rad\u0119 Ekonomiczn\u0105. Dzi\u0119kujemy Pani Bo\u017cenie i pani Ani za przygotowanie dzieci&nbsp; a organizatorom dzi\u0119kujemy za s\u0142odko\u015bci<\/p>\n<div style=\"width: 1024px;\" class=\"wp-video\"><!--[if lt IE 9]><script>document.createElement('video');<\/script><![endif]-->\n<video class=\"wp-video-shortcode\" id=\"video-11844-1\" width=\"1024\" height=\"576\" preload=\"metadata\" controls=\"controls\"><source type=\"video\/mp4\" src=\"http:\/\/przedszkoletworkow.pl\/wp-content\/uploads\/2024\/12\/470279422_8957315057658185_3604356063032453391_n.mp4?_=1\" \/><a href=\"http:\/\/przedszkoletworkow.pl\/wp-content\/uploads\/2024\/12\/470279422_8957315057658185_3604356063032453391_n.mp4\">http:\/\/przedszkoletworkow.pl\/wp-content\/uploads\/2024\/12\/470279422_8957315057658185_3604356063032453391_n.mp4<\/a><\/video><\/div>\n<p>no images were found<\/p>\n\n","protected":false},"excerpt":{"rendered":"<p>15 grudnia dziewczynki z grupy Nutki i Skrzaty u\u015bwietni\u0142y swoim wyst\u0119pem Kiermasz \u015awi\u0105teczny &#8211; Weihnachtsmarkt przy Kosciele pw. \u015aw Piotra i Paw\u0142a w Tworkowie zoorganizowany przez Grupa Charytatywn\u0105 z Tworkowa, Rad\u0119 Parafialn\u0105 oraz Rad\u0119 Ekonomiczn\u0105. Dzi\u0119kujemy Pani Bo\u017cenie i pani Ani za przygotowanie dzieci&nbsp; a organizatorom dzi\u0119kujemy za s\u0142odko\u015bci<\/p>\n","protected":false},"author":2,"featured_media":11847,"comment_status":"open","ping_status":"open","sticky":false,"template":"","format":"standard","meta":{"ngg_post_thumbnail":0,"footnotes":""},"categories":[1],"tags":[],"class_list":["post-11844","post","type-post","status-publish","format-standard","has-post-thumbnail","hentry","category-bez-kategorii"],"_links":{"self":[{"href":"http:\/\/przedszkoletworkow.pl\/index.php?rest_route=\/wp\/v2\/posts\/11844","targetHints":{"allow":["GET"]}}],"collection":[{"href":"http:\/\/przedszkoletworkow.pl\/index.php?rest_route=\/wp\/v2\/posts"}],"about":[{"href":"http:\/\/przedszkoletworkow.pl\/index.php?rest_route=\/wp\/v2\/types\/post"}],"author":[{"embeddable":true,"href":"http:\/\/przedszkoletworkow.pl\/index.php?rest_route=\/wp\/v2\/users\/2"}],"replies":[{"embeddable":true,"href":"http:\/\/przedszkoletworkow.pl\/index.php?rest_route=%2Fwp%2Fv2%2Fcomments&post=11844"}],"version-history":[{"count":1,"href":"http:\/\/przedszkoletworkow.pl\/index.php?rest_route=\/wp\/v2\/posts\/11844\/revisions"}],"predecessor-version":[{"id":11848,"href":"http:\/\/przedszkoletworkow.pl\/index.php?rest_route=\/wp\/v2\/posts\/11844\/revisions\/11848"}],"wp:featuredmedia":[{"embeddable":true,"href":"http:\/\/przedszkoletworkow.pl\/index.php?rest_route=\/wp\/v2\/media\/11847"}],"wp:attachment":[{"href":"http:\/\/przedszkoletworkow.pl\/index.php?rest_route=%2Fwp%2Fv2%2Fmedia&parent=11844"}],"wp:term":[{"taxonomy":"category","embeddable":true,"href":"http:\/\/przedszkoletworkow.pl\/index.php?rest_route=%2Fwp%2Fv2%2Fcategories&post=11844"},{"taxonomy":"post_tag","embeddable":true,"href":"http:\/\/przedszkoletworkow.pl\/index.php?rest_route=%2Fwp%2Fv2%2Ftags&post=11844"}],"curies":[{"name":"wp","href":"https:\/\/api.w.org\/{rel}","templated":true}]}}