{"id":11836,"date":"2024-12-13T19:10:25","date_gmt":"2024-12-13T18:10:25","guid":{"rendered":"http:\/\/przedszkoletworkow.pl\/?p=11836"},"modified":"2024-12-14T19:14:35","modified_gmt":"2024-12-14T18:14:35","slug":"wszyscy-wszystkim-sla-zyczenia","status":"publish","type":"post","link":"http:\/\/przedszkoletworkow.pl\/?p=11836","title":{"rendered":"Wszyscy wszystkim \u015bl\u0105 \u017cyczenia"},"content":{"rendered":"<p>13 grudnia nasze Przedszkole odwiedzili przedsztawiciele Samorz\u0105du Uczniowskiego razem z opiekunem Iwona W\u0105do\u0142owsk\u0105 by w imieniu swoim i wszystkich pracownik\u00f3w i dzieci z Szko\u0142y Podstawowej z Tworkowa z\u0142o\u017cy\u0107 ca\u0142ej spo\u0142eczno\u015bci przedszkolnej \u017cyczenia \u015bwi\u0105teczne. Bardzo dzi\u0119kujemy za mi\u0142\u0105 wizyt\u0119<\/p>\n<!-- default-view.php -->\n<div\n\tclass=\"ngg-galleryoverview default-view \"\n\tid=\"ngg-gallery-59924822154e4b087605556a9228ab20-1\">\n\n\t\t<!-- Thumbnails -->\n\t\t\t\t<div id=\"ngg-image-0\" class=\"ngg-gallery-thumbnail-box \" >\n\t\t\t\t        <div class=\"ngg-gallery-thumbnail\">\n            <a href=\"http:\/\/przedszkoletworkow.pl\/wp-content\/gallery\/zycz-1\/467147588_892990019658531_7540879164948954072_n.jpg\"\n               title=\"\"\n               data-src=\"http:\/\/przedszkoletworkow.pl\/wp-content\/gallery\/zycz-1\/467147588_892990019658531_7540879164948954072_n.jpg\"\n               data-thumbnail=\"http:\/\/przedszkoletworkow.pl\/wp-content\/gallery\/zycz-1\/thumbs\/thumbs_467147588_892990019658531_7540879164948954072_n.jpg\"\n               data-image-id=\"7602\"\n               data-title=\"467147588_892990019658531_7540879164948954072_n\"\n               data-description=\"\"\n               data-image-slug=\"467147588_892990019658531_7540879164948954072_n\"\n               class=\"ngg-simplelightbox\" rel=\"59924822154e4b087605556a9228ab20\">\n                <img\n                    title=\"467147588_892990019658531_7540879164948954072_n\"\n                    alt=\"467147588_892990019658531_7540879164948954072_n\"\n                    src=\"http:\/\/przedszkoletworkow.pl\/wp-content\/gallery\/zycz-1\/thumbs\/thumbs_467147588_892990019658531_7540879164948954072_n.jpg\"\n                    width=\"240\"\n                    height=\"160\"\n                    style=\"max-width:100%;\"\n                \/>\n            <\/a>\n        <\/div>\n\t\t\t\t\t\t\t<\/div> \n\t\t\t\n\t\t\t\t<div id=\"ngg-image-1\" class=\"ngg-gallery-thumbnail-box \" >\n\t\t\t\t        <div class=\"ngg-gallery-thumbnail\">\n            <a href=\"http:\/\/przedszkoletworkow.pl\/wp-content\/gallery\/zycz-1\/462567593_3902648936636159_8464809549270749070_n.jpg\"\n               title=\"\"\n               data-src=\"http:\/\/przedszkoletworkow.pl\/wp-content\/gallery\/zycz-1\/462567593_3902648936636159_8464809549270749070_n.jpg\"\n               data-thumbnail=\"http:\/\/przedszkoletworkow.pl\/wp-content\/gallery\/zycz-1\/thumbs\/thumbs_462567593_3902648936636159_8464809549270749070_n.jpg\"\n               data-image-id=\"7603\"\n               data-title=\"462567593_3902648936636159_8464809549270749070_n\"\n               data-description=\"\"\n               data-image-slug=\"462567593_3902648936636159_8464809549270749070_n\"\n               class=\"ngg-simplelightbox\" rel=\"59924822154e4b087605556a9228ab20\">\n                <img\n                    title=\"462567593_3902648936636159_8464809549270749070_n\"\n                    alt=\"462567593_3902648936636159_8464809549270749070_n\"\n                    src=\"http:\/\/przedszkoletworkow.pl\/wp-content\/gallery\/zycz-1\/thumbs\/thumbs_462567593_3902648936636159_8464809549270749070_n.jpg\"\n                    width=\"240\"\n                    height=\"160\"\n                    style=\"max-width:100%;\"\n                \/>\n            <\/a>\n        <\/div>\n\t\t\t\t\t\t\t<\/div> \n\t\t\t\n\t\t\t\t<div id=\"ngg-image-2\" class=\"ngg-gallery-thumbnail-box \" >\n\t\t\t\t        <div class=\"ngg-gallery-thumbnail\">\n            <a href=\"http:\/\/przedszkoletworkow.pl\/wp-content\/gallery\/zycz-1\/467340107_566199792960061_3852209202592285270_n.jpg\"\n               title=\"\"\n               data-src=\"http:\/\/przedszkoletworkow.pl\/wp-content\/gallery\/zycz-1\/467340107_566199792960061_3852209202592285270_n.jpg\"\n               data-thumbnail=\"http:\/\/przedszkoletworkow.pl\/wp-content\/gallery\/zycz-1\/thumbs\/thumbs_467340107_566199792960061_3852209202592285270_n.jpg\"\n               data-image-id=\"7604\"\n               data-title=\"467340107_566199792960061_3852209202592285270_n\"\n               data-description=\"\"\n               data-image-slug=\"467340107_566199792960061_3852209202592285270_n\"\n               class=\"ngg-simplelightbox\" rel=\"59924822154e4b087605556a9228ab20\">\n                <img\n                    title=\"467340107_566199792960061_3852209202592285270_n\"\n                    alt=\"467340107_566199792960061_3852209202592285270_n\"\n                    src=\"http:\/\/przedszkoletworkow.pl\/wp-content\/gallery\/zycz-1\/thumbs\/thumbs_467340107_566199792960061_3852209202592285270_n.jpg\"\n                    width=\"240\"\n                    height=\"160\"\n                    style=\"max-width:100%;\"\n                \/>\n            <\/a>\n        <\/div>\n\t\t\t\t\t\t\t<\/div> \n\t\t\t\n\t\t\t\t<div id=\"ngg-image-3\" class=\"ngg-gallery-thumbnail-box \" >\n\t\t\t\t        <div class=\"ngg-gallery-thumbnail\">\n            <a href=\"http:\/\/przedszkoletworkow.pl\/wp-content\/gallery\/zycz-1\/467476867_1358596855302842_6820522185696445185_n.jpg\"\n               title=\"\"\n               data-src=\"http:\/\/przedszkoletworkow.pl\/wp-content\/gallery\/zycz-1\/467476867_1358596855302842_6820522185696445185_n.jpg\"\n               data-thumbnail=\"http:\/\/przedszkoletworkow.pl\/wp-content\/gallery\/zycz-1\/thumbs\/thumbs_467476867_1358596855302842_6820522185696445185_n.jpg\"\n               data-image-id=\"7605\"\n               data-title=\"467476867_1358596855302842_6820522185696445185_n\"\n               data-description=\"\"\n               data-image-slug=\"467476867_1358596855302842_6820522185696445185_n\"\n               class=\"ngg-simplelightbox\" rel=\"59924822154e4b087605556a9228ab20\">\n                <img\n                    title=\"467476867_1358596855302842_6820522185696445185_n\"\n                    alt=\"467476867_1358596855302842_6820522185696445185_n\"\n                    src=\"http:\/\/przedszkoletworkow.pl\/wp-content\/gallery\/zycz-1\/thumbs\/thumbs_467476867_1358596855302842_6820522185696445185_n.jpg\"\n                    width=\"240\"\n                    height=\"160\"\n                    style=\"max-width:100%;\"\n                \/>\n            <\/a>\n        <\/div>\n\t\t\t\t\t\t\t<\/div> \n\t\t\t\n\t\n\t<br style=\"clear: both\" \/>\n\n\t\n\t\t<!-- Pagination -->\n\t<div class='ngg-clear'><\/div>\t<\/div>\n\n","protected":false},"excerpt":{"rendered":"<p>13 grudnia nasze Przedszkole odwiedzili przedsztawiciele Samorz\u0105du Uczniowskiego razem z opiekunem Iwona W\u0105do\u0142owsk\u0105 by w imieniu swoim i wszystkich pracownik\u00f3w i dzieci z Szko\u0142y Podstawowej z Tworkowa z\u0142o\u017cy\u0107 ca\u0142ej spo\u0142eczno\u015bci przedszkolnej \u017cyczenia \u015bwi\u0105teczne. Bardzo dzi\u0119kujemy za mi\u0142\u0105 wizyt\u0119<\/p>\n","protected":false},"author":2,"featured_media":11842,"comment_status":"open","ping_status":"open","sticky":false,"template":"","format":"standard","meta":{"ngg_post_thumbnail":0,"footnotes":""},"categories":[1],"tags":[],"class_list":["post-11836","post","type-post","status-publish","format-standard","has-post-thumbnail","hentry","category-bez-kategorii"],"_links":{"self":[{"href":"http:\/\/przedszkoletworkow.pl\/index.php?rest_route=\/wp\/v2\/posts\/11836","targetHints":{"allow":["GET"]}}],"collection":[{"href":"http:\/\/przedszkoletworkow.pl\/index.php?rest_route=\/wp\/v2\/posts"}],"about":[{"href":"http:\/\/przedszkoletworkow.pl\/index.php?rest_route=\/wp\/v2\/types\/post"}],"author":[{"embeddable":true,"href":"http:\/\/przedszkoletworkow.pl\/index.php?rest_route=\/wp\/v2\/users\/2"}],"replies":[{"embeddable":true,"href":"http:\/\/przedszkoletworkow.pl\/index.php?rest_route=%2Fwp%2Fv2%2Fcomments&post=11836"}],"version-history":[{"count":1,"href":"http:\/\/przedszkoletworkow.pl\/index.php?rest_route=\/wp\/v2\/posts\/11836\/revisions"}],"predecessor-version":[{"id":11843,"href":"http:\/\/przedszkoletworkow.pl\/index.php?rest_route=\/wp\/v2\/posts\/11836\/revisions\/11843"}],"wp:featuredmedia":[{"embeddable":true,"href":"http:\/\/przedszkoletworkow.pl\/index.php?rest_route=\/wp\/v2\/media\/11842"}],"wp:attachment":[{"href":"http:\/\/przedszkoletworkow.pl\/index.php?rest_route=%2Fwp%2Fv2%2Fmedia&parent=11836"}],"wp:term":[{"taxonomy":"category","embeddable":true,"href":"http:\/\/przedszkoletworkow.pl\/index.php?rest_route=%2Fwp%2Fv2%2Fcategories&post=11836"},{"taxonomy":"post_tag","embeddable":true,"href":"http:\/\/przedszkoletworkow.pl\/index.php?rest_route=%2Fwp%2Fv2%2Ftags&post=11836"}],"curies":[{"name":"wp","href":"https:\/\/api.w.org\/{rel}","templated":true}]}}