{"id":11805,"date":"2024-12-11T18:22:05","date_gmt":"2024-12-11T17:22:05","guid":{"rendered":"http:\/\/przedszkoletworkow.pl\/?p=11805"},"modified":"2024-12-14T18:28:27","modified_gmt":"2024-12-14T17:28:27","slug":"11805","status":"publish","type":"post","link":"http:\/\/przedszkoletworkow.pl\/?p=11805","title":{"rendered":"Jubileuszowy Gminny Przegl\u0105d Kol\u0119d i Pastora\u0142ek &#8222;\u015awi\u0119ta z Kol\u0119d\u0105 &#8211; Weihnachten mit Weihnachstliedern&#8221;"},"content":{"rendered":"<p>11 grudnia odby\u0142 si\u0119 XX Gminny Przegl\u0105d Kol\u0119d i Pastora\u0142ek &#8222;\u015awi\u0119ta z Kol\u0119d\u0105 &#8211; Weihnachten mit Weihnachstliedern&#8221;! W jury zasiedli Zuzanna Ortmans, Jan Goldman oraz B\u0142a\u017cej Klimaszka. Pani Sabina Ciuraszkiewicz Dyrektor Gminnego O\u015brodka Kutury przywita\u0142a wszystkich uczestnik\u00f3w.<\/p>\n<p>Nasze Przedszkole reprezentowa\u0142y:<\/p>\n<p>Grupa Skrzaty<\/p>\n<p>Karolina, Jagoda, Laura, Zuzanna&nbsp;<\/p>\n<p>Grupa Nutki<\/p>\n<p>Klara, Alicja Nowak, Liwia&nbsp;<\/p>\n<p>Za spraw\u0105 przepi\u0119knie wykonanych kol\u0119d i pastora\u0142ek poczuli\u015bmy magi\u0119 \u015bwi\u0105t Bo\u017cego Narodzenia.<\/p>\n<!-- default-view.php -->\n<div\n\tclass=\"ngg-galleryoverview default-view \"\n\tid=\"ngg-gallery-6af66a2fcb4775d3981b25a331d46d87-1\">\n\n\t\t<!-- Thumbnails -->\n\t\t\t\t<div id=\"ngg-image-0\" class=\"ngg-gallery-thumbnail-box \" >\n\t\t\t\t        <div class=\"ngg-gallery-thumbnail\">\n            <a href=\"http:\/\/przedszkoletworkow.pl\/wp-content\/gallery\/kole\/466976094_2395589867490545_1297078871908135697_n.jpg\"\n               title=\"\"\n               data-src=\"http:\/\/przedszkoletworkow.pl\/wp-content\/gallery\/kole\/466976094_2395589867490545_1297078871908135697_n.jpg\"\n               data-thumbnail=\"http:\/\/przedszkoletworkow.pl\/wp-content\/gallery\/kole\/thumbs\/thumbs_466976094_2395589867490545_1297078871908135697_n.jpg\"\n               data-image-id=\"7590\"\n               data-title=\"466976094_2395589867490545_1297078871908135697_n\"\n               data-description=\"\"\n               data-image-slug=\"466976094_2395589867490545_1297078871908135697_n\"\n               class=\"ngg-simplelightbox\" rel=\"6af66a2fcb4775d3981b25a331d46d87\">\n                <img\n                    title=\"466976094_2395589867490545_1297078871908135697_n\"\n                    alt=\"466976094_2395589867490545_1297078871908135697_n\"\n                    src=\"http:\/\/przedszkoletworkow.pl\/wp-content\/gallery\/kole\/thumbs\/thumbs_466976094_2395589867490545_1297078871908135697_n.jpg\"\n                    width=\"240\"\n                    height=\"160\"\n                    style=\"max-width:100%;\"\n                \/>\n            <\/a>\n        <\/div>\n\t\t\t\t\t\t\t<\/div> \n\t\t\t\n\t\t\t\t<div id=\"ngg-image-1\" class=\"ngg-gallery-thumbnail-box \" >\n\t\t\t\t        <div class=\"ngg-gallery-thumbnail\">\n            <a href=\"http:\/\/przedszkoletworkow.pl\/wp-content\/gallery\/kole\/467478305_1014966670675689_4828570522423040872_n.jpg\"\n               title=\"\"\n               data-src=\"http:\/\/przedszkoletworkow.pl\/wp-content\/gallery\/kole\/467478305_1014966670675689_4828570522423040872_n.jpg\"\n               data-thumbnail=\"http:\/\/przedszkoletworkow.pl\/wp-content\/gallery\/kole\/thumbs\/thumbs_467478305_1014966670675689_4828570522423040872_n.jpg\"\n               data-image-id=\"7591\"\n               data-title=\"467478305_1014966670675689_4828570522423040872_n\"\n               data-description=\"\"\n               data-image-slug=\"467478305_1014966670675689_4828570522423040872_n\"\n               class=\"ngg-simplelightbox\" rel=\"6af66a2fcb4775d3981b25a331d46d87\">\n                <img\n                    title=\"467478305_1014966670675689_4828570522423040872_n\"\n                    alt=\"467478305_1014966670675689_4828570522423040872_n\"\n                    src=\"http:\/\/przedszkoletworkow.pl\/wp-content\/gallery\/kole\/thumbs\/thumbs_467478305_1014966670675689_4828570522423040872_n.jpg\"\n                    width=\"240\"\n                    height=\"160\"\n                    style=\"max-width:100%;\"\n                \/>\n            <\/a>\n        <\/div>\n\t\t\t\t\t\t\t<\/div> \n\t\t\t\n\t\t\t\t<div id=\"ngg-image-2\" class=\"ngg-gallery-thumbnail-box \" >\n\t\t\t\t        <div class=\"ngg-gallery-thumbnail\">\n            <a href=\"http:\/\/przedszkoletworkow.pl\/wp-content\/gallery\/kole\/467267278_585455820922772_992241348457645934_n.jpg\"\n               title=\"\"\n               data-src=\"http:\/\/przedszkoletworkow.pl\/wp-content\/gallery\/kole\/467267278_585455820922772_992241348457645934_n.jpg\"\n               data-thumbnail=\"http:\/\/przedszkoletworkow.pl\/wp-content\/gallery\/kole\/thumbs\/thumbs_467267278_585455820922772_992241348457645934_n.jpg\"\n               data-image-id=\"7592\"\n               data-title=\"467267278_585455820922772_992241348457645934_n\"\n               data-description=\"\"\n               data-image-slug=\"467267278_585455820922772_992241348457645934_n\"\n               class=\"ngg-simplelightbox\" rel=\"6af66a2fcb4775d3981b25a331d46d87\">\n                <img\n                    title=\"467267278_585455820922772_992241348457645934_n\"\n                    alt=\"467267278_585455820922772_992241348457645934_n\"\n                    src=\"http:\/\/przedszkoletworkow.pl\/wp-content\/gallery\/kole\/thumbs\/thumbs_467267278_585455820922772_992241348457645934_n.jpg\"\n                    width=\"240\"\n                    height=\"160\"\n                    style=\"max-width:100%;\"\n                \/>\n            <\/a>\n        <\/div>\n\t\t\t\t\t\t\t<\/div> \n\t\t\t\n\t\t\t\t<div id=\"ngg-image-3\" class=\"ngg-gallery-thumbnail-box \" >\n\t\t\t\t        <div class=\"ngg-gallery-thumbnail\">\n            <a href=\"http:\/\/przedszkoletworkow.pl\/wp-content\/gallery\/kole\/469862030_895377462768435_3787686726300860132_n.jpg\"\n               title=\"\"\n               data-src=\"http:\/\/przedszkoletworkow.pl\/wp-content\/gallery\/kole\/469862030_895377462768435_3787686726300860132_n.jpg\"\n               data-thumbnail=\"http:\/\/przedszkoletworkow.pl\/wp-content\/gallery\/kole\/thumbs\/thumbs_469862030_895377462768435_3787686726300860132_n.jpg\"\n               data-image-id=\"7593\"\n               data-title=\"469862030_895377462768435_3787686726300860132_n\"\n               data-description=\"\"\n               data-image-slug=\"469862030_895377462768435_3787686726300860132_n\"\n               class=\"ngg-simplelightbox\" rel=\"6af66a2fcb4775d3981b25a331d46d87\">\n                <img\n                    title=\"469862030_895377462768435_3787686726300860132_n\"\n                    alt=\"469862030_895377462768435_3787686726300860132_n\"\n                    src=\"http:\/\/przedszkoletworkow.pl\/wp-content\/gallery\/kole\/thumbs\/thumbs_469862030_895377462768435_3787686726300860132_n.jpg\"\n                    width=\"240\"\n                    height=\"160\"\n                    style=\"max-width:100%;\"\n                \/>\n            <\/a>\n        <\/div>\n\t\t\t\t\t\t\t<\/div> \n\t\t\t\n\t\n\t<br style=\"clear: both\" \/>\n\n\t\n\t\t<!-- Pagination -->\n\t<div class='ngg-clear'><\/div>\t<\/div>\n\n","protected":false},"excerpt":{"rendered":"<p>11 grudnia odby\u0142 si\u0119 XX Gminny Przegl\u0105d Kol\u0119d i Pastora\u0142ek &#8222;\u015awi\u0119ta z Kol\u0119d\u0105 &#8211; Weihnachten mit Weihnachstliedern&#8221;! W jury zasiedli Zuzanna Ortmans, Jan Goldman oraz B\u0142a\u017cej Klimaszka. Pani Sabina Ciuraszkiewicz Dyrektor Gminnego O\u015brodka Kutury przywita\u0142a wszystkich uczestnik\u00f3w. Nasze Przedszkole reprezentowa\u0142y: Grupa Skrzaty Karolina, Jagoda, Laura, Zuzanna&nbsp; Grupa Nutki Klara, Alicja [&hellip;]<\/p>\n","protected":false},"author":2,"featured_media":11811,"comment_status":"open","ping_status":"open","sticky":false,"template":"","format":"standard","meta":{"ngg_post_thumbnail":0,"footnotes":""},"categories":[1],"tags":[],"class_list":["post-11805","post","type-post","status-publish","format-standard","has-post-thumbnail","hentry","category-bez-kategorii"],"_links":{"self":[{"href":"http:\/\/przedszkoletworkow.pl\/index.php?rest_route=\/wp\/v2\/posts\/11805","targetHints":{"allow":["GET"]}}],"collection":[{"href":"http:\/\/przedszkoletworkow.pl\/index.php?rest_route=\/wp\/v2\/posts"}],"about":[{"href":"http:\/\/przedszkoletworkow.pl\/index.php?rest_route=\/wp\/v2\/types\/post"}],"author":[{"embeddable":true,"href":"http:\/\/przedszkoletworkow.pl\/index.php?rest_route=\/wp\/v2\/users\/2"}],"replies":[{"embeddable":true,"href":"http:\/\/przedszkoletworkow.pl\/index.php?rest_route=%2Fwp%2Fv2%2Fcomments&post=11805"}],"version-history":[{"count":5,"href":"http:\/\/przedszkoletworkow.pl\/index.php?rest_route=\/wp\/v2\/posts\/11805\/revisions"}],"predecessor-version":[{"id":11816,"href":"http:\/\/przedszkoletworkow.pl\/index.php?rest_route=\/wp\/v2\/posts\/11805\/revisions\/11816"}],"wp:featuredmedia":[{"embeddable":true,"href":"http:\/\/przedszkoletworkow.pl\/index.php?rest_route=\/wp\/v2\/media\/11811"}],"wp:attachment":[{"href":"http:\/\/przedszkoletworkow.pl\/index.php?rest_route=%2Fwp%2Fv2%2Fmedia&parent=11805"}],"wp:term":[{"taxonomy":"category","embeddable":true,"href":"http:\/\/przedszkoletworkow.pl\/index.php?rest_route=%2Fwp%2Fv2%2Fcategories&post=11805"},{"taxonomy":"post_tag","embeddable":true,"href":"http:\/\/przedszkoletworkow.pl\/index.php?rest_route=%2Fwp%2Fv2%2Ftags&post=11805"}],"curies":[{"name":"wp","href":"https:\/\/api.w.org\/{rel}","templated":true}]}}