{"id":11778,"date":"2024-12-12T17:46:25","date_gmt":"2024-12-12T16:46:25","guid":{"rendered":"http:\/\/przedszkoletworkow.pl\/?p=11778"},"modified":"2024-12-14T17:49:52","modified_gmt":"2024-12-14T16:49:52","slug":"radosne-koledowanie-w-zlobku","status":"publish","type":"post","link":"http:\/\/przedszkoletworkow.pl\/?p=11778","title":{"rendered":"Radosne kol\u0119dowanie w \u017b\u0142obku"},"content":{"rendered":"<p>Dnia 12 grudnia 2024 w naszym \u017b\u0142obku odby\u0142o si\u0119 spotkanie \u015bwi\u0105teczne \u2013 Biesiada Kol\u0119dowa dla dzieci, rodzic\u00f3w i dziadk\u00f3w i zaproszonych go\u015bci. Wszyscy w to zimowe popo\u0142udnie spotkali si\u0119 w sali Gminnego Centrum Kultury aby obejrze\u0107 przedstawienie w wykonaniu naszych \u017c\u0142obkowicz\u00f3w.<\/p>\n<p>Pi\u0119kna sceneria sali wszystkich wprowadzi\u0142a w \u015bwi\u0105teczny nastr\u00f3j. Maluchy z rado\u015bci\u0105 prezentowa\u0142y swoje umiej\u0119tno\u015bci, \u015bpiewa\u0142y oraz ta\u0144czy\u0142y do przygotowanych piosenek. Przedstawienie by\u0142o du\u017cym prze\u017cyciem dla m\u0142odych wykonawc\u00f3w oraz zosta\u0142o nagrodzone gromkimi brawami.<\/p>\n<p>Zaproszeni go\u015bcie \u2013 Pani Anita Wolek w imieniu W\u00f3jta Gminy Krzy\u017canowice \u2013 Pana Grzegorza Utrackiego z\u0142o\u017cy\u0142a wszystkim obecnym \u015bwi\u0105teczne \u017cyczenia a dzieciom wr\u0119czy\u0142a s\u0142odkie upominki. Pani Sabina Ciuraszkiewicz r\u00f3wnie\u017c \u017cyczy\u0142a spokojnych, rodzinnych \u015bwi\u0105t i obdarowa\u0142a naszych artyst\u00f3w s\u0142odko\u015bciami i \u015bwi\u0105tecznymi ozdobami. Dzi\u0119kujemy<\/p>\n<!-- default-view.php -->\n<div\n\tclass=\"ngg-galleryoverview default-view \"\n\tid=\"ngg-gallery-bf815dae9116155ef1617bf4513dec44-1\">\n\n\t\t<!-- Thumbnails -->\n\t\t\t\t<div id=\"ngg-image-0\" class=\"ngg-gallery-thumbnail-box \" >\n\t\t\t\t        <div class=\"ngg-gallery-thumbnail\">\n            <a href=\"http:\/\/przedszkoletworkow.pl\/wp-content\/gallery\/radosne\/462562995_1638716420390197_9219680404598392097_n.jpg\"\n               title=\"\"\n               data-src=\"http:\/\/przedszkoletworkow.pl\/wp-content\/gallery\/radosne\/462562995_1638716420390197_9219680404598392097_n.jpg\"\n               data-thumbnail=\"http:\/\/przedszkoletworkow.pl\/wp-content\/gallery\/radosne\/thumbs\/thumbs_462562995_1638716420390197_9219680404598392097_n.jpg\"\n               data-image-id=\"7572\"\n               data-title=\"462562995_1638716420390197_9219680404598392097_n\"\n               data-description=\"\"\n               data-image-slug=\"462562995_1638716420390197_9219680404598392097_n\"\n               class=\"ngg-simplelightbox\" rel=\"bf815dae9116155ef1617bf4513dec44\">\n                <img\n                    title=\"462562995_1638716420390197_9219680404598392097_n\"\n                    alt=\"462562995_1638716420390197_9219680404598392097_n\"\n                    src=\"http:\/\/przedszkoletworkow.pl\/wp-content\/gallery\/radosne\/thumbs\/thumbs_462562995_1638716420390197_9219680404598392097_n.jpg\"\n                    width=\"240\"\n                    height=\"160\"\n                    style=\"max-width:100%;\"\n                \/>\n            <\/a>\n        <\/div>\n\t\t\t\t\t\t\t<\/div> \n\t\t\t\n\t\t\t\t<div id=\"ngg-image-1\" class=\"ngg-gallery-thumbnail-box \" >\n\t\t\t\t        <div class=\"ngg-gallery-thumbnail\">\n            <a href=\"http:\/\/przedszkoletworkow.pl\/wp-content\/gallery\/radosne\/467480032_931493112281459_1374509790820551038_n.jpg\"\n               title=\"\"\n               data-src=\"http:\/\/przedszkoletworkow.pl\/wp-content\/gallery\/radosne\/467480032_931493112281459_1374509790820551038_n.jpg\"\n               data-thumbnail=\"http:\/\/przedszkoletworkow.pl\/wp-content\/gallery\/radosne\/thumbs\/thumbs_467480032_931493112281459_1374509790820551038_n.jpg\"\n               data-image-id=\"7573\"\n               data-title=\"467480032_931493112281459_1374509790820551038_n\"\n               data-description=\"\"\n               data-image-slug=\"467480032_931493112281459_1374509790820551038_n\"\n               class=\"ngg-simplelightbox\" rel=\"bf815dae9116155ef1617bf4513dec44\">\n                <img\n                    title=\"467480032_931493112281459_1374509790820551038_n\"\n                    alt=\"467480032_931493112281459_1374509790820551038_n\"\n                    src=\"http:\/\/przedszkoletworkow.pl\/wp-content\/gallery\/radosne\/thumbs\/thumbs_467480032_931493112281459_1374509790820551038_n.jpg\"\n                    width=\"240\"\n                    height=\"160\"\n                    style=\"max-width:100%;\"\n                \/>\n            <\/a>\n        <\/div>\n\t\t\t\t\t\t\t<\/div> \n\t\t\t\n\t\t\t\t<div id=\"ngg-image-2\" class=\"ngg-gallery-thumbnail-box \" >\n\t\t\t\t        <div class=\"ngg-gallery-thumbnail\">\n            <a href=\"http:\/\/przedszkoletworkow.pl\/wp-content\/gallery\/radosne\/462564089_1278837473356651_1546977583227578147_n.jpg\"\n               title=\"\"\n               data-src=\"http:\/\/przedszkoletworkow.pl\/wp-content\/gallery\/radosne\/462564089_1278837473356651_1546977583227578147_n.jpg\"\n               data-thumbnail=\"http:\/\/przedszkoletworkow.pl\/wp-content\/gallery\/radosne\/thumbs\/thumbs_462564089_1278837473356651_1546977583227578147_n.jpg\"\n               data-image-id=\"7574\"\n               data-title=\"462564089_1278837473356651_1546977583227578147_n\"\n               data-description=\"\"\n               data-image-slug=\"462564089_1278837473356651_1546977583227578147_n\"\n               class=\"ngg-simplelightbox\" rel=\"bf815dae9116155ef1617bf4513dec44\">\n                <img\n                    title=\"462564089_1278837473356651_1546977583227578147_n\"\n                    alt=\"462564089_1278837473356651_1546977583227578147_n\"\n                    src=\"http:\/\/przedszkoletworkow.pl\/wp-content\/gallery\/radosne\/thumbs\/thumbs_462564089_1278837473356651_1546977583227578147_n.jpg\"\n                    width=\"240\"\n                    height=\"160\"\n                    style=\"max-width:100%;\"\n                \/>\n            <\/a>\n        <\/div>\n\t\t\t\t\t\t\t<\/div> \n\t\t\t\n\t\t\t\t<div id=\"ngg-image-3\" class=\"ngg-gallery-thumbnail-box \" >\n\t\t\t\t        <div class=\"ngg-gallery-thumbnail\">\n            <a href=\"http:\/\/przedszkoletworkow.pl\/wp-content\/gallery\/radosne\/465967041_9253094831415041_8936741318914604555_n.jpg\"\n               title=\"\"\n               data-src=\"http:\/\/przedszkoletworkow.pl\/wp-content\/gallery\/radosne\/465967041_9253094831415041_8936741318914604555_n.jpg\"\n               data-thumbnail=\"http:\/\/przedszkoletworkow.pl\/wp-content\/gallery\/radosne\/thumbs\/thumbs_465967041_9253094831415041_8936741318914604555_n.jpg\"\n               data-image-id=\"7575\"\n               data-title=\"465967041_9253094831415041_8936741318914604555_n\"\n               data-description=\"\"\n               data-image-slug=\"465967041_9253094831415041_8936741318914604555_n\"\n               class=\"ngg-simplelightbox\" rel=\"bf815dae9116155ef1617bf4513dec44\">\n                <img\n                    title=\"465967041_9253094831415041_8936741318914604555_n\"\n                    alt=\"465967041_9253094831415041_8936741318914604555_n\"\n                    src=\"http:\/\/przedszkoletworkow.pl\/wp-content\/gallery\/radosne\/thumbs\/thumbs_465967041_9253094831415041_8936741318914604555_n.jpg\"\n                    width=\"240\"\n                    height=\"160\"\n                    style=\"max-width:100%;\"\n                \/>\n            <\/a>\n        <\/div>\n\t\t\t\t\t\t\t<\/div> \n\t\t\t\n\t\t\t\t<div id=\"ngg-image-4\" class=\"ngg-gallery-thumbnail-box \" >\n\t\t\t\t        <div class=\"ngg-gallery-thumbnail\">\n            <a href=\"http:\/\/przedszkoletworkow.pl\/wp-content\/gallery\/radosne\/467471262_985302323640478_6451900303730170617_n.jpg\"\n               title=\"\"\n               data-src=\"http:\/\/przedszkoletworkow.pl\/wp-content\/gallery\/radosne\/467471262_985302323640478_6451900303730170617_n.jpg\"\n               data-thumbnail=\"http:\/\/przedszkoletworkow.pl\/wp-content\/gallery\/radosne\/thumbs\/thumbs_467471262_985302323640478_6451900303730170617_n.jpg\"\n               data-image-id=\"7576\"\n               data-title=\"467471262_985302323640478_6451900303730170617_n\"\n               data-description=\"\"\n               data-image-slug=\"467471262_985302323640478_6451900303730170617_n\"\n               class=\"ngg-simplelightbox\" rel=\"bf815dae9116155ef1617bf4513dec44\">\n                <img\n                    title=\"467471262_985302323640478_6451900303730170617_n\"\n                    alt=\"467471262_985302323640478_6451900303730170617_n\"\n                    src=\"http:\/\/przedszkoletworkow.pl\/wp-content\/gallery\/radosne\/thumbs\/thumbs_467471262_985302323640478_6451900303730170617_n.jpg\"\n                    width=\"240\"\n                    height=\"160\"\n                    style=\"max-width:100%;\"\n                \/>\n            <\/a>\n        <\/div>\n\t\t\t\t\t\t\t<\/div> \n\t\t\t\n\t\t\t\t<div id=\"ngg-image-5\" class=\"ngg-gallery-thumbnail-box \" >\n\t\t\t\t        <div class=\"ngg-gallery-thumbnail\">\n            <a href=\"http:\/\/przedszkoletworkow.pl\/wp-content\/gallery\/radosne\/467144968_3968149960127852_1380395659252035490_n.jpg\"\n               title=\"\"\n               data-src=\"http:\/\/przedszkoletworkow.pl\/wp-content\/gallery\/radosne\/467144968_3968149960127852_1380395659252035490_n.jpg\"\n               data-thumbnail=\"http:\/\/przedszkoletworkow.pl\/wp-content\/gallery\/radosne\/thumbs\/thumbs_467144968_3968149960127852_1380395659252035490_n.jpg\"\n               data-image-id=\"7577\"\n               data-title=\"467144968_3968149960127852_1380395659252035490_n\"\n               data-description=\"\"\n               data-image-slug=\"467144968_3968149960127852_1380395659252035490_n\"\n               class=\"ngg-simplelightbox\" rel=\"bf815dae9116155ef1617bf4513dec44\">\n                <img\n                    title=\"467144968_3968149960127852_1380395659252035490_n\"\n                    alt=\"467144968_3968149960127852_1380395659252035490_n\"\n                    src=\"http:\/\/przedszkoletworkow.pl\/wp-content\/gallery\/radosne\/thumbs\/thumbs_467144968_3968149960127852_1380395659252035490_n.jpg\"\n                    width=\"240\"\n                    height=\"160\"\n                    style=\"max-width:100%;\"\n                \/>\n            <\/a>\n        <\/div>\n\t\t\t\t\t\t\t<\/div> \n\t\t\t\n\t\t\t\t<div id=\"ngg-image-6\" class=\"ngg-gallery-thumbnail-box \" >\n\t\t\t\t        <div class=\"ngg-gallery-thumbnail\">\n            <a href=\"http:\/\/przedszkoletworkow.pl\/wp-content\/gallery\/radosne\/467484677_563779493129373_2930726170887336187_n.jpg\"\n               title=\"\"\n               data-src=\"http:\/\/przedszkoletworkow.pl\/wp-content\/gallery\/radosne\/467484677_563779493129373_2930726170887336187_n.jpg\"\n               data-thumbnail=\"http:\/\/przedszkoletworkow.pl\/wp-content\/gallery\/radosne\/thumbs\/thumbs_467484677_563779493129373_2930726170887336187_n.jpg\"\n               data-image-id=\"7578\"\n               data-title=\"467484677_563779493129373_2930726170887336187_n\"\n               data-description=\"\"\n               data-image-slug=\"467484677_563779493129373_2930726170887336187_n\"\n               class=\"ngg-simplelightbox\" rel=\"bf815dae9116155ef1617bf4513dec44\">\n                <img\n                    title=\"467484677_563779493129373_2930726170887336187_n\"\n                    alt=\"467484677_563779493129373_2930726170887336187_n\"\n                    src=\"http:\/\/przedszkoletworkow.pl\/wp-content\/gallery\/radosne\/thumbs\/thumbs_467484677_563779493129373_2930726170887336187_n.jpg\"\n                    width=\"240\"\n                    height=\"160\"\n                    style=\"max-width:100%;\"\n                \/>\n            <\/a>\n        <\/div>\n\t\t\t\t\t\t\t<\/div> \n\t\t\t\n\t\t\t\t<div id=\"ngg-image-7\" class=\"ngg-gallery-thumbnail-box \" >\n\t\t\t\t        <div class=\"ngg-gallery-thumbnail\">\n            <a href=\"http:\/\/przedszkoletworkow.pl\/wp-content\/gallery\/radosne\/465128161_401037113003632_4192173275175868312_n.jpg\"\n               title=\"\"\n               data-src=\"http:\/\/przedszkoletworkow.pl\/wp-content\/gallery\/radosne\/465128161_401037113003632_4192173275175868312_n.jpg\"\n               data-thumbnail=\"http:\/\/przedszkoletworkow.pl\/wp-content\/gallery\/radosne\/thumbs\/thumbs_465128161_401037113003632_4192173275175868312_n.jpg\"\n               data-image-id=\"7579\"\n               data-title=\"465128161_401037113003632_4192173275175868312_n\"\n               data-description=\"\"\n               data-image-slug=\"465128161_401037113003632_4192173275175868312_n\"\n               class=\"ngg-simplelightbox\" rel=\"bf815dae9116155ef1617bf4513dec44\">\n                <img\n                    title=\"465128161_401037113003632_4192173275175868312_n\"\n                    alt=\"465128161_401037113003632_4192173275175868312_n\"\n                    src=\"http:\/\/przedszkoletworkow.pl\/wp-content\/gallery\/radosne\/thumbs\/thumbs_465128161_401037113003632_4192173275175868312_n.jpg\"\n                    width=\"240\"\n                    height=\"160\"\n                    style=\"max-width:100%;\"\n                \/>\n            <\/a>\n        <\/div>\n\t\t\t\t\t\t\t<\/div> \n\t\t\t\n\t\n\t<br style=\"clear: both\" \/>\n\n\t\n\t\t<!-- Pagination -->\n\t<div class='ngg-clear'><\/div>\t<\/div>\n\n","protected":false},"excerpt":{"rendered":"<p>Dnia 12 grudnia 2024 w naszym \u017b\u0142obku odby\u0142o si\u0119 spotkanie \u015bwi\u0105teczne \u2013 Biesiada Kol\u0119dowa dla dzieci, rodzic\u00f3w i dziadk\u00f3w i zaproszonych go\u015bci. Wszyscy w to zimowe popo\u0142udnie spotkali si\u0119 w sali Gminnego Centrum Kultury aby obejrze\u0107 przedstawienie w wykonaniu naszych \u017c\u0142obkowicz\u00f3w. Pi\u0119kna sceneria sali wszystkich wprowadzi\u0142a w \u015bwi\u0105teczny nastr\u00f3j. Maluchy [&hellip;]<\/p>\n","protected":false},"author":2,"featured_media":11788,"comment_status":"open","ping_status":"open","sticky":false,"template":"","format":"standard","meta":{"ngg_post_thumbnail":0,"footnotes":""},"categories":[1],"tags":[],"class_list":["post-11778","post","type-post","status-publish","format-standard","has-post-thumbnail","hentry","category-bez-kategorii"],"_links":{"self":[{"href":"http:\/\/przedszkoletworkow.pl\/index.php?rest_route=\/wp\/v2\/posts\/11778","targetHints":{"allow":["GET"]}}],"collection":[{"href":"http:\/\/przedszkoletworkow.pl\/index.php?rest_route=\/wp\/v2\/posts"}],"about":[{"href":"http:\/\/przedszkoletworkow.pl\/index.php?rest_route=\/wp\/v2\/types\/post"}],"author":[{"embeddable":true,"href":"http:\/\/przedszkoletworkow.pl\/index.php?rest_route=\/wp\/v2\/users\/2"}],"replies":[{"embeddable":true,"href":"http:\/\/przedszkoletworkow.pl\/index.php?rest_route=%2Fwp%2Fv2%2Fcomments&post=11778"}],"version-history":[{"count":1,"href":"http:\/\/przedszkoletworkow.pl\/index.php?rest_route=\/wp\/v2\/posts\/11778\/revisions"}],"predecessor-version":[{"id":11789,"href":"http:\/\/przedszkoletworkow.pl\/index.php?rest_route=\/wp\/v2\/posts\/11778\/revisions\/11789"}],"wp:featuredmedia":[{"embeddable":true,"href":"http:\/\/przedszkoletworkow.pl\/index.php?rest_route=\/wp\/v2\/media\/11788"}],"wp:attachment":[{"href":"http:\/\/przedszkoletworkow.pl\/index.php?rest_route=%2Fwp%2Fv2%2Fmedia&parent=11778"}],"wp:term":[{"taxonomy":"category","embeddable":true,"href":"http:\/\/przedszkoletworkow.pl\/index.php?rest_route=%2Fwp%2Fv2%2Fcategories&post=11778"},{"taxonomy":"post_tag","embeddable":true,"href":"http:\/\/przedszkoletworkow.pl\/index.php?rest_route=%2Fwp%2Fv2%2Ftags&post=11778"}],"curies":[{"name":"wp","href":"https:\/\/api.w.org\/{rel}","templated":true}]}}