{"id":11269,"date":"2024-11-21T17:15:53","date_gmt":"2024-11-21T16:15:53","guid":{"rendered":"http:\/\/przedszkoletworkow.pl\/?p=11269"},"modified":"2024-11-21T17:17:37","modified_gmt":"2024-11-21T16:17:37","slug":"pola-nadziei-tu-rozkwita-dobro","status":"publish","type":"post","link":"http:\/\/przedszkoletworkow.pl\/?p=11269","title":{"rendered":"Pola Nadziei &#8211; Tu rozkwita Dobro"},"content":{"rendered":"<p>W ramach akcji Pola Nadziei, nasze wspania\u0142e Przedszkolaki z grupy Skrzaty razem z Pani\u0105 Bo\u017cen\u0105 i Klaudi\u0105 posadzi\u0142y w ogr\u00f3deczku przed przedszkolem \u017conkile, symbol kampanii i symbol nadziei. Gdy kwiaty zakwitn\u0105 utworz\u0105 nasze ma\u0142e pole nadziei. Dzi\u0119kujemy Pani Marcie Sedlaczek \u2013 dobremu duchowi p\u00f3l nadziei za radosn\u0105, dobr\u0105 i wspania\u0142\u0105 ju\u017c wieloletni\u0105 wsp\u00f3\u0142prac\u0119 z Hospicjum im \u015aw. J\u00f3zefa Zesp\u00f3\u0142 Opieki Paliatywnej w Raciborzu&nbsp;<\/p>\n<!-- default-view.php -->\n<div\n\tclass=\"ngg-galleryoverview default-view \"\n\tid=\"ngg-gallery-856e75c11d8c23f9f949d0569690f626-1\">\n\n\t\t<!-- Thumbnails -->\n\t\t\t\t<div id=\"ngg-image-0\" class=\"ngg-gallery-thumbnail-box \" >\n\t\t\t\t        <div class=\"ngg-gallery-thumbnail\">\n            <a href=\"http:\/\/przedszkoletworkow.pl\/wp-content\/gallery\/pola24\/462550689_900703485534132_933136225063226018_n.jpg\"\n               title=\"\"\n               data-src=\"http:\/\/przedszkoletworkow.pl\/wp-content\/gallery\/pola24\/462550689_900703485534132_933136225063226018_n.jpg\"\n               data-thumbnail=\"http:\/\/przedszkoletworkow.pl\/wp-content\/gallery\/pola24\/thumbs\/thumbs_462550689_900703485534132_933136225063226018_n.jpg\"\n               data-image-id=\"7123\"\n               data-title=\"462550689_900703485534132_933136225063226018_n\"\n               data-description=\"\"\n               data-image-slug=\"462550689_900703485534132_933136225063226018_n\"\n               class=\"ngg-simplelightbox\" rel=\"856e75c11d8c23f9f949d0569690f626\">\n                <img\n                    title=\"462550689_900703485534132_933136225063226018_n\"\n                    alt=\"462550689_900703485534132_933136225063226018_n\"\n                    src=\"http:\/\/przedszkoletworkow.pl\/wp-content\/gallery\/pola24\/thumbs\/thumbs_462550689_900703485534132_933136225063226018_n.jpg\"\n                    width=\"240\"\n                    height=\"160\"\n                    style=\"max-width:100%;\"\n                \/>\n            <\/a>\n        <\/div>\n\t\t\t\t\t\t\t<\/div> \n\t\t\t\n\t\t\t\t<div id=\"ngg-image-1\" class=\"ngg-gallery-thumbnail-box \" >\n\t\t\t\t        <div class=\"ngg-gallery-thumbnail\">\n            <a href=\"http:\/\/przedszkoletworkow.pl\/wp-content\/gallery\/pola24\/462575655_975912647651005_8922204414969810783_n.jpg\"\n               title=\"\"\n               data-src=\"http:\/\/przedszkoletworkow.pl\/wp-content\/gallery\/pola24\/462575655_975912647651005_8922204414969810783_n.jpg\"\n               data-thumbnail=\"http:\/\/przedszkoletworkow.pl\/wp-content\/gallery\/pola24\/thumbs\/thumbs_462575655_975912647651005_8922204414969810783_n.jpg\"\n               data-image-id=\"7124\"\n               data-title=\"462575655_975912647651005_8922204414969810783_n\"\n               data-description=\"\"\n               data-image-slug=\"462575655_975912647651005_8922204414969810783_n\"\n               class=\"ngg-simplelightbox\" rel=\"856e75c11d8c23f9f949d0569690f626\">\n                <img\n                    title=\"462575655_975912647651005_8922204414969810783_n\"\n                    alt=\"462575655_975912647651005_8922204414969810783_n\"\n                    src=\"http:\/\/przedszkoletworkow.pl\/wp-content\/gallery\/pola24\/thumbs\/thumbs_462575655_975912647651005_8922204414969810783_n.jpg\"\n                    width=\"240\"\n                    height=\"160\"\n                    style=\"max-width:100%;\"\n                \/>\n            <\/a>\n        <\/div>\n\t\t\t\t\t\t\t<\/div> \n\t\t\t\n\t\t\t\t<div id=\"ngg-image-2\" class=\"ngg-gallery-thumbnail-box \" >\n\t\t\t\t        <div class=\"ngg-gallery-thumbnail\">\n            <a href=\"http:\/\/przedszkoletworkow.pl\/wp-content\/gallery\/pola24\/462562999_583828384337165_734354131151378409_n.jpg\"\n               title=\"\"\n               data-src=\"http:\/\/przedszkoletworkow.pl\/wp-content\/gallery\/pola24\/462562999_583828384337165_734354131151378409_n.jpg\"\n               data-thumbnail=\"http:\/\/przedszkoletworkow.pl\/wp-content\/gallery\/pola24\/thumbs\/thumbs_462562999_583828384337165_734354131151378409_n.jpg\"\n               data-image-id=\"7125\"\n               data-title=\"462562999_583828384337165_734354131151378409_n\"\n               data-description=\"\"\n               data-image-slug=\"462562999_583828384337165_734354131151378409_n\"\n               class=\"ngg-simplelightbox\" rel=\"856e75c11d8c23f9f949d0569690f626\">\n                <img\n                    title=\"462562999_583828384337165_734354131151378409_n\"\n                    alt=\"462562999_583828384337165_734354131151378409_n\"\n                    src=\"http:\/\/przedszkoletworkow.pl\/wp-content\/gallery\/pola24\/thumbs\/thumbs_462562999_583828384337165_734354131151378409_n.jpg\"\n                    width=\"240\"\n                    height=\"160\"\n                    style=\"max-width:100%;\"\n                \/>\n            <\/a>\n        <\/div>\n\t\t\t\t\t\t\t<\/div> \n\t\t\t\n\t\n\t<br style=\"clear: both\" \/>\n\n\t\n\t\t<!-- Pagination -->\n\t<div class='ngg-clear'><\/div>\t<\/div>\n\n","protected":false},"excerpt":{"rendered":"<p>W ramach akcji Pola Nadziei, nasze wspania\u0142e Przedszkolaki z grupy Skrzaty razem z Pani\u0105 Bo\u017cen\u0105 i Klaudi\u0105 posadzi\u0142y w ogr\u00f3deczku przed przedszkolem \u017conkile, symbol kampanii i symbol nadziei. Gdy kwiaty zakwitn\u0105 utworz\u0105 nasze ma\u0142e pole nadziei. Dzi\u0119kujemy Pani Marcie Sedlaczek \u2013 dobremu duchowi p\u00f3l nadziei za radosn\u0105, dobr\u0105 i wspania\u0142\u0105 [&hellip;]<\/p>\n","protected":false},"author":2,"featured_media":11274,"comment_status":"open","ping_status":"open","sticky":false,"template":"","format":"standard","meta":{"ngg_post_thumbnail":0,"footnotes":""},"categories":[1],"tags":[],"class_list":["post-11269","post","type-post","status-publish","format-standard","has-post-thumbnail","hentry","category-bez-kategorii"],"_links":{"self":[{"href":"http:\/\/przedszkoletworkow.pl\/index.php?rest_route=\/wp\/v2\/posts\/11269","targetHints":{"allow":["GET"]}}],"collection":[{"href":"http:\/\/przedszkoletworkow.pl\/index.php?rest_route=\/wp\/v2\/posts"}],"about":[{"href":"http:\/\/przedszkoletworkow.pl\/index.php?rest_route=\/wp\/v2\/types\/post"}],"author":[{"embeddable":true,"href":"http:\/\/przedszkoletworkow.pl\/index.php?rest_route=\/wp\/v2\/users\/2"}],"replies":[{"embeddable":true,"href":"http:\/\/przedszkoletworkow.pl\/index.php?rest_route=%2Fwp%2Fv2%2Fcomments&post=11269"}],"version-history":[{"count":3,"href":"http:\/\/przedszkoletworkow.pl\/index.php?rest_route=\/wp\/v2\/posts\/11269\/revisions"}],"predecessor-version":[{"id":11277,"href":"http:\/\/przedszkoletworkow.pl\/index.php?rest_route=\/wp\/v2\/posts\/11269\/revisions\/11277"}],"wp:featuredmedia":[{"embeddable":true,"href":"http:\/\/przedszkoletworkow.pl\/index.php?rest_route=\/wp\/v2\/media\/11274"}],"wp:attachment":[{"href":"http:\/\/przedszkoletworkow.pl\/index.php?rest_route=%2Fwp%2Fv2%2Fmedia&parent=11269"}],"wp:term":[{"taxonomy":"category","embeddable":true,"href":"http:\/\/przedszkoletworkow.pl\/index.php?rest_route=%2Fwp%2Fv2%2Fcategories&post=11269"},{"taxonomy":"post_tag","embeddable":true,"href":"http:\/\/przedszkoletworkow.pl\/index.php?rest_route=%2Fwp%2Fv2%2Ftags&post=11269"}],"curies":[{"name":"wp","href":"https:\/\/api.w.org\/{rel}","templated":true}]}}