{"id":11204,"date":"2024-11-12T14:20:48","date_gmt":"2024-11-12T13:20:48","guid":{"rendered":"http:\/\/przedszkoletworkow.pl\/?p=11204"},"modified":"2024-11-16T14:25:56","modified_gmt":"2024-11-16T13:25:56","slug":"szkola-do-hymnu-2024","status":"publish","type":"post","link":"http:\/\/przedszkoletworkow.pl\/?p=11204","title":{"rendered":"Szko\u0142a do hymnu 2024"},"content":{"rendered":"<p>Z okazji obchod\u00f3w Narodowego \u015awi\u0119ta Niepodleg\u0142o\u015bci nasze Przedszkole w\u0142\u0105czy\u0142o si\u0119 w kolejn\u0105 edycj\u0119 akcji Ministerstwa Edukacji Narodowej \u201eSzko\u0142a do hymnu\u201d. Dzieci oraz pracownicy plac\u00f3wki wsp\u00f3lnie od\u015bpiewa\u0142y hymn narodowy o symbolicznej godzinie 11:11. Udzia\u0142 w akcji mia\u0142 na celu kszta\u0142towanie w\u015br\u00f3d najm\u0142odszych to\u017csamo\u015bci narodowej i wsp\u00f3\u0142uczestnictwa w piel\u0119gnowaniu tradycji.<\/p>\n<!-- default-view.php -->\n<div\n\tclass=\"ngg-galleryoverview default-view \"\n\tid=\"ngg-gallery-add49db3f57acd266a43ca6afdd1792e-1\">\n\n\t\t<!-- Thumbnails -->\n\t\t\t\t<div id=\"ngg-image-0\" class=\"ngg-gallery-thumbnail-box \" >\n\t\t\t\t        <div class=\"ngg-gallery-thumbnail\">\n            <a href=\"http:\/\/przedszkoletworkow.pl\/wp-content\/gallery\/hymn\/462546917_1072962537486106_4620348735235037306_n.jpg\"\n               title=\"\"\n               data-src=\"http:\/\/przedszkoletworkow.pl\/wp-content\/gallery\/hymn\/462546917_1072962537486106_4620348735235037306_n.jpg\"\n               data-thumbnail=\"http:\/\/przedszkoletworkow.pl\/wp-content\/gallery\/hymn\/thumbs\/thumbs_462546917_1072962537486106_4620348735235037306_n.jpg\"\n               data-image-id=\"7073\"\n               data-title=\"462546917_1072962537486106_4620348735235037306_n\"\n               data-description=\"\"\n               data-image-slug=\"462546917_1072962537486106_4620348735235037306_n\"\n               class=\"ngg-simplelightbox\" rel=\"add49db3f57acd266a43ca6afdd1792e\">\n                <img\n                    title=\"462546917_1072962537486106_4620348735235037306_n\"\n                    alt=\"462546917_1072962537486106_4620348735235037306_n\"\n                    src=\"http:\/\/przedszkoletworkow.pl\/wp-content\/gallery\/hymn\/thumbs\/thumbs_462546917_1072962537486106_4620348735235037306_n.jpg\"\n                    width=\"240\"\n                    height=\"160\"\n                    style=\"max-width:100%;\"\n                \/>\n            <\/a>\n        <\/div>\n\t\t\t\t\t\t\t<\/div> \n\t\t\t\n\t\t\t\t<div id=\"ngg-image-1\" class=\"ngg-gallery-thumbnail-box \" >\n\t\t\t\t        <div class=\"ngg-gallery-thumbnail\">\n            <a href=\"http:\/\/przedszkoletworkow.pl\/wp-content\/gallery\/hymn\/462566557_956758473166551_7742069814422970956_n.jpg\"\n               title=\"\"\n               data-src=\"http:\/\/przedszkoletworkow.pl\/wp-content\/gallery\/hymn\/462566557_956758473166551_7742069814422970956_n.jpg\"\n               data-thumbnail=\"http:\/\/przedszkoletworkow.pl\/wp-content\/gallery\/hymn\/thumbs\/thumbs_462566557_956758473166551_7742069814422970956_n.jpg\"\n               data-image-id=\"7074\"\n               data-title=\"462566557_956758473166551_7742069814422970956_n\"\n               data-description=\"\"\n               data-image-slug=\"462566557_956758473166551_7742069814422970956_n\"\n               class=\"ngg-simplelightbox\" rel=\"add49db3f57acd266a43ca6afdd1792e\">\n                <img\n                    title=\"462566557_956758473166551_7742069814422970956_n\"\n                    alt=\"462566557_956758473166551_7742069814422970956_n\"\n                    src=\"http:\/\/przedszkoletworkow.pl\/wp-content\/gallery\/hymn\/thumbs\/thumbs_462566557_956758473166551_7742069814422970956_n.jpg\"\n                    width=\"240\"\n                    height=\"160\"\n                    style=\"max-width:100%;\"\n                \/>\n            <\/a>\n        <\/div>\n\t\t\t\t\t\t\t<\/div> \n\t\t\t\n\t\t\t\t<div id=\"ngg-image-2\" class=\"ngg-gallery-thumbnail-box \" >\n\t\t\t\t        <div class=\"ngg-gallery-thumbnail\">\n            <a href=\"http:\/\/przedszkoletworkow.pl\/wp-content\/gallery\/hymn\/462560228_981160043771110_7953500213458845613_n.jpg\"\n               title=\"\"\n               data-src=\"http:\/\/przedszkoletworkow.pl\/wp-content\/gallery\/hymn\/462560228_981160043771110_7953500213458845613_n.jpg\"\n               data-thumbnail=\"http:\/\/przedszkoletworkow.pl\/wp-content\/gallery\/hymn\/thumbs\/thumbs_462560228_981160043771110_7953500213458845613_n.jpg\"\n               data-image-id=\"7075\"\n               data-title=\"462560228_981160043771110_7953500213458845613_n\"\n               data-description=\"\"\n               data-image-slug=\"462560228_981160043771110_7953500213458845613_n\"\n               class=\"ngg-simplelightbox\" rel=\"add49db3f57acd266a43ca6afdd1792e\">\n                <img\n                    title=\"462560228_981160043771110_7953500213458845613_n\"\n                    alt=\"462560228_981160043771110_7953500213458845613_n\"\n                    src=\"http:\/\/przedszkoletworkow.pl\/wp-content\/gallery\/hymn\/thumbs\/thumbs_462560228_981160043771110_7953500213458845613_n.jpg\"\n                    width=\"240\"\n                    height=\"160\"\n                    style=\"max-width:100%;\"\n                \/>\n            <\/a>\n        <\/div>\n\t\t\t\t\t\t\t<\/div> \n\t\t\t\n\t\t\t\t<div id=\"ngg-image-3\" class=\"ngg-gallery-thumbnail-box \" >\n\t\t\t\t        <div class=\"ngg-gallery-thumbnail\">\n            <a href=\"http:\/\/przedszkoletworkow.pl\/wp-content\/gallery\/hymn\/464999586_1085072969933862_636842785266556540_n.jpg\"\n               title=\"\"\n               data-src=\"http:\/\/przedszkoletworkow.pl\/wp-content\/gallery\/hymn\/464999586_1085072969933862_636842785266556540_n.jpg\"\n               data-thumbnail=\"http:\/\/przedszkoletworkow.pl\/wp-content\/gallery\/hymn\/thumbs\/thumbs_464999586_1085072969933862_636842785266556540_n.jpg\"\n               data-image-id=\"7076\"\n               data-title=\"464999586_1085072969933862_636842785266556540_n\"\n               data-description=\"\"\n               data-image-slug=\"464999586_1085072969933862_636842785266556540_n\"\n               class=\"ngg-simplelightbox\" rel=\"add49db3f57acd266a43ca6afdd1792e\">\n                <img\n                    title=\"464999586_1085072969933862_636842785266556540_n\"\n                    alt=\"464999586_1085072969933862_636842785266556540_n\"\n                    src=\"http:\/\/przedszkoletworkow.pl\/wp-content\/gallery\/hymn\/thumbs\/thumbs_464999586_1085072969933862_636842785266556540_n.jpg\"\n                    width=\"240\"\n                    height=\"160\"\n                    style=\"max-width:100%;\"\n                \/>\n            <\/a>\n        <\/div>\n\t\t\t\t\t\t\t<\/div> \n\t\t\t\n\t\t\t\t<div id=\"ngg-image-4\" class=\"ngg-gallery-thumbnail-box \" >\n\t\t\t\t        <div class=\"ngg-gallery-thumbnail\">\n            <a href=\"http:\/\/przedszkoletworkow.pl\/wp-content\/gallery\/hymn\/462584335_884120683872988_7813553290341737597_n.jpg\"\n               title=\"\"\n               data-src=\"http:\/\/przedszkoletworkow.pl\/wp-content\/gallery\/hymn\/462584335_884120683872988_7813553290341737597_n.jpg\"\n               data-thumbnail=\"http:\/\/przedszkoletworkow.pl\/wp-content\/gallery\/hymn\/thumbs\/thumbs_462584335_884120683872988_7813553290341737597_n.jpg\"\n               data-image-id=\"7077\"\n               data-title=\"462584335_884120683872988_7813553290341737597_n\"\n               data-description=\"\"\n               data-image-slug=\"462584335_884120683872988_7813553290341737597_n\"\n               class=\"ngg-simplelightbox\" rel=\"add49db3f57acd266a43ca6afdd1792e\">\n                <img\n                    title=\"462584335_884120683872988_7813553290341737597_n\"\n                    alt=\"462584335_884120683872988_7813553290341737597_n\"\n                    src=\"http:\/\/przedszkoletworkow.pl\/wp-content\/gallery\/hymn\/thumbs\/thumbs_462584335_884120683872988_7813553290341737597_n.jpg\"\n                    width=\"240\"\n                    height=\"160\"\n                    style=\"max-width:100%;\"\n                \/>\n            <\/a>\n        <\/div>\n\t\t\t\t\t\t\t<\/div> \n\t\t\t\n\t\n\t<br style=\"clear: both\" \/>\n\n\t\n\t\t<!-- Pagination -->\n\t<div class='ngg-clear'><\/div>\t<\/div>\n\n","protected":false},"excerpt":{"rendered":"<p>Z okazji obchod\u00f3w Narodowego \u015awi\u0119ta Niepodleg\u0142o\u015bci nasze Przedszkole w\u0142\u0105czy\u0142o si\u0119 w kolejn\u0105 edycj\u0119 akcji Ministerstwa Edukacji Narodowej \u201eSzko\u0142a do hymnu\u201d. Dzieci oraz pracownicy plac\u00f3wki wsp\u00f3lnie od\u015bpiewa\u0142y hymn narodowy o symbolicznej godzinie 11:11. Udzia\u0142 w akcji mia\u0142 na celu kszta\u0142towanie w\u015br\u00f3d najm\u0142odszych to\u017csamo\u015bci narodowej i wsp\u00f3\u0142uczestnictwa w piel\u0119gnowaniu tradycji.<\/p>\n","protected":false},"author":2,"featured_media":11211,"comment_status":"open","ping_status":"open","sticky":false,"template":"","format":"standard","meta":{"ngg_post_thumbnail":0,"footnotes":""},"categories":[1],"tags":[],"class_list":["post-11204","post","type-post","status-publish","format-standard","has-post-thumbnail","hentry","category-bez-kategorii"],"_links":{"self":[{"href":"http:\/\/przedszkoletworkow.pl\/index.php?rest_route=\/wp\/v2\/posts\/11204","targetHints":{"allow":["GET"]}}],"collection":[{"href":"http:\/\/przedszkoletworkow.pl\/index.php?rest_route=\/wp\/v2\/posts"}],"about":[{"href":"http:\/\/przedszkoletworkow.pl\/index.php?rest_route=\/wp\/v2\/types\/post"}],"author":[{"embeddable":true,"href":"http:\/\/przedszkoletworkow.pl\/index.php?rest_route=\/wp\/v2\/users\/2"}],"replies":[{"embeddable":true,"href":"http:\/\/przedszkoletworkow.pl\/index.php?rest_route=%2Fwp%2Fv2%2Fcomments&post=11204"}],"version-history":[{"count":1,"href":"http:\/\/przedszkoletworkow.pl\/index.php?rest_route=\/wp\/v2\/posts\/11204\/revisions"}],"predecessor-version":[{"id":11212,"href":"http:\/\/przedszkoletworkow.pl\/index.php?rest_route=\/wp\/v2\/posts\/11204\/revisions\/11212"}],"wp:featuredmedia":[{"embeddable":true,"href":"http:\/\/przedszkoletworkow.pl\/index.php?rest_route=\/wp\/v2\/media\/11211"}],"wp:attachment":[{"href":"http:\/\/przedszkoletworkow.pl\/index.php?rest_route=%2Fwp%2Fv2%2Fmedia&parent=11204"}],"wp:term":[{"taxonomy":"category","embeddable":true,"href":"http:\/\/przedszkoletworkow.pl\/index.php?rest_route=%2Fwp%2Fv2%2Fcategories&post=11204"},{"taxonomy":"post_tag","embeddable":true,"href":"http:\/\/przedszkoletworkow.pl\/index.php?rest_route=%2Fwp%2Fv2%2Ftags&post=11204"}],"curies":[{"name":"wp","href":"https:\/\/api.w.org\/{rel}","templated":true}]}}