{"id":11115,"date":"2024-10-30T13:39:35","date_gmt":"2024-10-30T12:39:35","guid":{"rendered":"http:\/\/przedszkoletworkow.pl\/?p=11115"},"modified":"2024-10-31T09:53:41","modified_gmt":"2024-10-31T08:53:41","slug":"czas-zadumy","status":"publish","type":"post","link":"http:\/\/przedszkoletworkow.pl\/?p=11115","title":{"rendered":"Czas zadumy"},"content":{"rendered":"<p>W ostatnim tygodniu pa\u017adziernika, przed Uroczysto\u015bci\u0105 Wszystkich \u015awi\u0119tych i Dniem Zadusznym w szczeg\u00f3lny spos\u00f3b pami\u0119tamy o zmar\u0142ych.<\/p>\n<!-- default-view.php -->\n<div\n\tclass=\"ngg-galleryoverview default-view \"\n\tid=\"ngg-gallery-18e6779415f1a7064702cdbe7894bdbb-1\">\n\n\t\t<!-- Thumbnails -->\n\t\t\t\t<div id=\"ngg-image-0\" class=\"ngg-gallery-thumbnail-box \" >\n\t\t\t\t        <div class=\"ngg-gallery-thumbnail\">\n            <a href=\"http:\/\/przedszkoletworkow.pl\/wp-content\/gallery\/wsz-1\/c544bfae-e2b5-483c-a002-a4ceffb082a2.jpeg\"\n               title=\"\"\n               data-src=\"http:\/\/przedszkoletworkow.pl\/wp-content\/gallery\/wsz-1\/c544bfae-e2b5-483c-a002-a4ceffb082a2.jpeg\"\n               data-thumbnail=\"http:\/\/przedszkoletworkow.pl\/wp-content\/gallery\/wsz-1\/thumbs\/thumbs_c544bfae-e2b5-483c-a002-a4ceffb082a2.jpeg\"\n               data-image-id=\"7004\"\n               data-title=\"c544bfae-e2b5-483c-a002-a4ceffb082a2\"\n               data-description=\"\"\n               data-image-slug=\"c544bfae-e2b5-483c-a002-a4ceffb082a2\"\n               class=\"ngg-simplelightbox\" rel=\"18e6779415f1a7064702cdbe7894bdbb\">\n                <img\n                    title=\"c544bfae-e2b5-483c-a002-a4ceffb082a2\"\n                    alt=\"c544bfae-e2b5-483c-a002-a4ceffb082a2\"\n                    src=\"http:\/\/przedszkoletworkow.pl\/wp-content\/gallery\/wsz-1\/thumbs\/thumbs_c544bfae-e2b5-483c-a002-a4ceffb082a2.jpeg\"\n                    width=\"240\"\n                    height=\"160\"\n                    style=\"max-width:100%;\"\n                \/>\n            <\/a>\n        <\/div>\n\t\t\t\t\t\t\t<\/div> \n\t\t\t\n\t\t\t\t<div id=\"ngg-image-1\" class=\"ngg-gallery-thumbnail-box \" >\n\t\t\t\t        <div class=\"ngg-gallery-thumbnail\">\n            <a href=\"http:\/\/przedszkoletworkow.pl\/wp-content\/gallery\/wsz-1\/28d16306-cd6c-464f-b150-4751a4b802b4.jpeg\"\n               title=\"\"\n               data-src=\"http:\/\/przedszkoletworkow.pl\/wp-content\/gallery\/wsz-1\/28d16306-cd6c-464f-b150-4751a4b802b4.jpeg\"\n               data-thumbnail=\"http:\/\/przedszkoletworkow.pl\/wp-content\/gallery\/wsz-1\/thumbs\/thumbs_28d16306-cd6c-464f-b150-4751a4b802b4.jpeg\"\n               data-image-id=\"7005\"\n               data-title=\"28d16306-cd6c-464f-b150-4751a4b802b4\"\n               data-description=\"\"\n               data-image-slug=\"28d16306-cd6c-464f-b150-4751a4b802b4\"\n               class=\"ngg-simplelightbox\" rel=\"18e6779415f1a7064702cdbe7894bdbb\">\n                <img\n                    title=\"28d16306-cd6c-464f-b150-4751a4b802b4\"\n                    alt=\"28d16306-cd6c-464f-b150-4751a4b802b4\"\n                    src=\"http:\/\/przedszkoletworkow.pl\/wp-content\/gallery\/wsz-1\/thumbs\/thumbs_28d16306-cd6c-464f-b150-4751a4b802b4.jpeg\"\n                    width=\"240\"\n                    height=\"160\"\n                    style=\"max-width:100%;\"\n                \/>\n            <\/a>\n        <\/div>\n\t\t\t\t\t\t\t<\/div> \n\t\t\t\n\t\t\t\t<div id=\"ngg-image-2\" class=\"ngg-gallery-thumbnail-box \" >\n\t\t\t\t        <div class=\"ngg-gallery-thumbnail\">\n            <a href=\"http:\/\/przedszkoletworkow.pl\/wp-content\/gallery\/wsz-1\/b54d2b24-9f38-47ac-ba1e-af426c8cf99c.jpeg\"\n               title=\"\"\n               data-src=\"http:\/\/przedszkoletworkow.pl\/wp-content\/gallery\/wsz-1\/b54d2b24-9f38-47ac-ba1e-af426c8cf99c.jpeg\"\n               data-thumbnail=\"http:\/\/przedszkoletworkow.pl\/wp-content\/gallery\/wsz-1\/thumbs\/thumbs_b54d2b24-9f38-47ac-ba1e-af426c8cf99c.jpeg\"\n               data-image-id=\"7006\"\n               data-title=\"b54d2b24-9f38-47ac-ba1e-af426c8cf99c\"\n               data-description=\"\"\n               data-image-slug=\"b54d2b24-9f38-47ac-ba1e-af426c8cf99c\"\n               class=\"ngg-simplelightbox\" rel=\"18e6779415f1a7064702cdbe7894bdbb\">\n                <img\n                    title=\"b54d2b24-9f38-47ac-ba1e-af426c8cf99c\"\n                    alt=\"b54d2b24-9f38-47ac-ba1e-af426c8cf99c\"\n                    src=\"http:\/\/przedszkoletworkow.pl\/wp-content\/gallery\/wsz-1\/thumbs\/thumbs_b54d2b24-9f38-47ac-ba1e-af426c8cf99c.jpeg\"\n                    width=\"240\"\n                    height=\"160\"\n                    style=\"max-width:100%;\"\n                \/>\n            <\/a>\n        <\/div>\n\t\t\t\t\t\t\t<\/div> \n\t\t\t\n\t\t\t\t<div id=\"ngg-image-3\" class=\"ngg-gallery-thumbnail-box \" >\n\t\t\t\t        <div class=\"ngg-gallery-thumbnail\">\n            <a href=\"http:\/\/przedszkoletworkow.pl\/wp-content\/gallery\/wsz-1\/e8420d22-b1d3-42fe-bd58-2e8835bfdfa8.jpeg\"\n               title=\"\"\n               data-src=\"http:\/\/przedszkoletworkow.pl\/wp-content\/gallery\/wsz-1\/e8420d22-b1d3-42fe-bd58-2e8835bfdfa8.jpeg\"\n               data-thumbnail=\"http:\/\/przedszkoletworkow.pl\/wp-content\/gallery\/wsz-1\/thumbs\/thumbs_e8420d22-b1d3-42fe-bd58-2e8835bfdfa8.jpeg\"\n               data-image-id=\"7007\"\n               data-title=\"e8420d22-b1d3-42fe-bd58-2e8835bfdfa8\"\n               data-description=\"\"\n               data-image-slug=\"e8420d22-b1d3-42fe-bd58-2e8835bfdfa8\"\n               class=\"ngg-simplelightbox\" rel=\"18e6779415f1a7064702cdbe7894bdbb\">\n                <img\n                    title=\"e8420d22-b1d3-42fe-bd58-2e8835bfdfa8\"\n                    alt=\"e8420d22-b1d3-42fe-bd58-2e8835bfdfa8\"\n                    src=\"http:\/\/przedszkoletworkow.pl\/wp-content\/gallery\/wsz-1\/thumbs\/thumbs_e8420d22-b1d3-42fe-bd58-2e8835bfdfa8.jpeg\"\n                    width=\"240\"\n                    height=\"160\"\n                    style=\"max-width:100%;\"\n                \/>\n            <\/a>\n        <\/div>\n\t\t\t\t\t\t\t<\/div> \n\t\t\t\n\t\t\t\t<div id=\"ngg-image-4\" class=\"ngg-gallery-thumbnail-box \" >\n\t\t\t\t        <div class=\"ngg-gallery-thumbnail\">\n            <a href=\"http:\/\/przedszkoletworkow.pl\/wp-content\/gallery\/wsz-1\/710839ce-8b54-40f9-a3cc-7eaea1d65405.jpeg\"\n               title=\"\"\n               data-src=\"http:\/\/przedszkoletworkow.pl\/wp-content\/gallery\/wsz-1\/710839ce-8b54-40f9-a3cc-7eaea1d65405.jpeg\"\n               data-thumbnail=\"http:\/\/przedszkoletworkow.pl\/wp-content\/gallery\/wsz-1\/thumbs\/thumbs_710839ce-8b54-40f9-a3cc-7eaea1d65405.jpeg\"\n               data-image-id=\"7008\"\n               data-title=\"710839ce-8b54-40f9-a3cc-7eaea1d65405\"\n               data-description=\"\"\n               data-image-slug=\"710839ce-8b54-40f9-a3cc-7eaea1d65405\"\n               class=\"ngg-simplelightbox\" rel=\"18e6779415f1a7064702cdbe7894bdbb\">\n                <img\n                    title=\"710839ce-8b54-40f9-a3cc-7eaea1d65405\"\n                    alt=\"710839ce-8b54-40f9-a3cc-7eaea1d65405\"\n                    src=\"http:\/\/przedszkoletworkow.pl\/wp-content\/gallery\/wsz-1\/thumbs\/thumbs_710839ce-8b54-40f9-a3cc-7eaea1d65405.jpeg\"\n                    width=\"240\"\n                    height=\"160\"\n                    style=\"max-width:100%;\"\n                \/>\n            <\/a>\n        <\/div>\n\t\t\t\t\t\t\t<\/div> \n\t\t\t\n\t\n\t<br style=\"clear: both\" \/>\n\n\t\n\t\t<!-- Pagination -->\n\t<div class='ngg-clear'><\/div>\t<\/div>\n\n","protected":false},"excerpt":{"rendered":"<p>W ostatnim tygodniu pa\u017adziernika, przed Uroczysto\u015bci\u0105 Wszystkich \u015awi\u0119tych i Dniem Zadusznym w szczeg\u00f3lny spos\u00f3b pami\u0119tamy o zmar\u0142ych.<\/p>\n","protected":false},"author":2,"featured_media":11123,"comment_status":"open","ping_status":"open","sticky":false,"template":"","format":"standard","meta":{"ngg_post_thumbnail":0,"footnotes":""},"categories":[1],"tags":[],"class_list":["post-11115","post","type-post","status-publish","format-standard","has-post-thumbnail","hentry","category-bez-kategorii"],"_links":{"self":[{"href":"http:\/\/przedszkoletworkow.pl\/index.php?rest_route=\/wp\/v2\/posts\/11115","targetHints":{"allow":["GET"]}}],"collection":[{"href":"http:\/\/przedszkoletworkow.pl\/index.php?rest_route=\/wp\/v2\/posts"}],"about":[{"href":"http:\/\/przedszkoletworkow.pl\/index.php?rest_route=\/wp\/v2\/types\/post"}],"author":[{"embeddable":true,"href":"http:\/\/przedszkoletworkow.pl\/index.php?rest_route=\/wp\/v2\/users\/2"}],"replies":[{"embeddable":true,"href":"http:\/\/przedszkoletworkow.pl\/index.php?rest_route=%2Fwp%2Fv2%2Fcomments&post=11115"}],"version-history":[{"count":2,"href":"http:\/\/przedszkoletworkow.pl\/index.php?rest_route=\/wp\/v2\/posts\/11115\/revisions"}],"predecessor-version":[{"id":11125,"href":"http:\/\/przedszkoletworkow.pl\/index.php?rest_route=\/wp\/v2\/posts\/11115\/revisions\/11125"}],"wp:featuredmedia":[{"embeddable":true,"href":"http:\/\/przedszkoletworkow.pl\/index.php?rest_route=\/wp\/v2\/media\/11123"}],"wp:attachment":[{"href":"http:\/\/przedszkoletworkow.pl\/index.php?rest_route=%2Fwp%2Fv2%2Fmedia&parent=11115"}],"wp:term":[{"taxonomy":"category","embeddable":true,"href":"http:\/\/przedszkoletworkow.pl\/index.php?rest_route=%2Fwp%2Fv2%2Fcategories&post=11115"},{"taxonomy":"post_tag","embeddable":true,"href":"http:\/\/przedszkoletworkow.pl\/index.php?rest_route=%2Fwp%2Fv2%2Ftags&post=11115"}],"curies":[{"name":"wp","href":"https:\/\/api.w.org\/{rel}","templated":true}]}}