{"id":10998,"date":"2024-10-14T10:32:44","date_gmt":"2024-10-14T08:32:44","guid":{"rendered":"http:\/\/przedszkoletworkow.pl\/?p=10998"},"modified":"2024-10-21T10:34:51","modified_gmt":"2024-10-21T08:34:51","slug":"dzien-edukacji-narodowej","status":"publish","type":"post","link":"http:\/\/przedszkoletworkow.pl\/?p=10998","title":{"rendered":"Dzie\u0144 Edukacji Narodowej"},"content":{"rendered":"<p>Dzie\u0144 Edukacji Narodowej &#8211; to wyj\u0105tkowe \u015bwi\u0119to dla pracownik\u00f3w o\u015bwiaty, o kt\u00f3rym nie zapomnia\u0142y r\u00f3wnie\u017c dzieci naszego przedszkola. Dzieci oraz przedstawiciele Rady Rodzic\u00f3w podzi\u0119kowa\u0142y Paniom i wszystkim Pracownikom Przedszkola za codzienn\u0105 trosk\u0119 i serce w\u0142o\u017cone w ich nauczanie i wychowanie. Tego dnia pad\u0142o wiele ciep\u0142ych s\u0142\u00f3w oraz \u017cycze\u0144, dzi\u0119ki czemu dzie\u0144 dla wszystkich up\u0142yn\u0105\u0142 w mi\u0142ej i serdecznej atmosferze. W Gminnym O\u015brodku Kultury odby\u0142o si\u0119 spotkanie, podczas kt\u00f3rego wr\u0119czono akty mianowania, nagrody w\u00f3jta gminy oraz nagrody dyrektor\u00f3w szk\u00f3\u0142 i przedszkoli. Grtaulujemy<\/p>\n<!-- default-view.php -->\n<div\n\tclass=\"ngg-galleryoverview default-view \"\n\tid=\"ngg-gallery-449061623d408f25364cc2c1ac61c223-1\">\n\n\t\t<!-- Thumbnails -->\n\t\t\t\t<div id=\"ngg-image-0\" class=\"ngg-gallery-thumbnail-box \" >\n\t\t\t\t        <div class=\"ngg-gallery-thumbnail\">\n            <a href=\"http:\/\/przedszkoletworkow.pl\/wp-content\/gallery\/den\/462537975_2364497713888947_5533284862201955922_n.jpg\"\n               title=\"\"\n               data-src=\"http:\/\/przedszkoletworkow.pl\/wp-content\/gallery\/den\/462537975_2364497713888947_5533284862201955922_n.jpg\"\n               data-thumbnail=\"http:\/\/przedszkoletworkow.pl\/wp-content\/gallery\/den\/thumbs\/thumbs_462537975_2364497713888947_5533284862201955922_n.jpg\"\n               data-image-id=\"6908\"\n               data-title=\"462537975_2364497713888947_5533284862201955922_n\"\n               data-description=\"\"\n               data-image-slug=\"462537975_2364497713888947_5533284862201955922_n\"\n               class=\"ngg-simplelightbox\" rel=\"449061623d408f25364cc2c1ac61c223\">\n                <img\n                    title=\"462537975_2364497713888947_5533284862201955922_n\"\n                    alt=\"462537975_2364497713888947_5533284862201955922_n\"\n                    src=\"http:\/\/przedszkoletworkow.pl\/wp-content\/gallery\/den\/thumbs\/thumbs_462537975_2364497713888947_5533284862201955922_n.jpg\"\n                    width=\"240\"\n                    height=\"160\"\n                    style=\"max-width:100%;\"\n                \/>\n            <\/a>\n        <\/div>\n\t\t\t\t\t\t\t<\/div> \n\t\t\t\n\t\t\t\t<div id=\"ngg-image-1\" class=\"ngg-gallery-thumbnail-box \" >\n\t\t\t\t        <div class=\"ngg-gallery-thumbnail\">\n            <a href=\"http:\/\/przedszkoletworkow.pl\/wp-content\/gallery\/den\/462541677_2187167114992687_1532280435578110612_n.jpg\"\n               title=\"\"\n               data-src=\"http:\/\/przedszkoletworkow.pl\/wp-content\/gallery\/den\/462541677_2187167114992687_1532280435578110612_n.jpg\"\n               data-thumbnail=\"http:\/\/przedszkoletworkow.pl\/wp-content\/gallery\/den\/thumbs\/thumbs_462541677_2187167114992687_1532280435578110612_n.jpg\"\n               data-image-id=\"6909\"\n               data-title=\"462541677_2187167114992687_1532280435578110612_n\"\n               data-description=\"\"\n               data-image-slug=\"462541677_2187167114992687_1532280435578110612_n\"\n               class=\"ngg-simplelightbox\" rel=\"449061623d408f25364cc2c1ac61c223\">\n                <img\n                    title=\"462541677_2187167114992687_1532280435578110612_n\"\n                    alt=\"462541677_2187167114992687_1532280435578110612_n\"\n                    src=\"http:\/\/przedszkoletworkow.pl\/wp-content\/gallery\/den\/thumbs\/thumbs_462541677_2187167114992687_1532280435578110612_n.jpg\"\n                    width=\"240\"\n                    height=\"160\"\n                    style=\"max-width:100%;\"\n                \/>\n            <\/a>\n        <\/div>\n\t\t\t\t\t\t\t<\/div> \n\t\t\t\n\t\t\t\t<div id=\"ngg-image-2\" class=\"ngg-gallery-thumbnail-box \" >\n\t\t\t\t        <div class=\"ngg-gallery-thumbnail\">\n            <a href=\"http:\/\/przedszkoletworkow.pl\/wp-content\/gallery\/den\/462549565_538017572148076_8018559788035787935_n.jpg\"\n               title=\"\"\n               data-src=\"http:\/\/przedszkoletworkow.pl\/wp-content\/gallery\/den\/462549565_538017572148076_8018559788035787935_n.jpg\"\n               data-thumbnail=\"http:\/\/przedszkoletworkow.pl\/wp-content\/gallery\/den\/thumbs\/thumbs_462549565_538017572148076_8018559788035787935_n.jpg\"\n               data-image-id=\"6910\"\n               data-title=\"462549565_538017572148076_8018559788035787935_n\"\n               data-description=\"\"\n               data-image-slug=\"462549565_538017572148076_8018559788035787935_n\"\n               class=\"ngg-simplelightbox\" rel=\"449061623d408f25364cc2c1ac61c223\">\n                <img\n                    title=\"462549565_538017572148076_8018559788035787935_n\"\n                    alt=\"462549565_538017572148076_8018559788035787935_n\"\n                    src=\"http:\/\/przedszkoletworkow.pl\/wp-content\/gallery\/den\/thumbs\/thumbs_462549565_538017572148076_8018559788035787935_n.jpg\"\n                    width=\"240\"\n                    height=\"160\"\n                    style=\"max-width:100%;\"\n                \/>\n            <\/a>\n        <\/div>\n\t\t\t\t\t\t\t<\/div> \n\t\t\t\n\t\t\t\t<div id=\"ngg-image-3\" class=\"ngg-gallery-thumbnail-box \" >\n\t\t\t\t        <div class=\"ngg-gallery-thumbnail\">\n            <a href=\"http:\/\/przedszkoletworkow.pl\/wp-content\/gallery\/den\/462536789_3744277665887651_1816700495481158608_n.jpg\"\n               title=\"\"\n               data-src=\"http:\/\/przedszkoletworkow.pl\/wp-content\/gallery\/den\/462536789_3744277665887651_1816700495481158608_n.jpg\"\n               data-thumbnail=\"http:\/\/przedszkoletworkow.pl\/wp-content\/gallery\/den\/thumbs\/thumbs_462536789_3744277665887651_1816700495481158608_n.jpg\"\n               data-image-id=\"6911\"\n               data-title=\"462536789_3744277665887651_1816700495481158608_n\"\n               data-description=\"\"\n               data-image-slug=\"462536789_3744277665887651_1816700495481158608_n\"\n               class=\"ngg-simplelightbox\" rel=\"449061623d408f25364cc2c1ac61c223\">\n                <img\n                    title=\"462536789_3744277665887651_1816700495481158608_n\"\n                    alt=\"462536789_3744277665887651_1816700495481158608_n\"\n                    src=\"http:\/\/przedszkoletworkow.pl\/wp-content\/gallery\/den\/thumbs\/thumbs_462536789_3744277665887651_1816700495481158608_n.jpg\"\n                    width=\"240\"\n                    height=\"160\"\n                    style=\"max-width:100%;\"\n                \/>\n            <\/a>\n        <\/div>\n\t\t\t\t\t\t\t<\/div> \n\t\t\t\n\t\t\t\t<div id=\"ngg-image-4\" class=\"ngg-gallery-thumbnail-box \" >\n\t\t\t\t        <div class=\"ngg-gallery-thumbnail\">\n            <a href=\"http:\/\/przedszkoletworkow.pl\/wp-content\/gallery\/den\/DSC_6708.jpg\"\n               title=\"\"\n               data-src=\"http:\/\/przedszkoletworkow.pl\/wp-content\/gallery\/den\/DSC_6708.jpg\"\n               data-thumbnail=\"http:\/\/przedszkoletworkow.pl\/wp-content\/gallery\/den\/thumbs\/thumbs_DSC_6708.jpg\"\n               data-image-id=\"6912\"\n               data-title=\"DSC_6708\"\n               data-description=\"\"\n               data-image-slug=\"dsc_6708\"\n               class=\"ngg-simplelightbox\" rel=\"449061623d408f25364cc2c1ac61c223\">\n                <img\n                    title=\"DSC_6708\"\n                    alt=\"DSC_6708\"\n                    src=\"http:\/\/przedszkoletworkow.pl\/wp-content\/gallery\/den\/thumbs\/thumbs_DSC_6708.jpg\"\n                    width=\"240\"\n                    height=\"160\"\n                    style=\"max-width:100%;\"\n                \/>\n            <\/a>\n        <\/div>\n\t\t\t\t\t\t\t<\/div> \n\t\t\t\n\t\t\t\t<div id=\"ngg-image-5\" class=\"ngg-gallery-thumbnail-box \" >\n\t\t\t\t        <div class=\"ngg-gallery-thumbnail\">\n            <a href=\"http:\/\/przedszkoletworkow.pl\/wp-content\/gallery\/den\/DSC_6812.jpg\"\n               title=\"\"\n               data-src=\"http:\/\/przedszkoletworkow.pl\/wp-content\/gallery\/den\/DSC_6812.jpg\"\n               data-thumbnail=\"http:\/\/przedszkoletworkow.pl\/wp-content\/gallery\/den\/thumbs\/thumbs_DSC_6812.jpg\"\n               data-image-id=\"6913\"\n               data-title=\"DSC_6812\"\n               data-description=\"\"\n               data-image-slug=\"dsc_6812\"\n               class=\"ngg-simplelightbox\" rel=\"449061623d408f25364cc2c1ac61c223\">\n                <img\n                    title=\"DSC_6812\"\n                    alt=\"DSC_6812\"\n                    src=\"http:\/\/przedszkoletworkow.pl\/wp-content\/gallery\/den\/thumbs\/thumbs_DSC_6812.jpg\"\n                    width=\"240\"\n                    height=\"160\"\n                    style=\"max-width:100%;\"\n                \/>\n            <\/a>\n        <\/div>\n\t\t\t\t\t\t\t<\/div> \n\t\t\t\n\t\n\t<br style=\"clear: both\" \/>\n\n\t\n\t\t<!-- Pagination -->\n\t<div class='ngg-clear'><\/div>\t<\/div>\n\n","protected":false},"excerpt":{"rendered":"<p>Dzie\u0144 Edukacji Narodowej &#8211; to wyj\u0105tkowe \u015bwi\u0119to dla pracownik\u00f3w o\u015bwiaty, o kt\u00f3rym nie zapomnia\u0142y r\u00f3wnie\u017c dzieci naszego przedszkola. Dzieci oraz przedstawiciele Rady Rodzic\u00f3w podzi\u0119kowa\u0142y Paniom i wszystkim Pracownikom Przedszkola za codzienn\u0105 trosk\u0119 i serce w\u0142o\u017cone w ich nauczanie i wychowanie. Tego dnia pad\u0142o wiele ciep\u0142ych s\u0142\u00f3w oraz \u017cycze\u0144, dzi\u0119ki czemu [&hellip;]<\/p>\n","protected":false},"author":2,"featured_media":11006,"comment_status":"open","ping_status":"open","sticky":false,"template":"","format":"standard","meta":{"ngg_post_thumbnail":0,"footnotes":""},"categories":[1],"tags":[],"class_list":["post-10998","post","type-post","status-publish","format-standard","has-post-thumbnail","hentry","category-bez-kategorii"],"_links":{"self":[{"href":"http:\/\/przedszkoletworkow.pl\/index.php?rest_route=\/wp\/v2\/posts\/10998","targetHints":{"allow":["GET"]}}],"collection":[{"href":"http:\/\/przedszkoletworkow.pl\/index.php?rest_route=\/wp\/v2\/posts"}],"about":[{"href":"http:\/\/przedszkoletworkow.pl\/index.php?rest_route=\/wp\/v2\/types\/post"}],"author":[{"embeddable":true,"href":"http:\/\/przedszkoletworkow.pl\/index.php?rest_route=\/wp\/v2\/users\/2"}],"replies":[{"embeddable":true,"href":"http:\/\/przedszkoletworkow.pl\/index.php?rest_route=%2Fwp%2Fv2%2Fcomments&post=10998"}],"version-history":[{"count":1,"href":"http:\/\/przedszkoletworkow.pl\/index.php?rest_route=\/wp\/v2\/posts\/10998\/revisions"}],"predecessor-version":[{"id":11007,"href":"http:\/\/przedszkoletworkow.pl\/index.php?rest_route=\/wp\/v2\/posts\/10998\/revisions\/11007"}],"wp:featuredmedia":[{"embeddable":true,"href":"http:\/\/przedszkoletworkow.pl\/index.php?rest_route=\/wp\/v2\/media\/11006"}],"wp:attachment":[{"href":"http:\/\/przedszkoletworkow.pl\/index.php?rest_route=%2Fwp%2Fv2%2Fmedia&parent=10998"}],"wp:term":[{"taxonomy":"category","embeddable":true,"href":"http:\/\/przedszkoletworkow.pl\/index.php?rest_route=%2Fwp%2Fv2%2Fcategories&post=10998"},{"taxonomy":"post_tag","embeddable":true,"href":"http:\/\/przedszkoletworkow.pl\/index.php?rest_route=%2Fwp%2Fv2%2Ftags&post=10998"}],"curies":[{"name":"wp","href":"https:\/\/api.w.org\/{rel}","templated":true}]}}