{"id":10962,"date":"2024-10-10T16:42:44","date_gmt":"2024-10-10T14:42:44","guid":{"rendered":"http:\/\/przedszkoletworkow.pl\/?p=10962"},"modified":"2024-10-13T16:46:57","modified_gmt":"2024-10-13T14:46:57","slug":"jesienne-prace-plastyczne","status":"publish","type":"post","link":"http:\/\/przedszkoletworkow.pl\/?p=10962","title":{"rendered":"Jesienne prace plastyczne"},"content":{"rendered":"<p>Jesie\u0144 to magiczna i pe\u0142na kolor\u00f3w pora roku, kt\u00f3ra inspiruje ma\u0142ych artyst\u00f3w do tworzenia barwnych i ciekawych prac plastycznych. Dzieci z grupy Skrzaty razem z Pani\u0105 Bo\u017cen\u0105 i pani\u0105 Klaudi\u0105 wykona\u0142y&nbsp; pi\u0119kn\u0105 bi\u017cuteri\u0119 z dar\u00f3w jesieni<\/p>\n<!-- default-view.php -->\n<div\n\tclass=\"ngg-galleryoverview default-view \"\n\tid=\"ngg-gallery-d827399ebcb711ec61c3c49690158409-1\">\n\n\t\t<!-- Thumbnails -->\n\t\t\t\t<div id=\"ngg-image-0\" class=\"ngg-gallery-thumbnail-box \" >\n\t\t\t\t        <div class=\"ngg-gallery-thumbnail\">\n            <a href=\"http:\/\/przedszkoletworkow.pl\/wp-content\/gallery\/jesienne\/3d15bac1-f9e9-4ed9-a32c-1f2144939aa5.jpg\"\n               title=\"\"\n               data-src=\"http:\/\/przedszkoletworkow.pl\/wp-content\/gallery\/jesienne\/3d15bac1-f9e9-4ed9-a32c-1f2144939aa5.jpg\"\n               data-thumbnail=\"http:\/\/przedszkoletworkow.pl\/wp-content\/gallery\/jesienne\/thumbs\/thumbs_3d15bac1-f9e9-4ed9-a32c-1f2144939aa5.jpg\"\n               data-image-id=\"6884\"\n               data-title=\"3d15bac1-f9e9-4ed9-a32c-1f2144939aa5\"\n               data-description=\"\"\n               data-image-slug=\"3d15bac1-f9e9-4ed9-a32c-1f2144939aa5\"\n               class=\"ngg-simplelightbox\" rel=\"d827399ebcb711ec61c3c49690158409\">\n                <img\n                    title=\"3d15bac1-f9e9-4ed9-a32c-1f2144939aa5\"\n                    alt=\"3d15bac1-f9e9-4ed9-a32c-1f2144939aa5\"\n                    src=\"http:\/\/przedszkoletworkow.pl\/wp-content\/gallery\/jesienne\/thumbs\/thumbs_3d15bac1-f9e9-4ed9-a32c-1f2144939aa5.jpg\"\n                    width=\"240\"\n                    height=\"160\"\n                    style=\"max-width:100%;\"\n                \/>\n            <\/a>\n        <\/div>\n\t\t\t\t\t\t\t<\/div> \n\t\t\t\n\t\t\t\t<div id=\"ngg-image-1\" class=\"ngg-gallery-thumbnail-box \" >\n\t\t\t\t        <div class=\"ngg-gallery-thumbnail\">\n            <a href=\"http:\/\/przedszkoletworkow.pl\/wp-content\/gallery\/jesienne\/b8b4101d-9f44-4755-88d6-7eeac6c19611.jpg\"\n               title=\"\"\n               data-src=\"http:\/\/przedszkoletworkow.pl\/wp-content\/gallery\/jesienne\/b8b4101d-9f44-4755-88d6-7eeac6c19611.jpg\"\n               data-thumbnail=\"http:\/\/przedszkoletworkow.pl\/wp-content\/gallery\/jesienne\/thumbs\/thumbs_b8b4101d-9f44-4755-88d6-7eeac6c19611.jpg\"\n               data-image-id=\"6885\"\n               data-title=\"b8b4101d-9f44-4755-88d6-7eeac6c19611\"\n               data-description=\"\"\n               data-image-slug=\"b8b4101d-9f44-4755-88d6-7eeac6c19611\"\n               class=\"ngg-simplelightbox\" rel=\"d827399ebcb711ec61c3c49690158409\">\n                <img\n                    title=\"b8b4101d-9f44-4755-88d6-7eeac6c19611\"\n                    alt=\"b8b4101d-9f44-4755-88d6-7eeac6c19611\"\n                    src=\"http:\/\/przedszkoletworkow.pl\/wp-content\/gallery\/jesienne\/thumbs\/thumbs_b8b4101d-9f44-4755-88d6-7eeac6c19611.jpg\"\n                    width=\"240\"\n                    height=\"160\"\n                    style=\"max-width:100%;\"\n                \/>\n            <\/a>\n        <\/div>\n\t\t\t\t\t\t\t<\/div> \n\t\t\t\n\t\t\t\t<div id=\"ngg-image-2\" class=\"ngg-gallery-thumbnail-box \" >\n\t\t\t\t        <div class=\"ngg-gallery-thumbnail\">\n            <a href=\"http:\/\/przedszkoletworkow.pl\/wp-content\/gallery\/jesienne\/5ff67b9e-b047-4b34-b2f4-93353d5a4fd1.jpg\"\n               title=\"\"\n               data-src=\"http:\/\/przedszkoletworkow.pl\/wp-content\/gallery\/jesienne\/5ff67b9e-b047-4b34-b2f4-93353d5a4fd1.jpg\"\n               data-thumbnail=\"http:\/\/przedszkoletworkow.pl\/wp-content\/gallery\/jesienne\/thumbs\/thumbs_5ff67b9e-b047-4b34-b2f4-93353d5a4fd1.jpg\"\n               data-image-id=\"6886\"\n               data-title=\"5ff67b9e-b047-4b34-b2f4-93353d5a4fd1\"\n               data-description=\"\"\n               data-image-slug=\"5ff67b9e-b047-4b34-b2f4-93353d5a4fd1\"\n               class=\"ngg-simplelightbox\" rel=\"d827399ebcb711ec61c3c49690158409\">\n                <img\n                    title=\"5ff67b9e-b047-4b34-b2f4-93353d5a4fd1\"\n                    alt=\"5ff67b9e-b047-4b34-b2f4-93353d5a4fd1\"\n                    src=\"http:\/\/przedszkoletworkow.pl\/wp-content\/gallery\/jesienne\/thumbs\/thumbs_5ff67b9e-b047-4b34-b2f4-93353d5a4fd1.jpg\"\n                    width=\"240\"\n                    height=\"160\"\n                    style=\"max-width:100%;\"\n                \/>\n            <\/a>\n        <\/div>\n\t\t\t\t\t\t\t<\/div> \n\t\t\t\n\t\n\t<br style=\"clear: both\" \/>\n\n\t\n\t\t<!-- Pagination -->\n\t<div class='ngg-clear'><\/div>\t<\/div>\n\n","protected":false},"excerpt":{"rendered":"<p>Jesie\u0144 to magiczna i pe\u0142na kolor\u00f3w pora roku, kt\u00f3ra inspiruje ma\u0142ych artyst\u00f3w do tworzenia barwnych i ciekawych prac plastycznych. Dzieci z grupy Skrzaty razem z Pani\u0105 Bo\u017cen\u0105 i pani\u0105 Klaudi\u0105 wykona\u0142y&nbsp; pi\u0119kn\u0105 bi\u017cuteri\u0119 z dar\u00f3w jesieni<\/p>\n","protected":false},"author":2,"featured_media":10969,"comment_status":"open","ping_status":"open","sticky":false,"template":"","format":"standard","meta":{"ngg_post_thumbnail":0,"footnotes":""},"categories":[1],"tags":[],"class_list":["post-10962","post","type-post","status-publish","format-standard","has-post-thumbnail","hentry","category-bez-kategorii"],"_links":{"self":[{"href":"http:\/\/przedszkoletworkow.pl\/index.php?rest_route=\/wp\/v2\/posts\/10962","targetHints":{"allow":["GET"]}}],"collection":[{"href":"http:\/\/przedszkoletworkow.pl\/index.php?rest_route=\/wp\/v2\/posts"}],"about":[{"href":"http:\/\/przedszkoletworkow.pl\/index.php?rest_route=\/wp\/v2\/types\/post"}],"author":[{"embeddable":true,"href":"http:\/\/przedszkoletworkow.pl\/index.php?rest_route=\/wp\/v2\/users\/2"}],"replies":[{"embeddable":true,"href":"http:\/\/przedszkoletworkow.pl\/index.php?rest_route=%2Fwp%2Fv2%2Fcomments&post=10962"}],"version-history":[{"count":1,"href":"http:\/\/przedszkoletworkow.pl\/index.php?rest_route=\/wp\/v2\/posts\/10962\/revisions"}],"predecessor-version":[{"id":10971,"href":"http:\/\/przedszkoletworkow.pl\/index.php?rest_route=\/wp\/v2\/posts\/10962\/revisions\/10971"}],"wp:featuredmedia":[{"embeddable":true,"href":"http:\/\/przedszkoletworkow.pl\/index.php?rest_route=\/wp\/v2\/media\/10969"}],"wp:attachment":[{"href":"http:\/\/przedszkoletworkow.pl\/index.php?rest_route=%2Fwp%2Fv2%2Fmedia&parent=10962"}],"wp:term":[{"taxonomy":"category","embeddable":true,"href":"http:\/\/przedszkoletworkow.pl\/index.php?rest_route=%2Fwp%2Fv2%2Fcategories&post=10962"},{"taxonomy":"post_tag","embeddable":true,"href":"http:\/\/przedszkoletworkow.pl\/index.php?rest_route=%2Fwp%2Fv2%2Ftags&post=10962"}],"curies":[{"name":"wp","href":"https:\/\/api.w.org\/{rel}","templated":true}]}}