{"id":10800,"date":"2024-09-26T11:49:01","date_gmt":"2024-09-26T09:49:01","guid":{"rendered":"http:\/\/przedszkoletworkow.pl\/?p=10800"},"modified":"2024-09-26T11:49:01","modified_gmt":"2024-09-26T09:49:01","slug":"europejski-dzien-jezykow-obcych","status":"publish","type":"post","link":"http:\/\/przedszkoletworkow.pl\/?p=10800","title":{"rendered":"Europejski Dzie\u0144 J\u0119zyk\u00f3w Obcych"},"content":{"rendered":"<p><strong>26 wrze\u015bnia<\/strong>&nbsp;obchodzimy&nbsp;<strong>Europejski Dzie\u0144 J\u0119zyk\u00f3w<\/strong>. Wydarzenie to jest okazj\u0105 do popularyzowania wiedzy na temat r\u00f3\u017cnych j\u0119zyk\u00f3w u\u017cywanych w Europie, promowania r\u00f3\u017cnorodno\u015bci j\u0119zykowej i kulturowej oraz zach\u0119cania dzieci do nauki j\u0119zyk\u00f3w obcych. Dzieci z naszego przedszkola podczas obchod\u00f3w Europejskiego Dnia J\u0119zyk\u00f3w Obcych pozna\u0142y du\u017co ciekawostek o pa\u0144stwach europejskich. Na pocz\u0105tek dzieci przywita\u0142y si\u0119 z paniami s\u0142owami \u201edzie\u0144 dobry\u201d w kilku j\u0119zykach, utrwali\u0142y znajomo\u015b\u0107 kolor\u00f3w poznaj\u0105c flagi kraj\u00f3w naszego kontynentu a tak\u017ce odby\u0142a si\u0119 Zumba i nauka Ta\u0144c\u00f3w europejskich<\/p>\n<!-- default-view.php -->\n<div\n\tclass=\"ngg-galleryoverview default-view \"\n\tid=\"ngg-gallery-eb147b742b92687c12a7d022ad16de19-1\">\n\n\t\t<!-- Thumbnails -->\n\t\t\t\t<div id=\"ngg-image-0\" class=\"ngg-gallery-thumbnail-box \" >\n\t\t\t\t        <div class=\"ngg-gallery-thumbnail\">\n            <a href=\"http:\/\/przedszkoletworkow.pl\/wp-content\/gallery\/jez\/460625183_550354454099957_5589578511071331612_n.jpg\"\n               title=\"\"\n               data-src=\"http:\/\/przedszkoletworkow.pl\/wp-content\/gallery\/jez\/460625183_550354454099957_5589578511071331612_n.jpg\"\n               data-thumbnail=\"http:\/\/przedszkoletworkow.pl\/wp-content\/gallery\/jez\/thumbs\/thumbs_460625183_550354454099957_5589578511071331612_n.jpg\"\n               data-image-id=\"6766\"\n               data-title=\"460625183_550354454099957_5589578511071331612_n\"\n               data-description=\"\"\n               data-image-slug=\"460625183_550354454099957_5589578511071331612_n\"\n               class=\"ngg-simplelightbox\" rel=\"eb147b742b92687c12a7d022ad16de19\">\n                <img\n                    title=\"460625183_550354454099957_5589578511071331612_n\"\n                    alt=\"460625183_550354454099957_5589578511071331612_n\"\n                    src=\"http:\/\/przedszkoletworkow.pl\/wp-content\/gallery\/jez\/thumbs\/thumbs_460625183_550354454099957_5589578511071331612_n.jpg\"\n                    width=\"240\"\n                    height=\"160\"\n                    style=\"max-width:100%;\"\n                \/>\n            <\/a>\n        <\/div>\n\t\t\t\t\t\t\t<\/div> \n\t\t\t\n\t\t\t\t<div id=\"ngg-image-1\" class=\"ngg-gallery-thumbnail-box \" >\n\t\t\t\t        <div class=\"ngg-gallery-thumbnail\">\n            <a href=\"http:\/\/przedszkoletworkow.pl\/wp-content\/gallery\/jez\/460556438_874685427942375_4914240736809072415_n.jpg\"\n               title=\"\"\n               data-src=\"http:\/\/przedszkoletworkow.pl\/wp-content\/gallery\/jez\/460556438_874685427942375_4914240736809072415_n.jpg\"\n               data-thumbnail=\"http:\/\/przedszkoletworkow.pl\/wp-content\/gallery\/jez\/thumbs\/thumbs_460556438_874685427942375_4914240736809072415_n.jpg\"\n               data-image-id=\"6767\"\n               data-title=\"460556438_874685427942375_4914240736809072415_n\"\n               data-description=\"\"\n               data-image-slug=\"460556438_874685427942375_4914240736809072415_n\"\n               class=\"ngg-simplelightbox\" rel=\"eb147b742b92687c12a7d022ad16de19\">\n                <img\n                    title=\"460556438_874685427942375_4914240736809072415_n\"\n                    alt=\"460556438_874685427942375_4914240736809072415_n\"\n                    src=\"http:\/\/przedszkoletworkow.pl\/wp-content\/gallery\/jez\/thumbs\/thumbs_460556438_874685427942375_4914240736809072415_n.jpg\"\n                    width=\"240\"\n                    height=\"160\"\n                    style=\"max-width:100%;\"\n                \/>\n            <\/a>\n        <\/div>\n\t\t\t\t\t\t\t<\/div> \n\t\t\t\n\t\t\t\t<div id=\"ngg-image-2\" class=\"ngg-gallery-thumbnail-box \" >\n\t\t\t\t        <div class=\"ngg-gallery-thumbnail\">\n            <a href=\"http:\/\/przedszkoletworkow.pl\/wp-content\/gallery\/jez\/460598466_1213726813288068_6280792460040311808_n.jpg\"\n               title=\"\"\n               data-src=\"http:\/\/przedszkoletworkow.pl\/wp-content\/gallery\/jez\/460598466_1213726813288068_6280792460040311808_n.jpg\"\n               data-thumbnail=\"http:\/\/przedszkoletworkow.pl\/wp-content\/gallery\/jez\/thumbs\/thumbs_460598466_1213726813288068_6280792460040311808_n.jpg\"\n               data-image-id=\"6768\"\n               data-title=\"460598466_1213726813288068_6280792460040311808_n\"\n               data-description=\"\"\n               data-image-slug=\"460598466_1213726813288068_6280792460040311808_n\"\n               class=\"ngg-simplelightbox\" rel=\"eb147b742b92687c12a7d022ad16de19\">\n                <img\n                    title=\"460598466_1213726813288068_6280792460040311808_n\"\n                    alt=\"460598466_1213726813288068_6280792460040311808_n\"\n                    src=\"http:\/\/przedszkoletworkow.pl\/wp-content\/gallery\/jez\/thumbs\/thumbs_460598466_1213726813288068_6280792460040311808_n.jpg\"\n                    width=\"240\"\n                    height=\"160\"\n                    style=\"max-width:100%;\"\n                \/>\n            <\/a>\n        <\/div>\n\t\t\t\t\t\t\t<\/div> \n\t\t\t\n\t\t\t\t<div id=\"ngg-image-3\" class=\"ngg-gallery-thumbnail-box \" >\n\t\t\t\t        <div class=\"ngg-gallery-thumbnail\">\n            <a href=\"http:\/\/przedszkoletworkow.pl\/wp-content\/gallery\/jez\/460535294_547148701120905_6441156427727324222_n.jpg\"\n               title=\"\"\n               data-src=\"http:\/\/przedszkoletworkow.pl\/wp-content\/gallery\/jez\/460535294_547148701120905_6441156427727324222_n.jpg\"\n               data-thumbnail=\"http:\/\/przedszkoletworkow.pl\/wp-content\/gallery\/jez\/thumbs\/thumbs_460535294_547148701120905_6441156427727324222_n.jpg\"\n               data-image-id=\"6769\"\n               data-title=\"460535294_547148701120905_6441156427727324222_n\"\n               data-description=\"\"\n               data-image-slug=\"460535294_547148701120905_6441156427727324222_n\"\n               class=\"ngg-simplelightbox\" rel=\"eb147b742b92687c12a7d022ad16de19\">\n                <img\n                    title=\"460535294_547148701120905_6441156427727324222_n\"\n                    alt=\"460535294_547148701120905_6441156427727324222_n\"\n                    src=\"http:\/\/przedszkoletworkow.pl\/wp-content\/gallery\/jez\/thumbs\/thumbs_460535294_547148701120905_6441156427727324222_n.jpg\"\n                    width=\"240\"\n                    height=\"160\"\n                    style=\"max-width:100%;\"\n                \/>\n            <\/a>\n        <\/div>\n\t\t\t\t\t\t\t<\/div> \n\t\t\t\n\t\t\t\t<div id=\"ngg-image-4\" class=\"ngg-gallery-thumbnail-box \" >\n\t\t\t\t        <div class=\"ngg-gallery-thumbnail\">\n            <a href=\"http:\/\/przedszkoletworkow.pl\/wp-content\/gallery\/jez\/460307361_2472049906518948_8346408219634853893_n.jpg\"\n               title=\"\"\n               data-src=\"http:\/\/przedszkoletworkow.pl\/wp-content\/gallery\/jez\/460307361_2472049906518948_8346408219634853893_n.jpg\"\n               data-thumbnail=\"http:\/\/przedszkoletworkow.pl\/wp-content\/gallery\/jez\/thumbs\/thumbs_460307361_2472049906518948_8346408219634853893_n.jpg\"\n               data-image-id=\"6770\"\n               data-title=\"460307361_2472049906518948_8346408219634853893_n\"\n               data-description=\"\"\n               data-image-slug=\"460307361_2472049906518948_8346408219634853893_n\"\n               class=\"ngg-simplelightbox\" rel=\"eb147b742b92687c12a7d022ad16de19\">\n                <img\n                    title=\"460307361_2472049906518948_8346408219634853893_n\"\n                    alt=\"460307361_2472049906518948_8346408219634853893_n\"\n                    src=\"http:\/\/przedszkoletworkow.pl\/wp-content\/gallery\/jez\/thumbs\/thumbs_460307361_2472049906518948_8346408219634853893_n.jpg\"\n                    width=\"240\"\n                    height=\"160\"\n                    style=\"max-width:100%;\"\n                \/>\n            <\/a>\n        <\/div>\n\t\t\t\t\t\t\t<\/div> \n\t\t\t\n\t\n\t<br style=\"clear: both\" \/>\n\n\t\n\t\t<!-- Pagination -->\n\t<div class='ngg-clear'><\/div>\t<\/div>\n\n","protected":false},"excerpt":{"rendered":"<p>26 wrze\u015bnia&nbsp;obchodzimy&nbsp;Europejski Dzie\u0144 J\u0119zyk\u00f3w. Wydarzenie to jest okazj\u0105 do popularyzowania wiedzy na temat r\u00f3\u017cnych j\u0119zyk\u00f3w u\u017cywanych w Europie, promowania r\u00f3\u017cnorodno\u015bci j\u0119zykowej i kulturowej oraz zach\u0119cania dzieci do nauki j\u0119zyk\u00f3w obcych. Dzieci z naszego przedszkola podczas obchod\u00f3w Europejskiego Dnia J\u0119zyk\u00f3w Obcych pozna\u0142y du\u017co ciekawostek o pa\u0144stwach europejskich. Na pocz\u0105tek dzieci przywita\u0142y [&hellip;]<\/p>\n","protected":false},"author":2,"featured_media":10807,"comment_status":"open","ping_status":"open","sticky":false,"template":"","format":"standard","meta":{"ngg_post_thumbnail":0,"footnotes":""},"categories":[1],"tags":[],"class_list":["post-10800","post","type-post","status-publish","format-standard","has-post-thumbnail","hentry","category-bez-kategorii"],"_links":{"self":[{"href":"http:\/\/przedszkoletworkow.pl\/index.php?rest_route=\/wp\/v2\/posts\/10800","targetHints":{"allow":["GET"]}}],"collection":[{"href":"http:\/\/przedszkoletworkow.pl\/index.php?rest_route=\/wp\/v2\/posts"}],"about":[{"href":"http:\/\/przedszkoletworkow.pl\/index.php?rest_route=\/wp\/v2\/types\/post"}],"author":[{"embeddable":true,"href":"http:\/\/przedszkoletworkow.pl\/index.php?rest_route=\/wp\/v2\/users\/2"}],"replies":[{"embeddable":true,"href":"http:\/\/przedszkoletworkow.pl\/index.php?rest_route=%2Fwp%2Fv2%2Fcomments&post=10800"}],"version-history":[{"count":1,"href":"http:\/\/przedszkoletworkow.pl\/index.php?rest_route=\/wp\/v2\/posts\/10800\/revisions"}],"predecessor-version":[{"id":10808,"href":"http:\/\/przedszkoletworkow.pl\/index.php?rest_route=\/wp\/v2\/posts\/10800\/revisions\/10808"}],"wp:featuredmedia":[{"embeddable":true,"href":"http:\/\/przedszkoletworkow.pl\/index.php?rest_route=\/wp\/v2\/media\/10807"}],"wp:attachment":[{"href":"http:\/\/przedszkoletworkow.pl\/index.php?rest_route=%2Fwp%2Fv2%2Fmedia&parent=10800"}],"wp:term":[{"taxonomy":"category","embeddable":true,"href":"http:\/\/przedszkoletworkow.pl\/index.php?rest_route=%2Fwp%2Fv2%2Fcategories&post=10800"},{"taxonomy":"post_tag","embeddable":true,"href":"http:\/\/przedszkoletworkow.pl\/index.php?rest_route=%2Fwp%2Fv2%2Ftags&post=10800"}],"curies":[{"name":"wp","href":"https:\/\/api.w.org\/{rel}","templated":true}]}}