{"id":10698,"date":"2024-09-19T11:53:05","date_gmt":"2024-09-19T09:53:05","guid":{"rendered":"http:\/\/przedszkoletworkow.pl\/?p=10698"},"modified":"2024-09-20T12:31:00","modified_gmt":"2024-09-20T10:31:00","slug":"witamy-w-przedszkolu","status":"publish","type":"post","link":"http:\/\/przedszkoletworkow.pl\/?p=10698","title":{"rendered":"WITAMY W PRZEDSZKOLU"},"content":{"rendered":"<pre><span style=\"font-family: 'comic sans ms', sans-serif;\"><strong>Witamy po wakacjach<\/strong><\/span>\r\n\r\n<span style=\"font-family: 'comic sans ms', sans-serif;\"><strong>&nbsp;&nbsp; Serdecznie witamy naszych przedszkolak\u00f3w i ich rodzic\u00f3w po wakacyjnej przerwie. Mamy nadzieje, \u017ce wypocz\u0119ci i z u\u015bmiechem na twarzy wracacie w nasze przedszkolne progi.<\/strong><\/span>\r\n<span style=\"font-family: 'comic sans ms', sans-serif;\"><strong>Szczeg\u00f3lnie ciep\u0142o witamy naszych nowych podopiecznych, kt\u00f3rym \u017cyczymy szybkiej adaptacji oraz nawi\u0105zania wspania\u0142ych znajomo\u015bci. Wszystkim cz\u0142onkom naszej przedszkolnej spo\u0142eczno\u015bci \u017cyczymy du\u017co rado\u015bci, s\u0142o\u0144ca oraz wielu sukces\u00f3w w rozpoczynaj\u0105cym si\u0119 roku szkolnym.<\/strong><\/span><\/pre>\n","protected":false},"excerpt":{"rendered":"<p>Witamy po wakacjach &nbsp;&nbsp; Serdecznie witamy naszych przedszkolak\u00f3w i ich rodzic\u00f3w po wakacyjnej przerwie. Mamy nadzieje, \u017ce wypocz\u0119ci i z u\u015bmiechem na twarzy wracacie w nasze przedszkolne progi. Szczeg\u00f3lnie ciep\u0142o witamy naszych nowych podopiecznych, kt\u00f3rym \u017cyczymy szybkiej adaptacji oraz nawi\u0105zania wspania\u0142ych znajomo\u015bci. Wszystkim cz\u0142onkom naszej przedszkolnej spo\u0142eczno\u015bci \u017cyczymy du\u017co rado\u015bci, [&hellip;]<\/p>\n","protected":false},"author":2,"featured_media":10701,"comment_status":"open","ping_status":"open","sticky":false,"template":"","format":"standard","meta":{"ngg_post_thumbnail":0,"footnotes":""},"categories":[1],"tags":[],"class_list":["post-10698","post","type-post","status-publish","format-standard","has-post-thumbnail","hentry","category-bez-kategorii"],"_links":{"self":[{"href":"http:\/\/przedszkoletworkow.pl\/index.php?rest_route=\/wp\/v2\/posts\/10698","targetHints":{"allow":["GET"]}}],"collection":[{"href":"http:\/\/przedszkoletworkow.pl\/index.php?rest_route=\/wp\/v2\/posts"}],"about":[{"href":"http:\/\/przedszkoletworkow.pl\/index.php?rest_route=\/wp\/v2\/types\/post"}],"author":[{"embeddable":true,"href":"http:\/\/przedszkoletworkow.pl\/index.php?rest_route=\/wp\/v2\/users\/2"}],"replies":[{"embeddable":true,"href":"http:\/\/przedszkoletworkow.pl\/index.php?rest_route=%2Fwp%2Fv2%2Fcomments&post=10698"}],"version-history":[{"count":1,"href":"http:\/\/przedszkoletworkow.pl\/index.php?rest_route=\/wp\/v2\/posts\/10698\/revisions"}],"predecessor-version":[{"id":10699,"href":"http:\/\/przedszkoletworkow.pl\/index.php?rest_route=\/wp\/v2\/posts\/10698\/revisions\/10699"}],"wp:featuredmedia":[{"embeddable":true,"href":"http:\/\/przedszkoletworkow.pl\/index.php?rest_route=\/wp\/v2\/media\/10701"}],"wp:attachment":[{"href":"http:\/\/przedszkoletworkow.pl\/index.php?rest_route=%2Fwp%2Fv2%2Fmedia&parent=10698"}],"wp:term":[{"taxonomy":"category","embeddable":true,"href":"http:\/\/przedszkoletworkow.pl\/index.php?rest_route=%2Fwp%2Fv2%2Fcategories&post=10698"},{"taxonomy":"post_tag","embeddable":true,"href":"http:\/\/przedszkoletworkow.pl\/index.php?rest_route=%2Fwp%2Fv2%2Ftags&post=10698"}],"curies":[{"name":"wp","href":"https:\/\/api.w.org\/{rel}","templated":true}]}}