{"id":10692,"date":"2024-06-27T18:07:26","date_gmt":"2024-06-27T16:07:26","guid":{"rendered":"http:\/\/przedszkoletworkow.pl\/?p=10692"},"modified":"2024-06-27T18:07:26","modified_gmt":"2024-06-27T16:07:26","slug":"zyczymy-udanych-wakacji","status":"publish","type":"post","link":"http:\/\/przedszkoletworkow.pl\/?p=10692","title":{"rendered":"\u017byczymy Udanych Wakacji"},"content":{"rendered":"<p style=\"text-align: center;\">Naszym podopiecznym oraz rodzicom<\/p>\n<p style=\"text-align: center;\">\u017cyczymy&nbsp;fantastycznego,&nbsp;pe\u0142nego&nbsp;przyg\u00f3d&nbsp;i&nbsp;wypoczynku&nbsp;czasu!<\/p>\n<p style=\"text-align: center;\"><span lang=\"en-US\">Niech&nbsp;te&nbsp;wakacje&nbsp;b\u0119d\u0105&nbsp;dla&nbsp;Was&nbsp;niezapomniane.&nbsp;<\/span>&nbsp;<\/p>\n<p><img loading=\"lazy\" decoding=\"async\" class=\"wp-image-10693 aligncenter\" src=\"http:\/\/przedszkoletworkow.pl\/wp-content\/uploads\/2024\/06\/448917921_1544797142764903_2753146082163035996_n-300x135.jpg\" alt=\"\" width=\"371\" height=\"167\" srcset=\"http:\/\/przedszkoletworkow.pl\/wp-content\/uploads\/2024\/06\/448917921_1544797142764903_2753146082163035996_n-300x135.jpg 300w, http:\/\/przedszkoletworkow.pl\/wp-content\/uploads\/2024\/06\/448917921_1544797142764903_2753146082163035996_n-1024x461.jpg 1024w, http:\/\/przedszkoletworkow.pl\/wp-content\/uploads\/2024\/06\/448917921_1544797142764903_2753146082163035996_n-768x346.jpg 768w, http:\/\/przedszkoletworkow.pl\/wp-content\/uploads\/2024\/06\/448917921_1544797142764903_2753146082163035996_n-1536x691.jpg 1536w, http:\/\/przedszkoletworkow.pl\/wp-content\/uploads\/2024\/06\/448917921_1544797142764903_2753146082163035996_n.jpg 2000w\" sizes=\"auto, (max-width: 371px) 100vw, 371px\" \/><\/p>\n<p style=\"text-align: center;\">Wierzymy, \u017ce wszyscy spotkamy si\u0119 zdrowi, wypocz\u0119ci, opaleni i w doskona\u0142ych humorach w nowym roku przedszkolnym.<br \/>\n\u017byczymy wszystkim dzieciom, rodzicom, nauczycielom i pracownikom, by nadchodz\u0105ce wakacje by\u0142y spokojne i pe\u0142ne niezapomnianych wra\u017ce\u0144.<\/p>\n<p style=\"text-align: center;\">Dzi\u0119kujemy za ca\u0142y rok przedszkolny 2023\/2024.<\/p>\n<p style=\"text-align: center;\">Przedszkole i \u017b\u0142obek w Tworkowie<\/p>\n","protected":false},"excerpt":{"rendered":"<p>Naszym podopiecznym oraz rodzicom \u017cyczymy&nbsp;fantastycznego,&nbsp;pe\u0142nego&nbsp;przyg\u00f3d&nbsp;i&nbsp;wypoczynku&nbsp;czasu! Niech&nbsp;te&nbsp;wakacje&nbsp;b\u0119d\u0105&nbsp;dla&nbsp;Was&nbsp;niezapomniane.&nbsp;&nbsp; Wierzymy, \u017ce wszyscy spotkamy si\u0119 zdrowi, wypocz\u0119ci, opaleni i w doskona\u0142ych humorach w nowym roku przedszkolnym. \u017byczymy wszystkim dzieciom, rodzicom, nauczycielom i pracownikom, by nadchodz\u0105ce wakacje by\u0142y spokojne i pe\u0142ne niezapomnianych wra\u017ce\u0144. Dzi\u0119kujemy za ca\u0142y rok przedszkolny 2023\/2024. Przedszkole i \u017b\u0142obek w Tworkowie<\/p>\n","protected":false},"author":2,"featured_media":10694,"comment_status":"open","ping_status":"open","sticky":false,"template":"","format":"standard","meta":{"ngg_post_thumbnail":0,"footnotes":""},"categories":[1],"tags":[],"class_list":["post-10692","post","type-post","status-publish","format-standard","has-post-thumbnail","hentry","category-bez-kategorii"],"_links":{"self":[{"href":"http:\/\/przedszkoletworkow.pl\/index.php?rest_route=\/wp\/v2\/posts\/10692","targetHints":{"allow":["GET"]}}],"collection":[{"href":"http:\/\/przedszkoletworkow.pl\/index.php?rest_route=\/wp\/v2\/posts"}],"about":[{"href":"http:\/\/przedszkoletworkow.pl\/index.php?rest_route=\/wp\/v2\/types\/post"}],"author":[{"embeddable":true,"href":"http:\/\/przedszkoletworkow.pl\/index.php?rest_route=\/wp\/v2\/users\/2"}],"replies":[{"embeddable":true,"href":"http:\/\/przedszkoletworkow.pl\/index.php?rest_route=%2Fwp%2Fv2%2Fcomments&post=10692"}],"version-history":[{"count":1,"href":"http:\/\/przedszkoletworkow.pl\/index.php?rest_route=\/wp\/v2\/posts\/10692\/revisions"}],"predecessor-version":[{"id":10695,"href":"http:\/\/przedszkoletworkow.pl\/index.php?rest_route=\/wp\/v2\/posts\/10692\/revisions\/10695"}],"wp:featuredmedia":[{"embeddable":true,"href":"http:\/\/przedszkoletworkow.pl\/index.php?rest_route=\/wp\/v2\/media\/10694"}],"wp:attachment":[{"href":"http:\/\/przedszkoletworkow.pl\/index.php?rest_route=%2Fwp%2Fv2%2Fmedia&parent=10692"}],"wp:term":[{"taxonomy":"category","embeddable":true,"href":"http:\/\/przedszkoletworkow.pl\/index.php?rest_route=%2Fwp%2Fv2%2Fcategories&post=10692"},{"taxonomy":"post_tag","embeddable":true,"href":"http:\/\/przedszkoletworkow.pl\/index.php?rest_route=%2Fwp%2Fv2%2Ftags&post=10692"}],"curies":[{"name":"wp","href":"https:\/\/api.w.org\/{rel}","templated":true}]}}